{"id":114970,"date":"2013-10-07T00:14:17","date_gmt":"2013-10-07T00:14:17","guid":{"rendered":"http:\/\/www.fuldaer-nachrichten.de\/?p=114970"},"modified":"2013-10-07T05:42:32","modified_gmt":"2013-10-07T05:42:32","slug":"vortrag-im-kloster-frauenberg-5","status":"publish","type":"post","link":"https:\/\/www.fuldaernachrichten.de\/?p=114970","title":{"rendered":"Vortrag im Kloster Frauenberg"},"content":{"rendered":"<p>Fulda (bpf). Ein Vortrag im Kloster Frauenberg befasst sich am Mittwoch, 9. Oktober, unter der \u00dcberschrift \u201eDas Evangelium \u2013 Programm eines wirklichen Lebens\u201c mit dem Leben in aller F\u00fclle in Bezug auf die Menschwerdung Gottes. Referent ist Pater Dr. Sigfrid Kl\u00f6ckner OFM. Beginn ist um 19.30 Uhr, Ort das G\u00e4stehaus. Informationen (und gegebenenfalls Anmeldung) bei Pater Kl\u00f6ckner, Am Frauenberg 1, Tel. 0661\/1095-44, E-Mail: sigfrid.kloeckner@franziskaner.de.<\/p>\n","protected":false},"excerpt":{"rendered":"<div class=\"tmnf_excerpt\"><p>Fulda (bpf). Ein Vortrag im Kloster Frauenberg befasst sich am Mittwoch, 9. Oktober, unter der \u00dcberschrift \u201eDas Evangelium \u2013 Programm eines wirklichen Lebens\u201c mit dem Leben in aller F\u00fclle in Bezug auf die Menschwerdung Gottes. Referent ist Pater Dr. Sigfrid Kl\u00f6ckner OFM. Beginn ist um 19.30 Uhr, Ort das G\u00e4stehaus. Informationen (und gegebenenfalls Anmeldung) bei &hellip;<\/p>\n<\/div>","protected":false},"author":1,"featured_media":0,"comment_status":"closed","ping_status":"closed","sticky":false,"template":"","format":"standard","meta":{"footnotes":""},"categories":[1],"tags":[],"class_list":["post-114970","post","type-post","status-publish","format-standard","hentry","category-startseite"],"_links":{"self":[{"href":"https:\/\/www.fuldaernachrichten.de\/index.php?rest_route=\/wp\/v2\/posts\/114970","targetHints":{"allow":["GET"]}}],"collection":[{"href":"https:\/\/www.fuldaernachrichten.de\/index.php?rest_route=\/wp\/v2\/posts"}],"about":[{"href":"https:\/\/www.fuldaernachrichten.de\/index.php?rest_route=\/wp\/v2\/types\/post"}],"author":[{"embeddable":true,"href":"https:\/\/www.fuldaernachrichten.de\/index.php?rest_route=\/wp\/v2\/users\/1"}],"replies":[{"embeddable":true,"href":"https:\/\/www.fuldaernachrichten.de\/index.php?rest_route=%2Fwp%2Fv2%2Fcomments&post=114970"}],"version-history":[{"count":1,"href":"https:\/\/www.fuldaernachrichten.de\/index.php?rest_route=\/wp\/v2\/posts\/114970\/revisions"}],"predecessor-version":[{"id":114971,"href":"https:\/\/www.fuldaernachrichten.de\/index.php?rest_route=\/wp\/v2\/posts\/114970\/revisions\/114971"}],"wp:attachment":[{"href":"https:\/\/www.fuldaernachrichten.de\/index.php?rest_route=%2Fwp%2Fv2%2Fmedia&parent=114970"}],"wp:term":[{"taxonomy":"category","embeddable":true,"href":"https:\/\/www.fuldaernachrichten.de\/index.php?rest_route=%2Fwp%2Fv2%2Fcategories&post=114970"},{"taxonomy":"post_tag","embeddable":true,"href":"https:\/\/www.fuldaernachrichten.de\/index.php?rest_route=%2Fwp%2Fv2%2Ftags&post=114970"}],"curies":[{"name":"wp","href":"https:\/\/api.w.org\/{rel}","templated":true}]}}