{"id":114968,"date":"2013-10-07T00:14:47","date_gmt":"2013-10-07T00:14:47","guid":{"rendered":"http:\/\/www.fuldaer-nachrichten.de\/?p=114968"},"modified":"2013-10-07T05:42:09","modified_gmt":"2013-10-07T05:42:09","slug":"konflikt-und-selbstbehauptungstraining-fuer-jungen","status":"publish","type":"post","link":"https:\/\/www.fuldaernachrichten.de\/?p=114968","title":{"rendered":"Konflikt- und Selbstbehauptungstraining f\u00fcr Jungen"},"content":{"rendered":"<p>Fulda (cp). Unter dem Thema \u201eSt\u00e4rke ohne F\u00e4uste\u201c veranstaltet das Jugendbildungswerk der Stadt Fulda am Samstag und Sonntag, den 16. und 17. November 2013 ein Konflikt- und Selbstbehauptungstraining f\u00fcr Jungen im Alter von 10 bis 12 Jahren. Unter der fachlichen Anleitung eines ausgebildeten Trainers werden \u00dcbungen f\u00fcr ein gutes Selbstwertgef\u00fchl, K\u00f6rper\u00fcbungen zur St\u00e4rkung der eigenen Sicherheit bei Bedrohung sowie Experimente f\u00fcr gewaltfreie und faire L\u00f6sungen im Streit durchgef\u00fchrt.\u00c2\u00a0 F\u00fcr interessierte Jungen stehen noch freie Pl\u00e4tze zur Verf\u00fcgung. Genauere Informationen erteilt Ulli Greb unter Tel. 0661\/1021990.<\/p>\n","protected":false},"excerpt":{"rendered":"<div class=\"tmnf_excerpt\"><p>Fulda (cp). Unter dem Thema \u201eSt\u00e4rke ohne F\u00e4uste\u201c veranstaltet das Jugendbildungswerk der Stadt Fulda am Samstag und Sonntag, den 16. und 17. November 2013 ein Konflikt- und Selbstbehauptungstraining f\u00fcr Jungen im Alter von 10 bis 12 Jahren. Unter der fachlichen Anleitung eines ausgebildeten Trainers werden \u00dcbungen f\u00fcr ein gutes Selbstwertgef\u00fchl, K\u00f6rper\u00fcbungen zur St\u00e4rkung der eigenen &hellip;<\/p>\n<\/div>","protected":false},"author":1,"featured_media":0,"comment_status":"closed","ping_status":"closed","sticky":false,"template":"","format":"standard","meta":{"footnotes":""},"categories":[1],"tags":[],"class_list":["post-114968","post","type-post","status-publish","format-standard","hentry","category-startseite"],"_links":{"self":[{"href":"https:\/\/www.fuldaernachrichten.de\/index.php?rest_route=\/wp\/v2\/posts\/114968","targetHints":{"allow":["GET"]}}],"collection":[{"href":"https:\/\/www.fuldaernachrichten.de\/index.php?rest_route=\/wp\/v2\/posts"}],"about":[{"href":"https:\/\/www.fuldaernachrichten.de\/index.php?rest_route=\/wp\/v2\/types\/post"}],"author":[{"embeddable":true,"href":"https:\/\/www.fuldaernachrichten.de\/index.php?rest_route=\/wp\/v2\/users\/1"}],"replies":[{"embeddable":true,"href":"https:\/\/www.fuldaernachrichten.de\/index.php?rest_route=%2Fwp%2Fv2%2Fcomments&post=114968"}],"version-history":[{"count":1,"href":"https:\/\/www.fuldaernachrichten.de\/index.php?rest_route=\/wp\/v2\/posts\/114968\/revisions"}],"predecessor-version":[{"id":114969,"href":"https:\/\/www.fuldaernachrichten.de\/index.php?rest_route=\/wp\/v2\/posts\/114968\/revisions\/114969"}],"wp:attachment":[{"href":"https:\/\/www.fuldaernachrichten.de\/index.php?rest_route=%2Fwp%2Fv2%2Fmedia&parent=114968"}],"wp:term":[{"taxonomy":"category","embeddable":true,"href":"https:\/\/www.fuldaernachrichten.de\/index.php?rest_route=%2Fwp%2Fv2%2Fcategories&post=114968"},{"taxonomy":"post_tag","embeddable":true,"href":"https:\/\/www.fuldaernachrichten.de\/index.php?rest_route=%2Fwp%2Fv2%2Ftags&post=114968"}],"curies":[{"name":"wp","href":"https:\/\/api.w.org\/{rel}","templated":true}]}}