{"id":114965,"date":"2013-10-07T00:13:01","date_gmt":"2013-10-07T00:13:01","guid":{"rendered":"http:\/\/www.fuldaer-nachrichten.de\/?p=114965"},"modified":"2013-10-07T05:41:09","modified_gmt":"2013-10-07T05:41:09","slug":"kalender-bad-orb-in-historischen-ansichten-2014-jeden-monat-ein-stueck-altes-bad-orb","status":"publish","type":"post","link":"https:\/\/www.fuldaernachrichten.de\/?p=114965","title":{"rendered":"Kalender \u201eBad Orb in historischen Ansichten 2014\u201c &#8211; Jeden Monat ein St\u00fcck altes Bad Orb"},"content":{"rendered":"<p><img decoding=\"async\" class=\"alignleft size-thumbnail wp-image-114966\" alt=\"KalenderBadOrb2014\" src=\"http:\/\/www.fuldaer-nachrichten.de\/wp-content\/uploads\/2013\/10\/KalenderBadOrb2014-265x187.jpg\" width=\"265\" height=\"187\" srcset=\"https:\/\/www.fuldaernachrichten.de\/wp-content\/uploads\/2013\/10\/KalenderBadOrb2014-265x187.jpg 265w, https:\/\/www.fuldaernachrichten.de\/wp-content\/uploads\/2013\/10\/KalenderBadOrb2014.jpg 600w\" sizes=\"(max-width: 265px) 100vw, 265px\" \/>Bad Orb. Der Kalender \u201eBad Orb in historischen Ansichten 2014\u201c zeigt eine Auswahl der sch\u00f6nsten handkolorierten Postkarten aus der Sammlung von Edmund M\u00fcller, dem zweiten Vorsitzenden des Bad Orber Geschichts- und Heimatvereins e.V. 12 Gesichter der Stadt zu Anfang des 20. Jahrhunderts pr\u00e4sentieren sich auf cremefarbenem Hintergrund. Diese Fotografien wurden in ihrer Entstehungszeit aufw\u00e4ndig von Hand nachkoloriert und gingen dann als Postkarten um die Welt. Die Bilder sind wichtige Zeugen der Baugeschichte der Stadt Bad Orb und laden zum Vergleich mit der heutigen Entwicklung ein. Durch die Vergr\u00f6\u00dferung k\u00f6nnen nun auch Details der Aufnahmen erkannt werden. Zu sehen sind das Wilhelminenhaus und der Park der Kinderheilanstalt, der Gradierbau, das Kurhaus, die Philippsquelle, das Hotel Adler und die Villa Germania, der Quellenring und Motive aus Alt-Orb, u. a. das Henkershaus und das Tor.\u00c2\u00a0 Der Kalender ist daher ein ideales Geschenk f\u00fcr alle Freunde der Kurstadt. Bad Orb in historischen Ansichten &#8211; Kalender 2014 DIN A4 &#8211; Wandkalender 9,90 \u00e2\u201a\u00ac. (zzgl. 2,50 \u00e2\u201a\u00ac Versandpauschale pro Bestellung, unabh\u00e4ngig von der bestellten Menge). Sie erhalten ihn in der Spessart-Buchhandlung Bad Orb oder bei der Geschichtswerkstatt B\u00fcdingen.<\/p>\n","protected":false},"excerpt":{"rendered":"<div class=\"tmnf_excerpt\"><p>Bad Orb. Der Kalender \u201eBad Orb in historischen Ansichten 2014\u201c zeigt eine Auswahl der sch\u00f6nsten handkolorierten Postkarten aus der Sammlung von Edmund M\u00fcller, dem zweiten Vorsitzenden des Bad Orber Geschichts- und Heimatvereins e.V. 12 Gesichter der Stadt zu Anfang des 20. Jahrhunderts pr\u00e4sentieren sich auf cremefarbenem Hintergrund. Diese Fotografien wurden in ihrer Entstehungszeit aufw\u00e4ndig von &hellip;<\/p>\n<\/div>","protected":false},"author":1,"featured_media":0,"comment_status":"closed","ping_status":"closed","sticky":false,"template":"","format":"standard","meta":{"footnotes":""},"categories":[1],"tags":[],"class_list":["post-114965","post","type-post","status-publish","format-standard","hentry","category-startseite"],"_links":{"self":[{"href":"https:\/\/www.fuldaernachrichten.de\/index.php?rest_route=\/wp\/v2\/posts\/114965","targetHints":{"allow":["GET"]}}],"collection":[{"href":"https:\/\/www.fuldaernachrichten.de\/index.php?rest_route=\/wp\/v2\/posts"}],"about":[{"href":"https:\/\/www.fuldaernachrichten.de\/index.php?rest_route=\/wp\/v2\/types\/post"}],"author":[{"embeddable":true,"href":"https:\/\/www.fuldaernachrichten.de\/index.php?rest_route=\/wp\/v2\/users\/1"}],"replies":[{"embeddable":true,"href":"https:\/\/www.fuldaernachrichten.de\/index.php?rest_route=%2Fwp%2Fv2%2Fcomments&post=114965"}],"version-history":[{"count":1,"href":"https:\/\/www.fuldaernachrichten.de\/index.php?rest_route=\/wp\/v2\/posts\/114965\/revisions"}],"predecessor-version":[{"id":114967,"href":"https:\/\/www.fuldaernachrichten.de\/index.php?rest_route=\/wp\/v2\/posts\/114965\/revisions\/114967"}],"wp:attachment":[{"href":"https:\/\/www.fuldaernachrichten.de\/index.php?rest_route=%2Fwp%2Fv2%2Fmedia&parent=114965"}],"wp:term":[{"taxonomy":"category","embeddable":true,"href":"https:\/\/www.fuldaernachrichten.de\/index.php?rest_route=%2Fwp%2Fv2%2Fcategories&post=114965"},{"taxonomy":"post_tag","embeddable":true,"href":"https:\/\/www.fuldaernachrichten.de\/index.php?rest_route=%2Fwp%2Fv2%2Ftags&post=114965"}],"curies":[{"name":"wp","href":"https:\/\/api.w.org\/{rel}","templated":true}]}}