{"id":114961,"date":"2013-10-07T00:12:26","date_gmt":"2013-10-07T00:12:26","guid":{"rendered":"http:\/\/www.fuldaer-nachrichten.de\/?p=114961"},"modified":"2013-10-07T05:39:51","modified_gmt":"2013-10-07T05:39:51","slug":"deutsche-reservistenmeisterschaft-marbacher-soldaten-der-reserve-erringen-3-sieg-in-folge","status":"publish","type":"post","link":"https:\/\/www.fuldaernachrichten.de\/?p=114961","title":{"rendered":"Deutsche Reservistenmeisterschaft: Marbacher Soldaten der Reserve erringen 3. Sieg in Folge"},"content":{"rendered":"<p><img decoding=\"async\" class=\"alignleft size-thumbnail wp-image-114963\" alt=\"DSC_5619\" src=\"http:\/\/www.fuldaer-nachrichten.de\/wp-content\/uploads\/2013\/10\/DSC_56191-265x181.jpg\" width=\"265\" height=\"181\" srcset=\"https:\/\/www.fuldaernachrichten.de\/wp-content\/uploads\/2013\/10\/DSC_56191-265x181.jpg 265w, https:\/\/www.fuldaernachrichten.de\/wp-content\/uploads\/2013\/10\/DSC_56191.jpg 600w\" sizes=\"(max-width: 265px) 100vw, 265px\" \/>Lehnin. Mit dem dritten Gewinn in Folge erzielten die osthessischen Soldaten der Reserve einen einzigartigen Erfolg in der 33-j\u00e4hrigen Geschichte der Deutschen Reservistenmeisterschaften. Vom 26. \u2013 29. September fanden sich insgesamt 35 Mannschaften, bestehend aus 5 Wettk\u00e4mpfern, aus dem gesamten Bundesgebiet auf dem Truppen\u00fcbungsplatz in Lehnin (Brandenburg) ein, um sich dem H\u00f6hepunkt des milit\u00e4rischen Leistungsvergleichs zu stellen. Auch bei dieser Meisterschaft waren die Marbacher die einzige Kameradschaft, die sich gleich mit zwei Teams daf\u00fcr qualifizieren konnten \u2013 ein eindrucksvoller Beleg der enormen Leistungsf\u00e4higkeit der RK Marbach im milit\u00e4rsportlichen Sektor.\u00dcber zwei Tage hinweg ma\u00dfen die Mannschaften an 13 Wettkampfstationen ihre Leistungen. Die Kr\u00e4fte und die k\u00f6rperliche Fitness der Wettk\u00e4mpfer wurden dabei in Wettkampfdisziplinen wie Kleiderschwimmen, Verwundetentransport, \u00dcberwinden einer Hindernisbahn und dem \u00dcberqueren eines Gel\u00e4ndeeinschnitts auf einem doppelten Seilsteg bis auf das \u00c4u\u00dferste strapaziert.<!--more--><\/p>\n<p>Die fachlichen Anforderungen, die den Reservisten abverlangt wurden, lagen sowohl im milit\u00e4rischen Bereich, (Schie\u00dfen mit dem Gewehr G36 sowie eine Fahrzeug- und Personenkontrolle), als auch im Bereich des Katastrophenschutzes (Bef\u00fcllen und Verbauen von Sands\u00e4cken im Hochwassereinsatz, Erste Hilfe, Suchen und Retten von versch\u00fctteten Personen und Brandbek\u00e4mpfung). In der Nacht zwischen den beiden Wettkampftagen stand zudem ein Orientierungsmarsch \u00fcber rund zw\u00f6lf Kilometer an. Hier galt es, nur mit Hilfe von Karte, Kompass und Taschenlampe, schnellstm\u00f6glich 25 Kontrollpunkte anzulaufen und danach zum Ausgangspunkt zur\u00fcckzukehren. Die Mannschaft RK Marbach II erreichte hier mit 1:33 Stunden die mit Abstand beste Zeit.<\/p>\n<p>Nach zwei Tagen forderndem Wettkampf erwarteten alle Teilnehmer am Samstagabend gespannt die Siegerehrung. Vor einer beeindruckenden Kulisse und zahlreichen, interessierten Zuschauern durfte die Mannschaft RK Marbach II erneut den Siegerpokal in Empfang nehmen. Oberleutnant d.R. Lukas Heil, Stabsgefreiter d.R. Thorsten Kiefer, Stabsgefreiter d.R. Torsten Trabert, Obergefreiter d.R. Dominik Illichmann und Obergefreiter d.R. Florian Link errangen f\u00fcr die RK Marbach somit den dritten deutschen Meistertitel in Folge.<\/p>\n<p>Die Mannschaft RK Marbach I mit Major d.R. Volker Auel, Hauptfeldwebel d.R. Matthias G\u00f6bel, F\u00e4hnrich d.R. Marius H\u00f6hl, Obermaat d.R. Johannes F\u00f6rster und Obergefreiter d.R. Johannes Weber errang zudem einen respektablen 9. Platz. Als Unterst\u00fctzung f\u00fcr die Dauer des Wettkampfes standen den Wettk\u00e4mpfern die Kameraden Stabsfeldwebel d.R. Reinhold G\u00f6bel und Hauptgefreiter d.R. Stephan Fallis zur Seite. Neben dem beeindruckenden Wanderpokal erhielt die Gewinnermannschaft der RK Marbach zudem den Sonderpreis des Inspekteurs der Luftwaffe, einen einw\u00f6chigen Aufenthalt auf dem Luftwaffenst\u00fctzpunkt Decimomannu auf Sardinien.<\/p>\n","protected":false},"excerpt":{"rendered":"<div class=\"tmnf_excerpt\"><p>Lehnin. Mit dem dritten Gewinn in Folge erzielten die osthessischen Soldaten der Reserve einen einzigartigen Erfolg in der 33-j\u00e4hrigen Geschichte der Deutschen Reservistenmeisterschaften. Vom 26. \u2013 29. September fanden sich insgesamt 35 Mannschaften, bestehend aus 5 Wettk\u00e4mpfern, aus dem gesamten Bundesgebiet auf dem Truppen\u00fcbungsplatz in Lehnin (Brandenburg) ein, um sich dem H\u00f6hepunkt des milit\u00e4rischen Leistungsvergleichs &hellip;<\/p>\n<\/div>","protected":false},"author":1,"featured_media":0,"comment_status":"closed","ping_status":"closed","sticky":false,"template":"","format":"standard","meta":{"footnotes":""},"categories":[1],"tags":[],"class_list":["post-114961","post","type-post","status-publish","format-standard","hentry","category-startseite"],"_links":{"self":[{"href":"https:\/\/www.fuldaernachrichten.de\/index.php?rest_route=\/wp\/v2\/posts\/114961","targetHints":{"allow":["GET"]}}],"collection":[{"href":"https:\/\/www.fuldaernachrichten.de\/index.php?rest_route=\/wp\/v2\/posts"}],"about":[{"href":"https:\/\/www.fuldaernachrichten.de\/index.php?rest_route=\/wp\/v2\/types\/post"}],"author":[{"embeddable":true,"href":"https:\/\/www.fuldaernachrichten.de\/index.php?rest_route=\/wp\/v2\/users\/1"}],"replies":[{"embeddable":true,"href":"https:\/\/www.fuldaernachrichten.de\/index.php?rest_route=%2Fwp%2Fv2%2Fcomments&post=114961"}],"version-history":[{"count":1,"href":"https:\/\/www.fuldaernachrichten.de\/index.php?rest_route=\/wp\/v2\/posts\/114961\/revisions"}],"predecessor-version":[{"id":114964,"href":"https:\/\/www.fuldaernachrichten.de\/index.php?rest_route=\/wp\/v2\/posts\/114961\/revisions\/114964"}],"wp:attachment":[{"href":"https:\/\/www.fuldaernachrichten.de\/index.php?rest_route=%2Fwp%2Fv2%2Fmedia&parent=114961"}],"wp:term":[{"taxonomy":"category","embeddable":true,"href":"https:\/\/www.fuldaernachrichten.de\/index.php?rest_route=%2Fwp%2Fv2%2Fcategories&post=114961"},{"taxonomy":"post_tag","embeddable":true,"href":"https:\/\/www.fuldaernachrichten.de\/index.php?rest_route=%2Fwp%2Fv2%2Ftags&post=114961"}],"curies":[{"name":"wp","href":"https:\/\/api.w.org\/{rel}","templated":true}]}}