{"id":114957,"date":"2013-10-07T00:12:54","date_gmt":"2013-10-07T00:12:54","guid":{"rendered":"http:\/\/www.fuldaer-nachrichten.de\/?p=114957"},"modified":"2013-10-07T05:35:05","modified_gmt":"2013-10-07T05:35:05","slug":"wortgottesdienst-in-dirlos-erloesung-mit-friedrich-dietz","status":"publish","type":"post","link":"https:\/\/www.fuldaernachrichten.de\/?p=114957","title":{"rendered":"Wortgottesdienst in Dirlos &#8211; Erl\u00f6sung mit Friedrich Dietz"},"content":{"rendered":"<p>Dirlos. Bei einem Wortgottesdienst am 3. November mit Texten von Friedrich Dietz steht das Thema \u201eErl\u00f6sung\u201c im Mittelpunkt. Beginn ist um 17 Uhr in der Kirche in Dirlos. Die Feier wird musikalisch gestaltet vom Chor \u201eTaktlos\u201c. Ordinariatsrat Monsignore Friedrich Dietz aus K\u00fcnzell ist vor 15\u00c2\u00a0 Jahren gestorben. Seitdem erinnern die Erlebnis-Glaubenstakte an den wortm\u00e4chtigen Priester. In diesem November sind es bereits die 30. Glaubenstakte. Der Eintritt ist frei. Die Kollekte ist f\u00fcr die Jesuitenmission bestimmt. Der \u201eFreundeskreis Friedrich Dietz f\u00fcr Kinderhilfe Indien\u201c setzt damit eine Unterst\u00fctzung f\u00fcr kirchliche Bildungsprojekte der katholischen Kirche in Indien fort. Den Grundstein dazu hatte der indische Jesuitenpater Tom Kottaram in den 50er Jahren gelegt. Friedrich Dietz als seinerzeitiger Kaplan in K\u00fcnzell hat die Hilfe \u00fcber Jahrzehnte fortgef\u00fchrt.<\/p>\n","protected":false},"excerpt":{"rendered":"<div class=\"tmnf_excerpt\"><p>Dirlos. Bei einem Wortgottesdienst am 3. November mit Texten von Friedrich Dietz steht das Thema \u201eErl\u00f6sung\u201c im Mittelpunkt. Beginn ist um 17 Uhr in der Kirche in Dirlos. Die Feier wird musikalisch gestaltet vom Chor \u201eTaktlos\u201c. Ordinariatsrat Monsignore Friedrich Dietz aus K\u00fcnzell ist vor 15\u00c2\u00a0 Jahren gestorben. Seitdem erinnern die Erlebnis-Glaubenstakte an den wortm\u00e4chtigen Priester. &hellip;<\/p>\n<\/div>","protected":false},"author":1,"featured_media":0,"comment_status":"closed","ping_status":"closed","sticky":false,"template":"","format":"standard","meta":{"footnotes":""},"categories":[1],"tags":[],"class_list":["post-114957","post","type-post","status-publish","format-standard","hentry","category-startseite"],"_links":{"self":[{"href":"https:\/\/www.fuldaernachrichten.de\/index.php?rest_route=\/wp\/v2\/posts\/114957","targetHints":{"allow":["GET"]}}],"collection":[{"href":"https:\/\/www.fuldaernachrichten.de\/index.php?rest_route=\/wp\/v2\/posts"}],"about":[{"href":"https:\/\/www.fuldaernachrichten.de\/index.php?rest_route=\/wp\/v2\/types\/post"}],"author":[{"embeddable":true,"href":"https:\/\/www.fuldaernachrichten.de\/index.php?rest_route=\/wp\/v2\/users\/1"}],"replies":[{"embeddable":true,"href":"https:\/\/www.fuldaernachrichten.de\/index.php?rest_route=%2Fwp%2Fv2%2Fcomments&post=114957"}],"version-history":[{"count":1,"href":"https:\/\/www.fuldaernachrichten.de\/index.php?rest_route=\/wp\/v2\/posts\/114957\/revisions"}],"predecessor-version":[{"id":114958,"href":"https:\/\/www.fuldaernachrichten.de\/index.php?rest_route=\/wp\/v2\/posts\/114957\/revisions\/114958"}],"wp:attachment":[{"href":"https:\/\/www.fuldaernachrichten.de\/index.php?rest_route=%2Fwp%2Fv2%2Fmedia&parent=114957"}],"wp:term":[{"taxonomy":"category","embeddable":true,"href":"https:\/\/www.fuldaernachrichten.de\/index.php?rest_route=%2Fwp%2Fv2%2Fcategories&post=114957"},{"taxonomy":"post_tag","embeddable":true,"href":"https:\/\/www.fuldaernachrichten.de\/index.php?rest_route=%2Fwp%2Fv2%2Ftags&post=114957"}],"curies":[{"name":"wp","href":"https:\/\/api.w.org\/{rel}","templated":true}]}}