{"id":114943,"date":"2013-10-05T00:14:32","date_gmt":"2013-10-05T00:14:32","guid":{"rendered":"http:\/\/www.fuldaer-nachrichten.de\/?p=114943"},"modified":"2013-10-04T11:39:54","modified_gmt":"2013-10-04T11:39:54","slug":"caritas-fachstelle-fuer-berufliche-integration-zeitgemaesse-arbeitsplatzgestaltung-fuer-menschen-mit-behinderung","status":"publish","type":"post","link":"https:\/\/www.fuldaernachrichten.de\/?p=114943","title":{"rendered":"Caritas Fachstelle f\u00fcr berufliche Integration:  Zeitgem\u00e4\u00dfe Arbeitsplatzgestaltung f\u00fcr Menschen mit Behinderung"},"content":{"rendered":"<p><b>Fulda (cif).<\/b> Zu einem Fachtag am Donnerstag, 10. Oktober l\u00e4dt die Caritas Behindertenhilfe und Psychiatrie in ihre Fachstelle f\u00fcr berufliche Integration in die Fuldaer Rangstra\u00dfe 73 ein. Die Veranstaltung ist offen f\u00fcr alle Interessierten\u00c2\u00a0 und beginnt um 16 Uhr, Ende wird gegen 20 Uhr sein.<!--more--><\/p>\n<p>Die Teilhabe an Arbeit ist f\u00fcr viele Menschen mit Behinderung im Rahmen eines selbstbestimmten Lebens Voraussetzung f\u00fcr erfolgreiche Inklusion. Betriebe und Institutionen in der Region Fulda sind dabei unter bestimmten Rahmenbedingungen durchaus gerne bereit, Menschen mit Behinderung zu besch\u00e4ftigen. Die Erfahrung der Caritas Behindertenhilfe zeigt jedoch, dass es oft entscheidend dabei ist, die Frage zu kl\u00e4ren, wie die Arbeit sinnvoll zerlegt werden kann, und welche Hilfs- und Arbeitsmittel bereitgestellt sein m\u00fcssen, damit der Mitarbeiter mit Handicap Aufgaben im Arbeitsprozess \u00fcbernehmen kann.<\/p>\n<p>Der technische Fortschritt sowie die p\u00e4dagogische Arbeit mit den betroffenen Menschen haben in den letzten Jahren in vielen F\u00e4llen L\u00f6sungen erm\u00f6glicht. Der Fachtag soll dar\u00fcber einen aktuellen Einblick geben. Fachreferate kommen u. a. von Prof Dr. Axel Graeser, Universit\u00e4t Bremen, der \u00fcber die M\u00f6glichkeiten technischer Assistenzsysteme referiert, sowie von Marie, Versteeg: Die\u00c2\u00a0 P\u00e4dagogin aus K\u00f6ln ist selbst schwerstbehindert und leitet eine eigene inklusive au\u00dferschulische F\u00f6rdereinrichtung.<\/p>\n","protected":false},"excerpt":{"rendered":"<div class=\"tmnf_excerpt\"><p>Fulda (cif). Zu einem Fachtag am Donnerstag, 10. Oktober l\u00e4dt die Caritas Behindertenhilfe und Psychiatrie in ihre Fachstelle f\u00fcr berufliche Integration in die Fuldaer Rangstra\u00dfe 73 ein. Die Veranstaltung ist offen f\u00fcr alle Interessierten\u00c2\u00a0 und beginnt um 16 Uhr, Ende wird gegen 20 Uhr sein.<\/p>\n<\/div>","protected":false},"author":1,"featured_media":0,"comment_status":"closed","ping_status":"closed","sticky":false,"template":"","format":"standard","meta":{"footnotes":""},"categories":[1],"tags":[],"class_list":["post-114943","post","type-post","status-publish","format-standard","hentry","category-startseite"],"_links":{"self":[{"href":"https:\/\/www.fuldaernachrichten.de\/index.php?rest_route=\/wp\/v2\/posts\/114943","targetHints":{"allow":["GET"]}}],"collection":[{"href":"https:\/\/www.fuldaernachrichten.de\/index.php?rest_route=\/wp\/v2\/posts"}],"about":[{"href":"https:\/\/www.fuldaernachrichten.de\/index.php?rest_route=\/wp\/v2\/types\/post"}],"author":[{"embeddable":true,"href":"https:\/\/www.fuldaernachrichten.de\/index.php?rest_route=\/wp\/v2\/users\/1"}],"replies":[{"embeddable":true,"href":"https:\/\/www.fuldaernachrichten.de\/index.php?rest_route=%2Fwp%2Fv2%2Fcomments&post=114943"}],"version-history":[{"count":1,"href":"https:\/\/www.fuldaernachrichten.de\/index.php?rest_route=\/wp\/v2\/posts\/114943\/revisions"}],"predecessor-version":[{"id":114944,"href":"https:\/\/www.fuldaernachrichten.de\/index.php?rest_route=\/wp\/v2\/posts\/114943\/revisions\/114944"}],"wp:attachment":[{"href":"https:\/\/www.fuldaernachrichten.de\/index.php?rest_route=%2Fwp%2Fv2%2Fmedia&parent=114943"}],"wp:term":[{"taxonomy":"category","embeddable":true,"href":"https:\/\/www.fuldaernachrichten.de\/index.php?rest_route=%2Fwp%2Fv2%2Fcategories&post=114943"},{"taxonomy":"post_tag","embeddable":true,"href":"https:\/\/www.fuldaernachrichten.de\/index.php?rest_route=%2Fwp%2Fv2%2Ftags&post=114943"}],"curies":[{"name":"wp","href":"https:\/\/api.w.org\/{rel}","templated":true}]}}