{"id":114941,"date":"2013-10-05T00:13:26","date_gmt":"2013-10-05T00:13:26","guid":{"rendered":"http:\/\/www.fuldaer-nachrichten.de\/?p=114941"},"modified":"2013-10-04T11:47:52","modified_gmt":"2013-10-04T11:47:52","slug":"strategien-zur-selbstvermarktung-ein-seminarangebot-der-agentur-fuer-arbeit-in-fulda","status":"publish","type":"post","link":"https:\/\/www.fuldaernachrichten.de\/?p=114941","title":{"rendered":"Strategien zur Selbstvermarktung &#8211; Ein Seminarangebot der Agentur f\u00fcr Arbeit in Fulda"},"content":{"rendered":"<p>Fulda. Interessierte Frauen haben am 10. Oktober in der Fuldaer Arbeitsagentur die M\u00f6glichkeit, an einem Workshop zum Thema Bewerbungs- und Selbstvermarktungsstrategien teilzunehmen. \u201eSich zu pr\u00e4sentieren ist Herausforderung und Chance. Es geht immer um den Eindruck, der im Auswahlverfahren hinterlassen wird\u201c, erkl\u00e4rt Melanie Bonacker, Beauftragte f\u00fcr Chancengleichheit am Arbeitsmarkt. \u201eAus Scheu vor Eigenlob und Selbstdarstellung verkaufen sich Frauen hier oftmals schlechter. Sie stellen ihr Licht unter den Scheffel. Es geht jedoch im Bewerbungsverfahren um das Herausstellen der eigenen F\u00e4higkeiten, die f\u00fcr die angestrebte Position mitgebracht werden\u201c, so Bonacker weiter. <!--more--><\/p>\n<p>Der Workshop setze daher bei dem Erkennen der eigenen F\u00e4higkeiten an und vermittle praxisnah, wie diese vermarktet werden k\u00f6nnen. So lernen die Teilnehmerinnen zum Beispiel, wie sie sicher vor einer Gruppe auftreten, K\u00f6rpersprache und Stimme einsetzen k\u00f6nnen und Grundlagen zum Selbst- und Fremdbild. Das Seminar findet von 9 bis 12 Uhr im Gruppenraum des Berufsinformationszentrums der Agentur f\u00fcr Arbeit in Fulda (Rangstr. 4) statt. Aufgrund der begrenzten Teilnehmerzahl ist eine Anmeldung erforderlich. Referentin ist Alexandra K\u00e4smann, Coach und Encouraging Trainerin aus H\u00fcnfeld. Mitveranstalter ist das B\u00fcro f\u00fcr Staatsb\u00fcrgerliche Frauenarbeit e.V.<\/p>\n<p>Kontakt<br \/>\nTel.: 06621\/209-543<br \/>\nE-Mail: BadHersfeld-Fulda.BCA@arbeitsagentur.de<\/p>\n","protected":false},"excerpt":{"rendered":"<div class=\"tmnf_excerpt\"><p>Fulda. Interessierte Frauen haben am 10. Oktober in der Fuldaer Arbeitsagentur die M\u00f6glichkeit, an einem Workshop zum Thema Bewerbungs- und Selbstvermarktungsstrategien teilzunehmen. \u201eSich zu pr\u00e4sentieren ist Herausforderung und Chance. Es geht immer um den Eindruck, der im Auswahlverfahren hinterlassen wird\u201c, erkl\u00e4rt Melanie Bonacker, Beauftragte f\u00fcr Chancengleichheit am Arbeitsmarkt. \u201eAus Scheu vor Eigenlob und Selbstdarstellung verkaufen &hellip;<\/p>\n<\/div>","protected":false},"author":1,"featured_media":0,"comment_status":"closed","ping_status":"closed","sticky":false,"template":"","format":"standard","meta":{"footnotes":""},"categories":[1,53],"tags":[],"class_list":["post-114941","post","type-post","status-publish","format-standard","hentry","category-startseite","category-bildung"],"_links":{"self":[{"href":"https:\/\/www.fuldaernachrichten.de\/index.php?rest_route=\/wp\/v2\/posts\/114941","targetHints":{"allow":["GET"]}}],"collection":[{"href":"https:\/\/www.fuldaernachrichten.de\/index.php?rest_route=\/wp\/v2\/posts"}],"about":[{"href":"https:\/\/www.fuldaernachrichten.de\/index.php?rest_route=\/wp\/v2\/types\/post"}],"author":[{"embeddable":true,"href":"https:\/\/www.fuldaernachrichten.de\/index.php?rest_route=\/wp\/v2\/users\/1"}],"replies":[{"embeddable":true,"href":"https:\/\/www.fuldaernachrichten.de\/index.php?rest_route=%2Fwp%2Fv2%2Fcomments&post=114941"}],"version-history":[{"count":2,"href":"https:\/\/www.fuldaernachrichten.de\/index.php?rest_route=\/wp\/v2\/posts\/114941\/revisions"}],"predecessor-version":[{"id":114950,"href":"https:\/\/www.fuldaernachrichten.de\/index.php?rest_route=\/wp\/v2\/posts\/114941\/revisions\/114950"}],"wp:attachment":[{"href":"https:\/\/www.fuldaernachrichten.de\/index.php?rest_route=%2Fwp%2Fv2%2Fmedia&parent=114941"}],"wp:term":[{"taxonomy":"category","embeddable":true,"href":"https:\/\/www.fuldaernachrichten.de\/index.php?rest_route=%2Fwp%2Fv2%2Fcategories&post=114941"},{"taxonomy":"post_tag","embeddable":true,"href":"https:\/\/www.fuldaernachrichten.de\/index.php?rest_route=%2Fwp%2Fv2%2Ftags&post=114941"}],"curies":[{"name":"wp","href":"https:\/\/api.w.org\/{rel}","templated":true}]}}