{"id":114937,"date":"2013-10-05T00:12:05","date_gmt":"2013-10-05T00:12:05","guid":{"rendered":"http:\/\/www.fuldaer-nachrichten.de\/?p=114937"},"modified":"2013-10-04T11:37:26","modified_gmt":"2013-10-04T11:37:26","slug":"volles-haus-beim-sitzkissenkonzert-handpuppe-luzi-animiert-kinder-zum-mitmachen","status":"publish","type":"post","link":"https:\/\/www.fuldaernachrichten.de\/?p=114937","title":{"rendered":"Volles Haus beim Sitzkissenkonzert: Handpuppe Luzi animiert Kinder zum Mitmachen"},"content":{"rendered":"<p>Fulda (cp). In der Aula der Alten Universit\u00e4t war kein Sitzplatz mehr zu bekommen. Selbst der Fu\u00dfboden war belegt, denn dort sa\u00dfen die vielen Kinder, welche das Sitzkissenkonzert von Musikschule, JugendKathedralChor und Kammerorchester der Jugend angelockt hatte. Ohne viel Federlesens zu machen, ging Luzi \u2013 die von Alexandra Pesold temperamentvoll gef\u00fchrte, moderierende Handpuppe \u2013 auf die jungen Zuh\u00f6rer zu, so dass die ganze Kinderschar vom ersten Lied an \u2013 \u201eSingen macht Spa\u00df\u201c &#8211; kr\u00e4ftig mit einstimmte. Da konnte das Kammerorchester der Jugend, welches krankheitsbedingt ohne seinen Dirigenten Martin Kl\u00fch auskommen musste, mit der vollen Aufmerksamkeit der Zuh\u00f6rer rechnen. Mit zwei zur sonnt\u00e4glichen Morgenstimmung passenden Bearbeitungen aus Peter Tschaikowskys Kinderalbum f\u00fcr Klavier op. 39 konnte es sich in die Herzen der Kinder spielen, die so nah am Orchester sitzen durften, dass sie die Schwingungen der Instrumente fast anfassen konnten. Die Orchesterleitung \u00fcbernahm hier Konzertmeisterin Magdalena K\u00f6tt souver\u00e4n vom ersten Pult aus. Verst\u00e4rkt vom Chor der Katharinenschule Gl\u00e4serzell gestaltete dann Domkapellmeister Franz-Peter Huber mit den erfrischenden Stimmen der Chorkinder einen Block mit Liedern, bei denen das ganze Publikum immer wieder mitsingen durfte.<!--more--><br \/>\n<strong>\u00c2\u00a0<\/strong><br \/>\n<strong>Querfl\u00f6te<\/strong><\/p>\n<p>Wie jedes Jahr wurde von der Musikschule auch diesmal ein Instrument n\u00e4her vorgestellt \u2013 die Querfl\u00f6te. Eva R\u00fctzel aus der Klasse von Stephanie Vautz erkl\u00e4rte zun\u00e4chst die Klangerzeugung des Instrumentes, spielte dabei auch mal nur auf dem Mundst\u00fcck und gab einen \u00dcberblick \u00fcber Geschichte und Verwendung des silbrig schimmernden Instrumentes, welches von Puppe Luzi zun\u00e4chst f\u00fcr ein spaciges Lichtschwert gehalten wurde. Mit einem Adagio und einem Allegro aus Bachs Fl\u00f6tensonate BWV 1034 zeigte die Fl\u00f6tistin, dass sie ihr Instrument in passender barocker Stilistik sowohl gesanglich als auch h\u00f6chst virtuos beherrscht. Am Klavier wurde sie von Musikschulleiter Christoph Stibor begleitet. Danach \u00fcbernahm wieder der Chor, wie schon zu Beginn von Evelyn Holzinger (Oboe), Lukas Theinen (Klarinette), Eva R\u00fctzel (Fl\u00f6te), Christoph Wilhelm (Gitarre) und Johannes Lange (Violine) unterst\u00fctzt, bevor das Orchester unter der gelungenen Leitung von Martin Kl\u00fchs Dirigiersch\u00fcler Andreas Hornig die pfiffigen, wunderbar ins Programm passenden \u201epizzicati\u201c aus dem Ballett \u201eSylvia\u201c von L\u00e9o Delibes zupfte. Zum Abschluss gab es dann noch ein Mitmachlied f\u00fcr alle, verbunden mit dem Versprechen der beteiligten Kooperationspartner, im n\u00e4chsten Jahr wieder ein Sitzkissenkonzert zu veranstalten.<\/p>\n","protected":false},"excerpt":{"rendered":"<div class=\"tmnf_excerpt\"><p>Fulda (cp). In der Aula der Alten Universit\u00e4t war kein Sitzplatz mehr zu bekommen. Selbst der Fu\u00dfboden war belegt, denn dort sa\u00dfen die vielen Kinder, welche das Sitzkissenkonzert von Musikschule, JugendKathedralChor und Kammerorchester der Jugend angelockt hatte. Ohne viel Federlesens zu machen, ging Luzi \u2013 die von Alexandra Pesold temperamentvoll gef\u00fchrte, moderierende Handpuppe \u2013 auf &hellip;<\/p>\n<\/div>","protected":false},"author":1,"featured_media":0,"comment_status":"closed","ping_status":"closed","sticky":false,"template":"","format":"standard","meta":{"footnotes":""},"categories":[1],"tags":[],"class_list":["post-114937","post","type-post","status-publish","format-standard","hentry","category-startseite"],"_links":{"self":[{"href":"https:\/\/www.fuldaernachrichten.de\/index.php?rest_route=\/wp\/v2\/posts\/114937","targetHints":{"allow":["GET"]}}],"collection":[{"href":"https:\/\/www.fuldaernachrichten.de\/index.php?rest_route=\/wp\/v2\/posts"}],"about":[{"href":"https:\/\/www.fuldaernachrichten.de\/index.php?rest_route=\/wp\/v2\/types\/post"}],"author":[{"embeddable":true,"href":"https:\/\/www.fuldaernachrichten.de\/index.php?rest_route=\/wp\/v2\/users\/1"}],"replies":[{"embeddable":true,"href":"https:\/\/www.fuldaernachrichten.de\/index.php?rest_route=%2Fwp%2Fv2%2Fcomments&post=114937"}],"version-history":[{"count":1,"href":"https:\/\/www.fuldaernachrichten.de\/index.php?rest_route=\/wp\/v2\/posts\/114937\/revisions"}],"predecessor-version":[{"id":114938,"href":"https:\/\/www.fuldaernachrichten.de\/index.php?rest_route=\/wp\/v2\/posts\/114937\/revisions\/114938"}],"wp:attachment":[{"href":"https:\/\/www.fuldaernachrichten.de\/index.php?rest_route=%2Fwp%2Fv2%2Fmedia&parent=114937"}],"wp:term":[{"taxonomy":"category","embeddable":true,"href":"https:\/\/www.fuldaernachrichten.de\/index.php?rest_route=%2Fwp%2Fv2%2Fcategories&post=114937"},{"taxonomy":"post_tag","embeddable":true,"href":"https:\/\/www.fuldaernachrichten.de\/index.php?rest_route=%2Fwp%2Fv2%2Ftags&post=114937"}],"curies":[{"name":"wp","href":"https:\/\/api.w.org\/{rel}","templated":true}]}}