{"id":114935,"date":"2013-10-05T00:11:39","date_gmt":"2013-10-05T00:11:39","guid":{"rendered":"http:\/\/www.fuldaer-nachrichten.de\/?p=114935"},"modified":"2013-10-04T11:36:52","modified_gmt":"2013-10-04T11:36:52","slug":"bischof-algermissen-kondoliert-anlaesslich-des-grubenungluecks","status":"publish","type":"post","link":"https:\/\/www.fuldaernachrichten.de\/?p=114935","title":{"rendered":"Bischof Algermissen kondoliert anl\u00e4sslich des Grubenungl\u00fccks"},"content":{"rendered":"<p><b>Fulda\/Unterbreizbach<\/b> (bpf). Angesichts des schrecklichen Grubenungl\u00fccks in Unterbreizbach hat Bischof Heinz Josef Algermissen dem B\u00fcrgermeister der Gemeinde, Roland Ernst, seine aufrichtige Anteilnahme und sein tief empfundenes Mitgef\u00fchl ausgesprochen. \u201eIn diesen Stunden gilt mein besonderes Gedenken den Familien der drei Bergleute, die bei diesem tragischen Unfall ums Leben gekommen sind. M\u00f6ge ihnen Gott der Herr in diesen Tagen Kraft und St\u00e4rke, aber auch Trost aus dem Glauben schenken\u201c, so der Bischof in seinem Schreiben.<\/p>\n<p>&nbsp;<\/p>\n","protected":false},"excerpt":{"rendered":"<div class=\"tmnf_excerpt\"><p>Fulda\/Unterbreizbach (bpf). Angesichts des schrecklichen Grubenungl\u00fccks in Unterbreizbach hat Bischof Heinz Josef Algermissen dem B\u00fcrgermeister der Gemeinde, Roland Ernst, seine aufrichtige Anteilnahme und sein tief empfundenes Mitgef\u00fchl ausgesprochen. \u201eIn diesen Stunden gilt mein besonderes Gedenken den Familien der drei Bergleute, die bei diesem tragischen Unfall ums Leben gekommen sind. M\u00f6ge ihnen Gott der Herr in &hellip;<\/p>\n<\/div>","protected":false},"author":1,"featured_media":0,"comment_status":"closed","ping_status":"closed","sticky":false,"template":"","format":"standard","meta":{"footnotes":""},"categories":[1],"tags":[],"class_list":["post-114935","post","type-post","status-publish","format-standard","hentry","category-startseite"],"_links":{"self":[{"href":"https:\/\/www.fuldaernachrichten.de\/index.php?rest_route=\/wp\/v2\/posts\/114935","targetHints":{"allow":["GET"]}}],"collection":[{"href":"https:\/\/www.fuldaernachrichten.de\/index.php?rest_route=\/wp\/v2\/posts"}],"about":[{"href":"https:\/\/www.fuldaernachrichten.de\/index.php?rest_route=\/wp\/v2\/types\/post"}],"author":[{"embeddable":true,"href":"https:\/\/www.fuldaernachrichten.de\/index.php?rest_route=\/wp\/v2\/users\/1"}],"replies":[{"embeddable":true,"href":"https:\/\/www.fuldaernachrichten.de\/index.php?rest_route=%2Fwp%2Fv2%2Fcomments&post=114935"}],"version-history":[{"count":1,"href":"https:\/\/www.fuldaernachrichten.de\/index.php?rest_route=\/wp\/v2\/posts\/114935\/revisions"}],"predecessor-version":[{"id":114936,"href":"https:\/\/www.fuldaernachrichten.de\/index.php?rest_route=\/wp\/v2\/posts\/114935\/revisions\/114936"}],"wp:attachment":[{"href":"https:\/\/www.fuldaernachrichten.de\/index.php?rest_route=%2Fwp%2Fv2%2Fmedia&parent=114935"}],"wp:term":[{"taxonomy":"category","embeddable":true,"href":"https:\/\/www.fuldaernachrichten.de\/index.php?rest_route=%2Fwp%2Fv2%2Fcategories&post=114935"},{"taxonomy":"post_tag","embeddable":true,"href":"https:\/\/www.fuldaernachrichten.de\/index.php?rest_route=%2Fwp%2Fv2%2Ftags&post=114935"}],"curies":[{"name":"wp","href":"https:\/\/api.w.org\/{rel}","templated":true}]}}