{"id":114927,"date":"2013-10-04T11:33:07","date_gmt":"2013-10-04T11:33:07","guid":{"rendered":"http:\/\/www.fuldaer-nachrichten.de\/?p=114927"},"modified":"2013-10-04T11:33:07","modified_gmt":"2013-10-04T11:33:07","slug":"wildwasserpaddler-kueren-zum-sechsen-mal-extremkajakweltmeister-im-oetztal","status":"publish","type":"post","link":"https:\/\/www.fuldaernachrichten.de\/?p=114927","title":{"rendered":"Wildwasserpaddler k\u00fcren zum sechsen Mal Extremkajakweltmeister im \u00d6tztal"},"content":{"rendered":"<p><img fetchpriority=\"high\" decoding=\"async\" class=\"alignleft size-thumbnail wp-image-114931\" alt=\"Thilo_Wietzke\" src=\"http:\/\/www.fuldaer-nachrichten.de\/wp-content\/uploads\/2013\/10\/Thilo_Wietzke-265x198.jpeg\" width=\"265\" height=\"198\" srcset=\"https:\/\/www.fuldaernachrichten.de\/wp-content\/uploads\/2013\/10\/Thilo_Wietzke-265x198.jpeg 265w, https:\/\/www.fuldaernachrichten.de\/wp-content\/uploads\/2013\/10\/Thilo_Wietzke.jpeg 600w\" sizes=\"(max-width: 265px) 100vw, 265px\" \/>Fulda \/ \u00d6tz (\u00d6sterreich) Die 150 besten Wildwasserkajaker aus 23 Nationen treffen sich zwischen dem 3. und 5. Oktober 2013 im Tiroler \u00d6tztal, um bei einem spektakul\u00e4ren Sprintrennen auf der legend\u00e4ren Wellerbr\u00fcckenstrecke auf der \u00d6tztaler Ache den &#8220;adidas Sickline Extreme Kayak World Champion&#8221;, also den Weltmeister im Extremkajaksprint zu k\u00fcren.\u00c2\u00a0 Mit Thilo Wietzke geht bei der Sickline auch ein Fuldaer an den Start. Der Extremkajakfahrer war schon auf Expeditionen in Paddlerparadiesen \u00fcber die ganze Welt verteilt unterwegs: Er st\u00fcrzte sich in Chile 20 Meter hohe Wasserf\u00e4lle hinunter, befuhr in Costa Rica waghalsige Stromschnellen und entdeckte die entlegensten Wildwasserfl\u00fcsse Norwegens.<!--more--><\/p>\n<p>Nach einer langj\u00e4hrigen Karrier als Kajakfahrer im Slalom- und Wildwasserrennsport stieg Wietzke auf den Extremkajaksport um. Dort sammelte er zusammen mit Paddelkollege Uli Knittel Erfahrungen im schwersten Wildwasser, so dass er es wagen kann, sich bei der Adidas-Sickline-WM erneut zu messen. Bereits 2008 ging er zwar schon einmal an den Start, hatte damals aber Pech im Qualifikationslauf. \u201eMir fehlte damals eine zehntel Sekunde, seitdem \u00fcberlege ich jedes Jahr, ob ich noch mal antreten soll.\u201c, so der Fuldaer \u00fcber sein Vorhaben. Dieses Jahr habe dann einfach alles zusammengepasst. \u201eIch habe mir die Woche vorher frei genommen und kann mich somit im \u00d6tztal auf der Strecke vorbereiten. Dies ist ein wesentlicher Aspekt, da die Strecke auch f\u00fcr erfahrene Paddler noch extrem schwer ist. Dort fordert die \u00d6tztaler Ache auch ohne Wettkampfbedingungen einem Kanuten alles ab. Hinzukommt, dass ich den Sommer \u00fcber gut trainieren konnte und in diesem Jahr schon mehrmals im schweren Wildwasser unterwegs war.\u201c<\/p>\n<p><strong>adidas Sickline WM auf der Eiger-Nordwand des Wildwassersports<\/strong><br \/>\n<img decoding=\"async\" class=\"alignleft size-thumbnail wp-image-114929\" alt=\"MArnu_Sickline2012_Pano6\" src=\"http:\/\/www.fuldaer-nachrichten.de\/wp-content\/uploads\/2013\/10\/MArnu_Sickline2012_Pano6-265x128.jpeg\" width=\"265\" height=\"128\" srcset=\"https:\/\/www.fuldaernachrichten.de\/wp-content\/uploads\/2013\/10\/MArnu_Sickline2012_Pano6-265x128.jpeg 265w, https:\/\/www.fuldaernachrichten.de\/wp-content\/uploads\/2013\/10\/MArnu_Sickline2012_Pano6.jpeg 600w\" sizes=\"(max-width: 265px) 100vw, 265px\" \/>\u201eSick Line\u201c nennen Extremkajaker die perfekte, fl\u00fcssigste und schnellste Linie stromabw\u00e4rts. Diese gilt es bei der Weltmeisterschaft auf einer von der Natur mit H\u00f6chstschwierigkeiten gespickten Wildwasserstrecke unter Rennbedingungen zu Finden. Der als \u201eWellerbr\u00fccke\u201c bezeichnete Abschnitt der \u00d6tztaler Ache hat den Ruf, die \u201eEiger-Nordwand des Wildwassersports\u201c zu sein: schwerstes Wildwasser der Stufe 5, das hei\u00dft sowohl technisch anspruchsvoll, als auch gef\u00e4hrlich. Fehler haben Konsequenzen. Aus diesem\u00c2\u00a0 Grund wird das Startfeld in zwei Qualifikationsl\u00e4ufen auf einem leichteren Teilabschnitt ausgesiebt. Nur die 45 Besten der Qualifikation d\u00fcrfen am eigentlichen WM-Rennen teilnehmen.<\/p>\n<p>\u201eEinige Wildwasserkajaker, die an dieser WM teilnehmen, befahren bei ihren Expeditionen zum Teil noch extremere Flussabschnitte und viel h\u00f6here Wasserf\u00e4lle.<br \/>\nDoch das machen sie vielleicht einmal in ihrem Leben und da kommt es nicht auf die Zeit an. Bei einer Rennstrecke geht es um verantwortbares Risiko\u201c, erkl\u00e4rt Event Direktor Mike Hamel. \u201eDie adidas Sickline WM testet nicht nur die F\u00e4higkeiten, eine der weltweit schwierigsten Wildwasserpassagen heil runter zu kommen, sondern dabei m\u00f6glichst schnell zu sein. Auf 280 Metern wird den Athleten technisch und konditionell alles abverlangt, das hei\u00dft, sie m\u00fcssen ihr volles Potential auf den Punkt abrufen k\u00f6nnen. Sie d\u00fcrfen sich keinen Fehler leisten und sie m\u00fcssen extrem fit sein, denn die Schl\u00fcsselstellen, wie der ber\u00fchmt-ber\u00fcchtigte Champions Killer (ein sieben Meter hoher Wasserfall), kommen erst zum Schluss.\u201c F\u00fcr diese h\u00f6chst anspruchsvolle Strecke hat Wietzke von seinem Sponsor \u201eLettmann\u201c extra ein neues Wildwasserkajak bekommen, dass den Anordnungen der \u00d6tz &#8211; Schnelligkeit, Sicherheit und Stabilit\u00e4t &#8211; gerecht wird.<\/p>\n<p><strong>Nur die besten kommen weiter<\/strong><br \/>\n<img decoding=\"async\" class=\"alignleft size-thumbnail wp-image-114928\" alt=\"Thilo_Wietzke 2\" src=\"http:\/\/www.fuldaer-nachrichten.de\/wp-content\/uploads\/2013\/10\/Thilo_Wietzke-2-265x176.jpeg\" width=\"265\" height=\"176\" srcset=\"https:\/\/www.fuldaernachrichten.de\/wp-content\/uploads\/2013\/10\/Thilo_Wietzke-2-265x176.jpeg 265w, https:\/\/www.fuldaernachrichten.de\/wp-content\/uploads\/2013\/10\/Thilo_Wietzke-2.jpeg 600w\" sizes=\"(max-width: 265px) 100vw, 265px\" \/>Die 48 Finalisten treten in einem Head-to-Head Format gegeneinander an. Das hei\u00dft, der schnellste der Qualifikation \u201eduelliert\u201c sich mit Platz 48, der zweitschnellste mit Platz 47, und so weiter. Nach zwei K.o.-Runden startet die dritte Runde der Top 15 mit dem langsamsten Qualifizierten. Er nimmt zusammen mit der adidas Sickline Queen im sogenannten Hotseat Platz, einem Whirlpool f\u00fcr den Zeitschnellsten, bis seine Zeit unterboten wird.<\/p>\n<p><strong>Fuldaer-K\u00fcchen Crew sorgt f\u00fcr Unterst\u00fctzung \/ Catering durch Weltmeister-Metzger Ulrich Knittel<\/strong><br \/>\nBegleitet wird Wietzke bei seinem Unternehmen von einer gro\u00dfen Crew aus Fulda: Der mehrfache Weltmeister und Metzger Ulrich Knittel vom gleichnamigen Fuldaer Partyservice \/ Metzgerei sorgt bei dem Adidas-Event abermals f\u00fcr die Verpflegung von knapp 300 Sportlern \/ Betreuern und Organisatoren. Mit zur Hand gehen Knittel dabei zahlreiche Sportler des KCF, wie beispielsweise Kaspar Zoth und David Piaskowski, beide ehemalige Teilnehmer von Weltmeisterschaften. Vormittags sorgen Knittel, der nach seiner aktiven Wettkampfzeit ebenfalls unter die Extrem-Kajaker gegangen ist, und seine Fuldaer Crew f\u00fcr die n\u00f6tige Unterst\u00fctzung von Wietzke: Absichern der Strecke w\u00e4hrend des Trainings, Coaching und gemeinsame Trainingstouren stehen auf der Tagesordnung. Anschlie\u00dfend schwingt die siebenk\u00f6pfige K\u00fcchen- und Paddlercrew unter Anleitung von Metzgermeister Knittel ab 16.00 Uhr den K\u00f6chl\u00f6ffel um die 300 hungrigen M\u00e4uler der Sportler zu stopfen. An drei Abenden wird jeweils ein Buffet aus Vor-und Hauptspeise sowie Dessert geboten.<\/p>\n<p><strong>47 L\u00e4nder \u00fcbertragen adidas Sickline WM live in 18 Sprachen<\/strong><br \/>\nAufgrund der hohen Nachfrage diverser TV-Sender, m\u00f6glichst zeitnah \u00fcber die adidas Sickline WM zu berichten, haben sich die Organisatoren auch in diesem Jahr<br \/>\nf\u00fcr eine Full HD Live TV-Produktion entschieden. Insgesamt sechs internationale Sendergruppen \u00fcbertragen die WM live, darunter auch Eurosport 2. Au\u00dferdem gibt es einen Live-Stream im Internet auf http:\/\/extreme.com (ab Donnerstag, 3. Oktober)<\/p>\n<p>Infos: http:\/\/www.adidas-sickline.com<\/p>\n","protected":false},"excerpt":{"rendered":"<div class=\"tmnf_excerpt\"><p>Fulda \/ \u00d6tz (\u00d6sterreich) Die 150 besten Wildwasserkajaker aus 23 Nationen treffen sich zwischen dem 3. und 5. Oktober 2013 im Tiroler \u00d6tztal, um bei einem spektakul\u00e4ren Sprintrennen auf der legend\u00e4ren Wellerbr\u00fcckenstrecke auf der \u00d6tztaler Ache den &#8220;adidas Sickline Extreme Kayak World Champion&#8221;, also den Weltmeister im Extremkajaksprint zu k\u00fcren.\u00c2\u00a0 Mit Thilo Wietzke geht bei &hellip;<\/p>\n<\/div>","protected":false},"author":1,"featured_media":0,"comment_status":"closed","ping_status":"closed","sticky":false,"template":"","format":"standard","meta":{"footnotes":""},"categories":[1],"tags":[],"class_list":["post-114927","post","type-post","status-publish","format-standard","hentry","category-startseite"],"_links":{"self":[{"href":"https:\/\/www.fuldaernachrichten.de\/index.php?rest_route=\/wp\/v2\/posts\/114927","targetHints":{"allow":["GET"]}}],"collection":[{"href":"https:\/\/www.fuldaernachrichten.de\/index.php?rest_route=\/wp\/v2\/posts"}],"about":[{"href":"https:\/\/www.fuldaernachrichten.de\/index.php?rest_route=\/wp\/v2\/types\/post"}],"author":[{"embeddable":true,"href":"https:\/\/www.fuldaernachrichten.de\/index.php?rest_route=\/wp\/v2\/users\/1"}],"replies":[{"embeddable":true,"href":"https:\/\/www.fuldaernachrichten.de\/index.php?rest_route=%2Fwp%2Fv2%2Fcomments&post=114927"}],"version-history":[{"count":1,"href":"https:\/\/www.fuldaernachrichten.de\/index.php?rest_route=\/wp\/v2\/posts\/114927\/revisions"}],"predecessor-version":[{"id":114932,"href":"https:\/\/www.fuldaernachrichten.de\/index.php?rest_route=\/wp\/v2\/posts\/114927\/revisions\/114932"}],"wp:attachment":[{"href":"https:\/\/www.fuldaernachrichten.de\/index.php?rest_route=%2Fwp%2Fv2%2Fmedia&parent=114927"}],"wp:term":[{"taxonomy":"category","embeddable":true,"href":"https:\/\/www.fuldaernachrichten.de\/index.php?rest_route=%2Fwp%2Fv2%2Fcategories&post=114927"},{"taxonomy":"post_tag","embeddable":true,"href":"https:\/\/www.fuldaernachrichten.de\/index.php?rest_route=%2Fwp%2Fv2%2Ftags&post=114927"}],"curies":[{"name":"wp","href":"https:\/\/api.w.org\/{rel}","templated":true}]}}