{"id":114913,"date":"2013-10-04T06:46:58","date_gmt":"2013-10-04T06:46:58","guid":{"rendered":"http:\/\/www.fuldaer-nachrichten.de\/?p=114913"},"modified":"2013-10-04T06:46:58","modified_gmt":"2013-10-04T06:46:58","slug":"ladungssicherung-praxistag-4-trainer-und-beratertag-im-3g","status":"publish","type":"post","link":"https:\/\/www.fuldaernachrichten.de\/?p=114913","title":{"rendered":"Ladungssicherung Praxistag: 4. Trainer- und Beratertag im \u201e3G\u201c"},"content":{"rendered":"<p><img fetchpriority=\"high\" decoding=\"async\" class=\"alignleft size-thumbnail wp-image-114914\" alt=\"Schiefe Ebene_P1070961\" src=\"http:\/\/www.fuldaer-nachrichten.de\/wp-content\/uploads\/2013\/10\/Schiefe-Ebene_P1070961-265x198.jpg\" width=\"265\" height=\"198\" srcset=\"https:\/\/www.fuldaernachrichten.de\/wp-content\/uploads\/2013\/10\/Schiefe-Ebene_P1070961-265x198.jpg 265w, https:\/\/www.fuldaernachrichten.de\/wp-content\/uploads\/2013\/10\/Schiefe-Ebene_P1070961.jpg 600w\" sizes=\"(max-width: 265px) 100vw, 265px\" \/>Fulda. Am 7. Oktober l\u00e4dt das \u201e3G Europ\u00e4isches Kompetenzzentrum Ladungssicherung\u201c in Fulda zum 4. Trainer- &amp; Beratertag Ladungssicherung ein. Die Tagesveranstaltung widmet sich in zwei Workshops den regelkonformen M\u00f6glichkeiten zum Pr\u00fcfen von Aufbauten und Zurrpunktfestigkeiten sowie den Kriterien der Ablegereife f\u00fcr Ladungssicherungsmittel. Au\u00dferdem stehen das Pr\u00fcfen von Ladeeinheiten und Reibbeiwerten mit Hilfe einer acht Meter langen schiefen Ebene sowie verschiedene Fahrversuche auf dem Programm. Damit richtet sich das Seminar an Trainer und Berater f\u00fcr Ladungssicherung, Sachverst\u00e4ndige, Gutachter, Fachkr\u00e4fte f\u00fcr Arbeitssicherheit und Gefahrgutbeauftragte. F\u00fcr eine nutzen- und praxisorientierte Veranstaltung sorgen die Referenten Dr. Werner Schmidt, Gesch\u00e4ftsf\u00fchrer der TUL-LOG \u00c2\u00a0GmbH aus Dresden und Wolfgang Hein, Leiter 3G Europ\u00e4isches Kompetenzzentrum Ladungssicherung.<!--more--><\/p>\n<p>Der 3G Trainer- und Beratertag ist bereits zu einer festen Einrichtung f\u00fcr die Ladungssicherungsbranche geworden. Die Mischung aus Theorie und Praxis f\u00fchrt zu einer nachhaltigen und anschaulichen Wissensvermittlung mit hohem Nutzwert. F\u00fcr den vierten Trainer- und Beratertag rechnet das 3G wieder mit hohen Teilnehmerzahlen.<\/p>\n<p>Der erste Workshop des Tages behandelt die Kriterien der Ablegereife f\u00fcr Ladungssicherungsmittel nach VDI 2700, DIN EN 12195-2 und DIN EN 12195-3. Dr. Werner Schmidt zeigt, auf welche Art die Ablegereife von Zurrgurten aus Polyester (PES) und Polypropylen (PP) sinnvoll und praktikabel gepr\u00fcft werden kann. Au\u00dferdem kl\u00e4rt Schmidt, welche Mess- und Pr\u00fcfkriterien bei Zurrketten gelten und wie man diese in der Praxis anwendet.<\/p>\n<p><img decoding=\"async\" class=\"alignleft size-thumbnail wp-image-114915\" alt=\"3G-Geb\u00e4ude_P1050306\" src=\"http:\/\/www.fuldaer-nachrichten.de\/wp-content\/uploads\/2013\/10\/3G-Geb\u00e4ude_P1050306-265x198.jpg\" width=\"265\" height=\"198\" \/>Im zweiten Workshop steht das normgerechte Pr\u00fcfen von Aufbauten und Zurrpunkten im Vordergrund.\u00c2\u00a0 Wolfgang Hein erl\u00e4utert die Regeln der Technik und die aktuellen Normen und M\u00f6glichkeiten, die im Normenwerk gem\u00e4\u00df DIN EN 12640 und DIN EN 12642 vorgesehen sind. Speziell eingehen wird Hein zudem auf die Pr\u00fcfung nach DIN EN 12642 Code L und Code XL in der praktischen Anwendung. Der Workshop zeigt unter anderem auf, welche Gefahren sich daraus f\u00fcr Frachtf\u00fchrer und Spediteure ergeben k\u00f6nnen. Konkrete Tipps und Hinweise f\u00fcr die Zurrpunktpr\u00fcfung in der Praxis inklusive Pr\u00fcfaufbau runden den Programmpunkt ab.<\/p>\n<p>Ab 11.15 Uhr widmet sich der 4. Trainer- &amp; Beratertag praktischen Pr\u00fcfungen und Demonstrationen. Der Aufbau und Ablauf von Reibwertpr\u00fcfungen nach VDI 2700 Blatt 14 mit verschiedenen rutschhemmenden Materialien markieren den Start. Nach der Mittagspause geht es weiter mit praktischen Pr\u00fcfungen von Ladeeinheiten mit Hilfe einer acht Meter langen schiefen Ebene. Auf dem Pr\u00fcfstand stehen verschiedene Ladeeinheiten auf Paletten, die einer Verz\u00f6gerung von 0,3 G bis 1,0 G ausgesetzt werden.<\/p>\n<p>Anschlie\u00dfend stehen fahrdynamische Versuche in Kreisbahn und Vollbremsung mit eingebauter St\u00fctzachse auf der Agenda. Dabei werden auch die M\u00f6glichkeiten moderner Mess- und Kameratechnik und die Darstellung der entsprechenden Ergebnisse aufgezeigt Den fachlichen Schlusspunkt setzen konkrete Tipps f\u00fcr den Aufbau von Fahrversuchen.<\/p>\n<p>Der vierte \u201e3G Trainer- &amp; Beratertag Ladungssicherung\u201c am 7. Oktober 2013 beginnt um 8:45 Uhr und endet um 17.00 Uhr mit einem entspannten \u201eCome Together\u201c und interessanten Fachgespr\u00e4chen mit Erfahrungsaustausch.<\/p>\n","protected":false},"excerpt":{"rendered":"<div class=\"tmnf_excerpt\"><p>Fulda. Am 7. Oktober l\u00e4dt das \u201e3G Europ\u00e4isches Kompetenzzentrum Ladungssicherung\u201c in Fulda zum 4. Trainer- &amp; Beratertag Ladungssicherung ein. Die Tagesveranstaltung widmet sich in zwei Workshops den regelkonformen M\u00f6glichkeiten zum Pr\u00fcfen von Aufbauten und Zurrpunktfestigkeiten sowie den Kriterien der Ablegereife f\u00fcr Ladungssicherungsmittel. Au\u00dferdem stehen das Pr\u00fcfen von Ladeeinheiten und Reibbeiwerten mit Hilfe einer acht Meter &hellip;<\/p>\n<\/div>","protected":false},"author":1,"featured_media":0,"comment_status":"closed","ping_status":"closed","sticky":false,"template":"","format":"standard","meta":{"footnotes":""},"categories":[1],"tags":[],"class_list":["post-114913","post","type-post","status-publish","format-standard","hentry","category-startseite"],"_links":{"self":[{"href":"https:\/\/www.fuldaernachrichten.de\/index.php?rest_route=\/wp\/v2\/posts\/114913","targetHints":{"allow":["GET"]}}],"collection":[{"href":"https:\/\/www.fuldaernachrichten.de\/index.php?rest_route=\/wp\/v2\/posts"}],"about":[{"href":"https:\/\/www.fuldaernachrichten.de\/index.php?rest_route=\/wp\/v2\/types\/post"}],"author":[{"embeddable":true,"href":"https:\/\/www.fuldaernachrichten.de\/index.php?rest_route=\/wp\/v2\/users\/1"}],"replies":[{"embeddable":true,"href":"https:\/\/www.fuldaernachrichten.de\/index.php?rest_route=%2Fwp%2Fv2%2Fcomments&post=114913"}],"version-history":[{"count":1,"href":"https:\/\/www.fuldaernachrichten.de\/index.php?rest_route=\/wp\/v2\/posts\/114913\/revisions"}],"predecessor-version":[{"id":114916,"href":"https:\/\/www.fuldaernachrichten.de\/index.php?rest_route=\/wp\/v2\/posts\/114913\/revisions\/114916"}],"wp:attachment":[{"href":"https:\/\/www.fuldaernachrichten.de\/index.php?rest_route=%2Fwp%2Fv2%2Fmedia&parent=114913"}],"wp:term":[{"taxonomy":"category","embeddable":true,"href":"https:\/\/www.fuldaernachrichten.de\/index.php?rest_route=%2Fwp%2Fv2%2Fcategories&post=114913"},{"taxonomy":"post_tag","embeddable":true,"href":"https:\/\/www.fuldaernachrichten.de\/index.php?rest_route=%2Fwp%2Fv2%2Ftags&post=114913"}],"curies":[{"name":"wp","href":"https:\/\/api.w.org\/{rel}","templated":true}]}}