{"id":114911,"date":"2013-10-04T06:44:58","date_gmt":"2013-10-04T06:44:58","guid":{"rendered":"http:\/\/www.fuldaer-nachrichten.de\/?p=114911"},"modified":"2013-10-04T06:44:58","modified_gmt":"2013-10-04T06:44:58","slug":"familienbund-kritisiert-empfehlungen-der-wirtschaftsforschungsinstitute-zu-den-familienpolitischen-leistungen-scharf","status":"publish","type":"post","link":"https:\/\/www.fuldaernachrichten.de\/?p=114911","title":{"rendered":"Familienbund kritisiert Empfehlungen der Wirtschaftsforschungsinstitute zu den familienpolitischen Leistungen scharf"},"content":{"rendered":"<p>Fulda. Der Familienbund der Katholiken hat die gestern vorgestellten Ergebnisse und Empfehlungen der Gesamtevaluation familienpolitischer Leistungen stark kritisiert. \u201eFamilien werden in dieser Bewertung rein aus der \u00f6konomischen Perspektive betrachtet und f\u00fcr die Belange des Staates und des Arbeitsmarktes verzweckt. Die Empfehlungen der Wirtschaftsforschungsinstitute gehen deshalb in weiten Teilen an den W\u00fcnschen der Familien und den Bed\u00fcrfnissen der Kinder vorbei. Familienpolitik ist jedoch keine Arbeitsmarktpolitik\u201c, sagte Hubert Schulte, Landesvorsitzender des Familienbundes der Katholiken, in Fulda. Statt m\u00f6glichst hoher Erwerbsbeteiligung der Eltern m\u00fcssen vielmehr ein fairer Familienlastenausgleich und die Wahlfreiheit der Lebensentw\u00fcrfe die zentralen Ziele der Familienpolitik sein. \u00c2\u00a0<!--more--><\/p>\n<p>Schulte bezeichnete insbesondere die Kritik des ifo-Institutes am Kindergeld als nicht nachvollziehbar. \u201eMehr als die H\u00e4lfte des Kindergeldes ist R\u00fcckzahlung f\u00fcr zu viel gezahlte Steuern, der andere Teil wirksame Familienf\u00f6rderung\u201c. Nach Angaben des ifo-Institutes werden \u00fcber ein Million Familien durch das Kindergeld aus dem Bezug von Arbeitslosengeld II herausgehoben. Die Behauptung, jede weitere Entlastung f\u00fcr Familien rechne sich nicht f\u00fcr den Staat, ist deshalb mehr als zynisch. Auch die Bewertung des Elterngeldes sieht der Familienbund kritisch. \u201eDas DIW bewertet es als Fortschritt, wenn M\u00fctter mit kleinen Kindern und niedrigen Einkommen durch die im Vergleich zum fr\u00fcheren Erziehungsgeld k\u00fcrzere Bezugszeit des Elterngeldes gezwungen werden, fr\u00fcher erwerbst\u00e4tig sein zu m\u00fcssen. F\u00fcr uns ist dies ein verfehlter Ansatz.\u201c Der Familienbund fordert, das Elterngeld auf die gesamte Elternzeit zu erweitern.\u00c2\u00a0 Kindergeld, Elterngeld und Ehegattensplitting unterst\u00fctzen Eltern dabei, ihren Kinderwunsch umzusetzen und Zeit f\u00fcr Kinder zu haben. \u201eAusgerechnet die Ma\u00dfnahmen, die von Eltern in der Akzeptanzanalyse der Gesamtevaluation besonders positiv bewertet wurden, werden von den Wirtschaftsforschungsinstituten in Frage gestellt\u201c, bedauerte Hubert Schulte.<\/p>\n","protected":false},"excerpt":{"rendered":"<div class=\"tmnf_excerpt\"><p>Fulda. Der Familienbund der Katholiken hat die gestern vorgestellten Ergebnisse und Empfehlungen der Gesamtevaluation familienpolitischer Leistungen stark kritisiert. \u201eFamilien werden in dieser Bewertung rein aus der \u00f6konomischen Perspektive betrachtet und f\u00fcr die Belange des Staates und des Arbeitsmarktes verzweckt. Die Empfehlungen der Wirtschaftsforschungsinstitute gehen deshalb in weiten Teilen an den W\u00fcnschen der Familien und den &hellip;<\/p>\n<\/div>","protected":false},"author":1,"featured_media":0,"comment_status":"closed","ping_status":"closed","sticky":false,"template":"","format":"standard","meta":{"footnotes":""},"categories":[1],"tags":[],"class_list":["post-114911","post","type-post","status-publish","format-standard","hentry","category-startseite"],"_links":{"self":[{"href":"https:\/\/www.fuldaernachrichten.de\/index.php?rest_route=\/wp\/v2\/posts\/114911","targetHints":{"allow":["GET"]}}],"collection":[{"href":"https:\/\/www.fuldaernachrichten.de\/index.php?rest_route=\/wp\/v2\/posts"}],"about":[{"href":"https:\/\/www.fuldaernachrichten.de\/index.php?rest_route=\/wp\/v2\/types\/post"}],"author":[{"embeddable":true,"href":"https:\/\/www.fuldaernachrichten.de\/index.php?rest_route=\/wp\/v2\/users\/1"}],"replies":[{"embeddable":true,"href":"https:\/\/www.fuldaernachrichten.de\/index.php?rest_route=%2Fwp%2Fv2%2Fcomments&post=114911"}],"version-history":[{"count":1,"href":"https:\/\/www.fuldaernachrichten.de\/index.php?rest_route=\/wp\/v2\/posts\/114911\/revisions"}],"predecessor-version":[{"id":114912,"href":"https:\/\/www.fuldaernachrichten.de\/index.php?rest_route=\/wp\/v2\/posts\/114911\/revisions\/114912"}],"wp:attachment":[{"href":"https:\/\/www.fuldaernachrichten.de\/index.php?rest_route=%2Fwp%2Fv2%2Fmedia&parent=114911"}],"wp:term":[{"taxonomy":"category","embeddable":true,"href":"https:\/\/www.fuldaernachrichten.de\/index.php?rest_route=%2Fwp%2Fv2%2Fcategories&post=114911"},{"taxonomy":"post_tag","embeddable":true,"href":"https:\/\/www.fuldaernachrichten.de\/index.php?rest_route=%2Fwp%2Fv2%2Ftags&post=114911"}],"curies":[{"name":"wp","href":"https:\/\/api.w.org\/{rel}","templated":true}]}}