{"id":114905,"date":"2013-10-04T06:43:06","date_gmt":"2013-10-04T06:43:06","guid":{"rendered":"http:\/\/www.fuldaer-nachrichten.de\/?p=114905"},"modified":"2013-10-04T06:43:06","modified_gmt":"2013-10-04T06:43:06","slug":"dritter-eichenzeller-gesundheitstag","status":"publish","type":"post","link":"https:\/\/www.fuldaernachrichten.de\/?p=114905","title":{"rendered":"Dritter Eichenzeller Gesundheitstag"},"content":{"rendered":"<p><img decoding=\"async\" class=\"alignleft size-thumbnail wp-image-114906\" alt=\"Gesundheitstag\" src=\"http:\/\/www.fuldaer-nachrichten.de\/wp-content\/uploads\/2013\/10\/Gesundheitstag-265x175.jpg\" width=\"265\" height=\"175\" srcset=\"https:\/\/www.fuldaernachrichten.de\/wp-content\/uploads\/2013\/10\/Gesundheitstag-265x175.jpg 265w, https:\/\/www.fuldaernachrichten.de\/wp-content\/uploads\/2013\/10\/Gesundheitstag.jpg 600w\" sizes=\"(max-width: 265px) 100vw, 265px\" \/>Eichenzell. Viele wertvolle Tipps zur Vermeidung von Krankheiten,\u00c2\u00a0 Fr\u00fcherkennung, Therapien und Behandlungen gibt der dritte Eichenzeller Gesundheitstag am 12. Oktober 2013 ab 11.00 Uhr in der Kulturscheune Eichenzell. Eine Expertengruppe aus \u00c4rzten, Physiotherapeuten, Wissenschaftlern, Selbsthilfegruppen, Vereinen und Initiativen ber\u00e4t zu zahlreichen Gesundheitsthemen und zeigt Wege aus der Krankheit auf. Zeitgleich zur Ausstellung finden interessante Fachvortr\u00e4ge in der benachbarten Neuland Stiftung statt. Die Themen sind vielf\u00e4ltig und gehen von Behandlungsm\u00f6glichkeiten bei Osteoporose und Kopfschmerz bis hin zur Information zu Vorsorgevollmacht, Betreuungs- und Patientenverf\u00fcgung. F\u00fcr die informative Kombination aus Beratungsm\u00f6glichkeit\u00c2\u00a0 und Fachvortr\u00e4gen konnten die Veranstalter 25 Aussteller und 7 Referenten gewinnen. Informationen bei der Selbsthilfegruppe Notbremse e.V. unter Tel. 0661\/ 20 69 80 59.<\/p>\n<p>&nbsp;<\/p>\n","protected":false},"excerpt":{"rendered":"<div class=\"tmnf_excerpt\"><p>Eichenzell. Viele wertvolle Tipps zur Vermeidung von Krankheiten,\u00c2\u00a0 Fr\u00fcherkennung, Therapien und Behandlungen gibt der dritte Eichenzeller Gesundheitstag am 12. Oktober 2013 ab 11.00 Uhr in der Kulturscheune Eichenzell. Eine Expertengruppe aus \u00c4rzten, Physiotherapeuten, Wissenschaftlern, Selbsthilfegruppen, Vereinen und Initiativen ber\u00e4t zu zahlreichen Gesundheitsthemen und zeigt Wege aus der Krankheit auf. Zeitgleich zur Ausstellung finden interessante Fachvortr\u00e4ge &hellip;<\/p>\n<\/div>","protected":false},"author":1,"featured_media":0,"comment_status":"closed","ping_status":"closed","sticky":false,"template":"","format":"standard","meta":{"footnotes":""},"categories":[1],"tags":[],"class_list":["post-114905","post","type-post","status-publish","format-standard","hentry","category-startseite"],"_links":{"self":[{"href":"https:\/\/www.fuldaernachrichten.de\/index.php?rest_route=\/wp\/v2\/posts\/114905","targetHints":{"allow":["GET"]}}],"collection":[{"href":"https:\/\/www.fuldaernachrichten.de\/index.php?rest_route=\/wp\/v2\/posts"}],"about":[{"href":"https:\/\/www.fuldaernachrichten.de\/index.php?rest_route=\/wp\/v2\/types\/post"}],"author":[{"embeddable":true,"href":"https:\/\/www.fuldaernachrichten.de\/index.php?rest_route=\/wp\/v2\/users\/1"}],"replies":[{"embeddable":true,"href":"https:\/\/www.fuldaernachrichten.de\/index.php?rest_route=%2Fwp%2Fv2%2Fcomments&post=114905"}],"version-history":[{"count":1,"href":"https:\/\/www.fuldaernachrichten.de\/index.php?rest_route=\/wp\/v2\/posts\/114905\/revisions"}],"predecessor-version":[{"id":114907,"href":"https:\/\/www.fuldaernachrichten.de\/index.php?rest_route=\/wp\/v2\/posts\/114905\/revisions\/114907"}],"wp:attachment":[{"href":"https:\/\/www.fuldaernachrichten.de\/index.php?rest_route=%2Fwp%2Fv2%2Fmedia&parent=114905"}],"wp:term":[{"taxonomy":"category","embeddable":true,"href":"https:\/\/www.fuldaernachrichten.de\/index.php?rest_route=%2Fwp%2Fv2%2Fcategories&post=114905"},{"taxonomy":"post_tag","embeddable":true,"href":"https:\/\/www.fuldaernachrichten.de\/index.php?rest_route=%2Fwp%2Fv2%2Ftags&post=114905"}],"curies":[{"name":"wp","href":"https:\/\/api.w.org\/{rel}","templated":true}]}}