{"id":114900,"date":"2013-10-04T06:54:17","date_gmt":"2013-10-04T06:54:17","guid":{"rendered":"http:\/\/www.fuldaer-nachrichten.de\/?p=114900"},"modified":"2013-10-04T06:54:17","modified_gmt":"2013-10-04T06:54:17","slug":"kreative-bewerbungsflut-fuer-team-building-statt-wandertag-foerstina-sprudel-sponsert-erlebnistage","status":"publish","type":"post","link":"https:\/\/www.fuldaernachrichten.de\/?p=114900","title":{"rendered":"Kreative Bewerbungsflut f\u00fcr \u201eTeam-Building\u201c statt Wandertag &#8211; F\u00f6rstina-Sprudel sponsert Erlebnistage"},"content":{"rendered":"<div id=\"attachment_114901\" style=\"width: 570px\" class=\"wp-caption alignnone\"><img fetchpriority=\"high\" decoding=\"async\" aria-describedby=\"caption-attachment-114901\" class=\"size-full wp-image-114901\" alt=\"Carolin Staubach (Pro Impuls), Gerhard Bub (Verkaufsleiter F\u00f6rstina) und Peter Seufert (Marketingleiter F\u00f6rstina) zogen die Gewinner aus einer Flut von Bewerbungen. \" src=\"http:\/\/www.fuldaer-nachrichten.de\/wp-content\/uploads\/2013\/10\/7717.jpg\" width=\"560\" height=\"360\" \/><p id=\"caption-attachment-114901\" class=\"wp-caption-text\">Carolin Staubach (Pro Impuls), Gerhard Bub (Verkaufsleiter F\u00f6rstina) und Peter Seufert (Marketingleiter F\u00f6rstina) zogen die Gewinner aus einer Flut von Bewerbungen.<\/p><\/div>\n<p>Eichenzell-L\u00fctter. Zu Beginn des neuen Schuljahres wurden viele Sch\u00fclerinnen und Sch\u00fcler zu neuen Gruppen zusammengew\u00fcrfelt. Um den Einstieg zu erleichtern sponsert der Mineralbrunnen F\u00f6rstina-Sprudel f\u00fcr acht 5. Schulklassen im Landkreis Fulda Erlebnistage mit dem Outdoor-Anbieter \u201ePRO Impuls\u201c. Aus mehr als 30 \u00fcberaus kreativen Bewerbungen wurden nun die Gewinner gezogen.<!--more--><\/p>\n<p>\u201eMit unserer Aktion wollen wir den Sch\u00fclerinnen und Sch\u00fclern der neuen 5. Klassen einen nachhaltigen Einstieg in einen neuen und spannenden Abschnitt des Schullebens erm\u00f6glichen.\u00c2\u00a0 Wir verlosen daher acht Erlebnistage, die den Sch\u00fclern die M\u00f6glichkeit bieten, sich besser kennen zu lernen, Pers\u00f6nlichkeiten zu entfalten, die eigenen Grenzen auszuloten und so ein stabiles Fundament f\u00fcr die Klassengemeinschaft zu schaffen\u201c, erkl\u00e4rt Peter Seufert. Der Marketingleiter des Mineralbrunnens F\u00f6rstina-Sprudel in Eichenzell-L\u00fctter zeigte sich begeistert: \u00dcber die Vielzahl der Bewerbungen und vor allem die Kreativit\u00e4t, wie die einzelnen Klassen auf sich aufmerksam machten und ihre Bewerbung begr\u00fcndeten. Da wurde gebastelt, ausgeschnitten, geklebt, geh\u00e4kelt, fotografiert, gemalt und sogar ein Bewerbungs-Lied geschrieben.<\/p>\n<p>\u201eViele Lehrer haben bei uns angerufen, sich nach dem Aufruf in der Presse weiter informiert und das Thema dann in ihren Klassen angesprochen. Das zeigt, dass wir mit unserer gemeinsamen Aktion den Nagel auf den Kopf getroffen haben\u201c, freut sich auch Outdoor-Trainerin Carolin Staubach, die mit ihrer auf \u201eTeam-Building\u201c-Ma\u00dfnahmen spezialisierten K\u00fcnzeller Agentur \u201e<i>PRO IMPULS\u201c <\/i>die Konzepterstellung und (erlebnis-)p\u00e4dagogische Betreuung der Erlebnistage \u00fcbernimmt. \u201eGanzheitliche Konzepte, die vielseitige Landschaft der Rh\u00f6n und das gute Gef\u00fchl am Tagesende, bieten den Sch\u00fclern Lern- und Entwicklungschancen auf individueller und kollektiver Ebene. Der Spa\u00df ist dabei nat\u00fcrlich jederzeit ein wichtiger Begleiter\u201c, erkl\u00e4rt sie.<\/p>\n<p>Unter den 32 5. Schulklassen, die sich f\u00fcr die Aktion bewarben, wurden nun acht Erlebnistage verlost, f\u00fcr die drei Module zur Auswahl stehen: Eine spannende <b>Flo\u00dfbau<\/b>-Aktion auf dem Guckaisee, ein herausforderndes Klettererlebnis am <b>TEAM-Tower<\/b> (Top-Rope-Hochseilgarten) in Poppenhausen oder eine erlebnisreiche <b>Abenteuertour<\/b> rund um die Wasserkuppe. Das jeweilige Programm wird nun individuell zwischen den Gewinnern und <i>PRO IMPULS<\/i> abgestimmt, stattfinden sollen die Erlebnistage in den beiden Wochen nach den Herbstferien.<\/p>\n<p>F\u00f6rstina-Marketingleiter Peter Seufert freut sich derweil \u00fcber die zahlreichen Bewerbungen f\u00fcr die \u201eTeam-Tage\u201c:<b> <\/b>\u201eDie Kernbotschaften<b> <\/b>unserer Marke F\u00f6rstina Sprudel<b> <\/b>sind \u00e2\u20ac\u0161wertvoll, regional und nachhaltig\u00e2\u20ac\u02dc \u2013 und diese Attribute treffen auch voll und ganz auf unsere Erlebnistage f\u00fcr die 5. Schulklassen zu. Die bei uns eingegangenen Bewerbungen h\u00e4tten eigentlich alle einen Hauptpreis verdient. Schlie\u00dflich mussten wir das Los entscheiden lassen. Die Gewinner werden in den n\u00e4chsten Tagen schriftlich informiert.\u201c Als Dankesch\u00f6n, f\u00fcr die Arbeit die die Klassen sich gemacht haben, haben die Veranstalter sich kurzerhand noch einen Trostpreis \u00fcberlegt: \u201eAlle teilnehmenden Klassen erhalten 50 Euro f\u00fcr die Klassenkasse und einen Getr\u00e4nkegutschein f\u00fcr die n\u00e4chste Klassenfahrt\u201c, erkl\u00e4rt Peter Seufert. Und Carolin Staubach legt noch einen Rabatt-Gutschein f\u00fcr weitere Erlebnistage mit Pro Impuls oben drauf.<\/p>\n<p><b>Die Gewinnerklassen:<\/b><\/p>\n<ol>\n<li>Klasse 5 der Don Bosco Schule K\u00fcnzell (Abenteuertour)<\/li>\n<li>Klasse 5a der Oberwaldschule Grebenhain (Abenteuertour)<\/li>\n<li>Klasse R5a der Van Galen Schule Eichenzell (Team Tower)<\/li>\n<li>Klasse H5 der Biebertalschule Hofbieber (Team Tower)<\/li>\n<li>Klasse M der Mittelstufe der Anne Frank Schule Gersfeld (Team Tower)<\/li>\n<li>Klasse G5 der Lichtbergschule Eiterfeld (Flo\u00dfbau)<\/li>\n<li>Klasse 5d der Winfriedschule Fulda (Flo\u00dfbau)<\/li>\n<li>Klasse 5R der Marienschule Fulda (Flo\u00dfbau)<\/li>\n<\/ol>\n","protected":false},"excerpt":{"rendered":"<div class=\"tmnf_excerpt\"><p>Eichenzell-L\u00fctter. Zu Beginn des neuen Schuljahres wurden viele Sch\u00fclerinnen und Sch\u00fcler zu neuen Gruppen zusammengew\u00fcrfelt. Um den Einstieg zu erleichtern sponsert der Mineralbrunnen F\u00f6rstina-Sprudel f\u00fcr acht 5. Schulklassen im Landkreis Fulda Erlebnistage mit dem Outdoor-Anbieter \u201ePRO Impuls\u201c. Aus mehr als 30 \u00fcberaus kreativen Bewerbungen wurden nun die Gewinner gezogen.<\/p>\n<\/div>","protected":false},"author":1,"featured_media":0,"comment_status":"closed","ping_status":"closed","sticky":false,"template":"","format":"standard","meta":{"footnotes":""},"categories":[1],"tags":[],"class_list":["post-114900","post","type-post","status-publish","format-standard","hentry","category-startseite"],"_links":{"self":[{"href":"https:\/\/www.fuldaernachrichten.de\/index.php?rest_route=\/wp\/v2\/posts\/114900","targetHints":{"allow":["GET"]}}],"collection":[{"href":"https:\/\/www.fuldaernachrichten.de\/index.php?rest_route=\/wp\/v2\/posts"}],"about":[{"href":"https:\/\/www.fuldaernachrichten.de\/index.php?rest_route=\/wp\/v2\/types\/post"}],"author":[{"embeddable":true,"href":"https:\/\/www.fuldaernachrichten.de\/index.php?rest_route=\/wp\/v2\/users\/1"}],"replies":[{"embeddable":true,"href":"https:\/\/www.fuldaernachrichten.de\/index.php?rest_route=%2Fwp%2Fv2%2Fcomments&post=114900"}],"version-history":[{"count":1,"href":"https:\/\/www.fuldaernachrichten.de\/index.php?rest_route=\/wp\/v2\/posts\/114900\/revisions"}],"predecessor-version":[{"id":114902,"href":"https:\/\/www.fuldaernachrichten.de\/index.php?rest_route=\/wp\/v2\/posts\/114900\/revisions\/114902"}],"wp:attachment":[{"href":"https:\/\/www.fuldaernachrichten.de\/index.php?rest_route=%2Fwp%2Fv2%2Fmedia&parent=114900"}],"wp:term":[{"taxonomy":"category","embeddable":true,"href":"https:\/\/www.fuldaernachrichten.de\/index.php?rest_route=%2Fwp%2Fv2%2Fcategories&post=114900"},{"taxonomy":"post_tag","embeddable":true,"href":"https:\/\/www.fuldaernachrichten.de\/index.php?rest_route=%2Fwp%2Fv2%2Ftags&post=114900"}],"curies":[{"name":"wp","href":"https:\/\/api.w.org\/{rel}","templated":true}]}}