{"id":114896,"date":"2013-10-04T06:37:25","date_gmt":"2013-10-04T06:37:25","guid":{"rendered":"http:\/\/www.fuldaer-nachrichten.de\/?p=114896"},"modified":"2013-10-04T06:37:25","modified_gmt":"2013-10-04T06:37:25","slug":"menschen-mit-behinderung-machen-kunst","status":"publish","type":"post","link":"https:\/\/www.fuldaernachrichten.de\/?p=114896","title":{"rendered":"Menschen mit Behinderung machen Kunst"},"content":{"rendered":"<p><b><img fetchpriority=\"high\" decoding=\"async\" class=\"alignleft size-thumbnail wp-image-114897\" alt=\"zu 70-cs_K\u00fcnstler_in_Aktion_P2147309caritas\" src=\"http:\/\/www.fuldaer-nachrichten.de\/wp-content\/uploads\/2013\/10\/zu-70-cs_K\u00fcnstler_in_Aktion_P2147309caritas-265x210.jpg\" width=\"265\" height=\"210\" \/>Fulda (cif).<\/b> Mit einer Vernissage beginnt am Mittwochabend, 9. Oktober, die Ausstellung \u201eBemerkenswert\u201c der K\u00fcnstler von \u201eKullerArt\u201c\u00c2\u00a0 (Caritas) und \u201eFarbKlekse\u201c (Lebenshilfe) im Kundenzentrum der Rh\u00f6nEnergie Fulda in der Bahnhofstra\u00dfe (ehemals \u00dcwag-Haus). 50 K\u00fcnstler stellen ab dann in den kommenden Wochen 50 Werke aus, die Ausstellung geht bis Anfang November. Bei der \u00f6ffentlichen Vernissage spricht f\u00fcr die Caritas Vorstandsmitglied Malte Crome. Das Ausstellungsprojekt und die beteiligten Menschen mit Behinderung\u00c2\u00a0 wird Dipl. Kunsttherapeutin Nicole K\u00fcmmel vorstellen, die seit Jahren die K\u00fcnstler in ihren gemeinsamen Werkstunden begleitet. Die Feier zur Ausstellungser\u00f6ffnung beginnt um 18 Uhr, anschlie\u00dfend wird f\u00fcr die Anwesenden ein Imbiss gereicht, und es besteht die M\u00f6glichkeit zum ersten betrachten der Exponate und zum Gedankenaustausch.<\/p>\n","protected":false},"excerpt":{"rendered":"<div class=\"tmnf_excerpt\"><p>Fulda (cif). Mit einer Vernissage beginnt am Mittwochabend, 9. Oktober, die Ausstellung \u201eBemerkenswert\u201c der K\u00fcnstler von \u201eKullerArt\u201c\u00c2\u00a0 (Caritas) und \u201eFarbKlekse\u201c (Lebenshilfe) im Kundenzentrum der Rh\u00f6nEnergie Fulda in der Bahnhofstra\u00dfe (ehemals \u00dcwag-Haus). 50 K\u00fcnstler stellen ab dann in den kommenden Wochen 50 Werke aus, die Ausstellung geht bis Anfang November. Bei der \u00f6ffentlichen Vernissage spricht f\u00fcr &hellip;<\/p>\n<\/div>","protected":false},"author":1,"featured_media":0,"comment_status":"closed","ping_status":"closed","sticky":false,"template":"","format":"standard","meta":{"footnotes":""},"categories":[1],"tags":[],"class_list":["post-114896","post","type-post","status-publish","format-standard","hentry","category-startseite"],"_links":{"self":[{"href":"https:\/\/www.fuldaernachrichten.de\/index.php?rest_route=\/wp\/v2\/posts\/114896","targetHints":{"allow":["GET"]}}],"collection":[{"href":"https:\/\/www.fuldaernachrichten.de\/index.php?rest_route=\/wp\/v2\/posts"}],"about":[{"href":"https:\/\/www.fuldaernachrichten.de\/index.php?rest_route=\/wp\/v2\/types\/post"}],"author":[{"embeddable":true,"href":"https:\/\/www.fuldaernachrichten.de\/index.php?rest_route=\/wp\/v2\/users\/1"}],"replies":[{"embeddable":true,"href":"https:\/\/www.fuldaernachrichten.de\/index.php?rest_route=%2Fwp%2Fv2%2Fcomments&post=114896"}],"version-history":[{"count":1,"href":"https:\/\/www.fuldaernachrichten.de\/index.php?rest_route=\/wp\/v2\/posts\/114896\/revisions"}],"predecessor-version":[{"id":114898,"href":"https:\/\/www.fuldaernachrichten.de\/index.php?rest_route=\/wp\/v2\/posts\/114896\/revisions\/114898"}],"wp:attachment":[{"href":"https:\/\/www.fuldaernachrichten.de\/index.php?rest_route=%2Fwp%2Fv2%2Fmedia&parent=114896"}],"wp:term":[{"taxonomy":"category","embeddable":true,"href":"https:\/\/www.fuldaernachrichten.de\/index.php?rest_route=%2Fwp%2Fv2%2Fcategories&post=114896"},{"taxonomy":"post_tag","embeddable":true,"href":"https:\/\/www.fuldaernachrichten.de\/index.php?rest_route=%2Fwp%2Fv2%2Ftags&post=114896"}],"curies":[{"name":"wp","href":"https:\/\/api.w.org\/{rel}","templated":true}]}}