{"id":114894,"date":"2013-10-04T00:10:29","date_gmt":"2013-10-04T00:10:29","guid":{"rendered":"http:\/\/www.fuldaer-nachrichten.de\/?p=114894"},"modified":"2013-10-04T06:36:29","modified_gmt":"2013-10-04T06:36:29","slug":"ein-neues-spielzimmer-fuer-die-muetze","status":"publish","type":"post","link":"https:\/\/www.fuldaernachrichten.de\/?p=114894","title":{"rendered":"Ein neues Spielzimmer f\u00fcr \u201eDie M\u00dcTZE\u201c"},"content":{"rendered":"<p>Fulda. Der F\u00f6rderverein der Bildungs- und Begegnungsst\u00e4tte M\u00fctterzentrum Fulda e. V. \u00fcbernahm dank zahlreicher Spenden, Basarerl\u00f6sen und Aktionen die anfallenden Kosten f\u00fcr die n\u00f6tige Renovierung des gro\u00dfen Spielzimmers in H\u00f6he von 3500 Euro. Die offizielle \u00dcbergabe fand im Rahmen der Mitgliederversammlung des F\u00f6rdervereins statt. Der Vorstand \u201eDer M\u00dcTZE\u201c bedankte sich im Namen der Kinder und Familien recht herzlich f\u00fcr die Unterst\u00fctzung des F\u00f6rdervereins und deren vielen Helfer.<\/p>\n","protected":false},"excerpt":{"rendered":"<div class=\"tmnf_excerpt\"><p>Fulda. Der F\u00f6rderverein der Bildungs- und Begegnungsst\u00e4tte M\u00fctterzentrum Fulda e. V. \u00fcbernahm dank zahlreicher Spenden, Basarerl\u00f6sen und Aktionen die anfallenden Kosten f\u00fcr die n\u00f6tige Renovierung des gro\u00dfen Spielzimmers in H\u00f6he von 3500 Euro. Die offizielle \u00dcbergabe fand im Rahmen der Mitgliederversammlung des F\u00f6rdervereins statt. Der Vorstand \u201eDer M\u00dcTZE\u201c bedankte sich im Namen der Kinder und &hellip;<\/p>\n<\/div>","protected":false},"author":1,"featured_media":0,"comment_status":"closed","ping_status":"closed","sticky":false,"template":"","format":"standard","meta":{"footnotes":""},"categories":[1],"tags":[],"class_list":["post-114894","post","type-post","status-publish","format-standard","hentry","category-startseite"],"_links":{"self":[{"href":"https:\/\/www.fuldaernachrichten.de\/index.php?rest_route=\/wp\/v2\/posts\/114894","targetHints":{"allow":["GET"]}}],"collection":[{"href":"https:\/\/www.fuldaernachrichten.de\/index.php?rest_route=\/wp\/v2\/posts"}],"about":[{"href":"https:\/\/www.fuldaernachrichten.de\/index.php?rest_route=\/wp\/v2\/types\/post"}],"author":[{"embeddable":true,"href":"https:\/\/www.fuldaernachrichten.de\/index.php?rest_route=\/wp\/v2\/users\/1"}],"replies":[{"embeddable":true,"href":"https:\/\/www.fuldaernachrichten.de\/index.php?rest_route=%2Fwp%2Fv2%2Fcomments&post=114894"}],"version-history":[{"count":1,"href":"https:\/\/www.fuldaernachrichten.de\/index.php?rest_route=\/wp\/v2\/posts\/114894\/revisions"}],"predecessor-version":[{"id":114895,"href":"https:\/\/www.fuldaernachrichten.de\/index.php?rest_route=\/wp\/v2\/posts\/114894\/revisions\/114895"}],"wp:attachment":[{"href":"https:\/\/www.fuldaernachrichten.de\/index.php?rest_route=%2Fwp%2Fv2%2Fmedia&parent=114894"}],"wp:term":[{"taxonomy":"category","embeddable":true,"href":"https:\/\/www.fuldaernachrichten.de\/index.php?rest_route=%2Fwp%2Fv2%2Fcategories&post=114894"},{"taxonomy":"post_tag","embeddable":true,"href":"https:\/\/www.fuldaernachrichten.de\/index.php?rest_route=%2Fwp%2Fv2%2Ftags&post=114894"}],"curies":[{"name":"wp","href":"https:\/\/api.w.org\/{rel}","templated":true}]}}