{"id":114888,"date":"2013-10-04T06:31:21","date_gmt":"2013-10-04T06:31:21","guid":{"rendered":"http:\/\/www.fuldaer-nachrichten.de\/?p=114888"},"modified":"2013-10-04T06:31:21","modified_gmt":"2013-10-04T06:31:21","slug":"barock-trifft-moderne-am-forstamt-burghaun","status":"publish","type":"post","link":"https:\/\/www.fuldaernachrichten.de\/?p=114888","title":{"rendered":"Barock trifft Moderne am Forstamt Burghaun"},"content":{"rendered":"<div id=\"attachment_114889\" style=\"width: 275px\" class=\"wp-caption alignleft\"><img fetchpriority=\"high\" decoding=\"async\" aria-describedby=\"caption-attachment-114889\" class=\"size-thumbnail wp-image-114889\" alt=\"Norbert Diener im kleinen Park der historischen Anlage, der vom verglasten Mehrzweckraum im neuen Anbau aus zug\u00e4ngig ist.  Foto: Bickert\" src=\"http:\/\/www.fuldaer-nachrichten.de\/wp-content\/uploads\/2013\/10\/439-Hessenforst-Norbert-Diener-265x198.jpg\" width=\"265\" height=\"198\" srcset=\"https:\/\/www.fuldaernachrichten.de\/wp-content\/uploads\/2013\/10\/439-Hessenforst-Norbert-Diener-265x198.jpg 265w, https:\/\/www.fuldaernachrichten.de\/wp-content\/uploads\/2013\/10\/439-Hessenforst-Norbert-Diener.jpg 600w\" sizes=\"(max-width: 265px) 100vw, 265px\" \/><p id=\"caption-attachment-114889\" class=\"wp-caption-text\">Norbert Diener im kleinen Park der historischen Anlage, der vom verglasten Mehrzweckraum im neuen Anbau aus zug\u00e4ngig ist. Foto: Bickert<\/p><\/div>\n<p>Burghaun. Das ehemalige f\u00fcrst\u00e4btliche Jagdschloss, vom Fuldaer F\u00fcrstabt Amand von Buseck (1737-1756) im Jahr 1744 erbaut, beherbergt das Forstamt Burghaun, das dem Landesbetrieb Hessen-Forst untersteht. Ein im Jahr 2010 eingeweihter, moderner Erweiterungsbau beendete die beengten Arbeitsm\u00f6glichkeiten f\u00fcr die Mitarbeiter. Als im Jahr 2005 durch die Forstreform die Gebiete neu zugeordnet und kleinere Forst\u00e4mter geschlossen wurden, mussten die Mitarbeiter der Forstverwaltung am Standort Burghaun eng zusammenr\u00fccken. \u201eDer Not gehorchend und nach intensiven Verhandlungen mit der Landesbetriebsleitung erhielten wir schlie\u00dflich die Genehmigung, einen Erweiterungsbau zu realisieren\u201c, erkl\u00e4rt Norbert Diener, Bereichsleiter f\u00fcr Dienstleistung\/Hoheit, die Beweggr\u00fcnde f\u00fcr die Bauma\u00dfnahme. F\u00fcr die Umsetzung stellte das Hessische Landesamt f\u00fcr Denkmalpflege allerdings einige Bedingungen, insbesondere die Erhaltung des Gesamtensembles einschlie\u00dflich des parallel verlaufenden Betriebsgeb\u00e4udes.<!--more--><\/p>\n<p>Schlie\u00dflich entschied sich das Forstamt Burghaun als Bauherr \u2013 in Abstimmung mit Architekten und der unteren Denkmalpflege des Landkreises Fulda \u2013 f\u00fcr die Version eines Pavillon-Anbaus. Der eingeschossige Neubau in Holzrahmenbauweise mit unbehandelter L\u00e4rche-Verschalung und begr\u00fcntem Flachdach sollte \u00fcber ein transparentes Verbindungs-Foyer mit dem historischen Hauptgeb\u00e4ude verbunden werden und so die L\u00fccke zum gegen\u00fcberliegenden Betriebsgeb\u00e4ude schlie\u00dfen. In den dadurch gewonnenen neuen R\u00e4umlichkeiten wurden ein zum Park ausgerichteter Sitzungssaal, drei B\u00fcror\u00e4ume, eine Teek\u00fcche und sanit\u00e4re Einrichtungen mit Behinderten-WC untergebracht.<\/p>\n<p>\u201eDie Gesamtkosten des Anbaus beliefen sich auf 350.000 Euro, hinzu kamen weitere 140.000 Euro f\u00fcr diverse Sanierungsma\u00dfnahmen im barocken Hauptgeb\u00e4ude\u201c, sagt Norbert Diener. Diese Summe habe Hessen-Forst alleine stemmen m\u00fcssen, bedauert der Betriebsleiter. Zusch\u00fcsse aus der Denkmalpflege oder andere Finanzspritzen der \u00f6ffentlichen Hand seien leider nicht geflossen. Der eklatante Unterschied zwischen dem barocken Jagdschloss einerseits sowie dem Betriebsgeb\u00e4ude und dem modernen Anbau andererseits macht den Charme des Ensembles aus. Barockes trifft auf Modernes und dennoch f\u00fcgt sich alles stilsicher zusammen. Wie es sich f\u00fcr eine Forst- und Umweltbeh\u00f6rde geh\u00f6rt, entspricht der Neubau energetischen Standards.<\/p>\n<p>Eine Besonderheit hat sich erst im Zuge der Bauarbeiten ergeben. An der Stelle, wo fr\u00fcher ein alter Holzschuppen zwischen den beiden Geb\u00e4uden stand, fanden die Arbeiter eine alte Zisterne. Diese wurde freigelegt, baulich gesichert, innen beleuchtet und mit einer Glasplatte versehen, so dass man das Wasser in der Tiefe sehen kann. Dass die Hunde der Revierf\u00f6rster, die zu Besprechungen in das Forstamt kommen, nicht auf die Glasplatte treten wollen und immer einen gro\u00dfen Bogen um das Gebilde im Boden machen, sorgt bei den Mitarbeitern in Burghaun regelm\u00e4\u00dfig f\u00fcr Heiterkeit.<\/p>\n","protected":false},"excerpt":{"rendered":"<div class=\"tmnf_excerpt\"><p>Burghaun. Das ehemalige f\u00fcrst\u00e4btliche Jagdschloss, vom Fuldaer F\u00fcrstabt Amand von Buseck (1737-1756) im Jahr 1744 erbaut, beherbergt das Forstamt Burghaun, das dem Landesbetrieb Hessen-Forst untersteht. Ein im Jahr 2010 eingeweihter, moderner Erweiterungsbau beendete die beengten Arbeitsm\u00f6glichkeiten f\u00fcr die Mitarbeiter. Als im Jahr 2005 durch die Forstreform die Gebiete neu zugeordnet und kleinere Forst\u00e4mter geschlossen wurden, &hellip;<\/p>\n<\/div>","protected":false},"author":1,"featured_media":0,"comment_status":"closed","ping_status":"closed","sticky":false,"template":"","format":"standard","meta":{"footnotes":""},"categories":[1],"tags":[],"class_list":["post-114888","post","type-post","status-publish","format-standard","hentry","category-startseite"],"_links":{"self":[{"href":"https:\/\/www.fuldaernachrichten.de\/index.php?rest_route=\/wp\/v2\/posts\/114888","targetHints":{"allow":["GET"]}}],"collection":[{"href":"https:\/\/www.fuldaernachrichten.de\/index.php?rest_route=\/wp\/v2\/posts"}],"about":[{"href":"https:\/\/www.fuldaernachrichten.de\/index.php?rest_route=\/wp\/v2\/types\/post"}],"author":[{"embeddable":true,"href":"https:\/\/www.fuldaernachrichten.de\/index.php?rest_route=\/wp\/v2\/users\/1"}],"replies":[{"embeddable":true,"href":"https:\/\/www.fuldaernachrichten.de\/index.php?rest_route=%2Fwp%2Fv2%2Fcomments&post=114888"}],"version-history":[{"count":1,"href":"https:\/\/www.fuldaernachrichten.de\/index.php?rest_route=\/wp\/v2\/posts\/114888\/revisions"}],"predecessor-version":[{"id":114890,"href":"https:\/\/www.fuldaernachrichten.de\/index.php?rest_route=\/wp\/v2\/posts\/114888\/revisions\/114890"}],"wp:attachment":[{"href":"https:\/\/www.fuldaernachrichten.de\/index.php?rest_route=%2Fwp%2Fv2%2Fmedia&parent=114888"}],"wp:term":[{"taxonomy":"category","embeddable":true,"href":"https:\/\/www.fuldaernachrichten.de\/index.php?rest_route=%2Fwp%2Fv2%2Fcategories&post=114888"},{"taxonomy":"post_tag","embeddable":true,"href":"https:\/\/www.fuldaernachrichten.de\/index.php?rest_route=%2Fwp%2Fv2%2Ftags&post=114888"}],"curies":[{"name":"wp","href":"https:\/\/api.w.org\/{rel}","templated":true}]}}