{"id":114884,"date":"2013-10-04T06:22:55","date_gmt":"2013-10-04T06:22:55","guid":{"rendered":"http:\/\/www.fuldaer-nachrichten.de\/?p=114884"},"modified":"2013-10-04T06:22:55","modified_gmt":"2013-10-04T06:22:55","slug":"komoedie-kohlhaas-oder-die-verhaeltnismaessigkeit-der-mittel-heute-im-cafe-panama","status":"publish","type":"post","link":"https:\/\/www.fuldaernachrichten.de\/?p=114884","title":{"rendered":"Kom\u00f6die \u201eKohlhaas- oder die Verh\u00e4ltnism\u00e4\u00dfigkeit der Mittel\u201c heute im Caf\u00e9 Panama"},"content":{"rendered":"<p><img decoding=\"async\" class=\"alignleft size-thumbnail wp-image-114885\" alt=\"128_KOHLHAAS_still 1\" src=\"http:\/\/www.fuldaer-nachrichten.de\/wp-content\/uploads\/2013\/10\/128_KOHLHAAS_still-1-265x132.jpg\" width=\"265\" height=\"132\" srcset=\"https:\/\/www.fuldaernachrichten.de\/wp-content\/uploads\/2013\/10\/128_KOHLHAAS_still-1-265x132.jpg 265w, https:\/\/www.fuldaernachrichten.de\/wp-content\/uploads\/2013\/10\/128_KOHLHAAS_still-1.jpg 600w\" sizes=\"(max-width: 265px) 100vw, 265px\" \/>Fulda. Die Kultur- und Kinoinitiative Fulda e.V. zeigt am heutigen Freitag, den 04.10.2013 um 20:00 Uhr die Kom\u00f6die \u201eKohlhaas- oder die Verh\u00e4ltnism\u00e4\u00dfigkeit der Mittel\u201c. Tief in der bayrischen Provinz entsteht das Historiendrama \u201eKohlhaas\u201c. Doch statt eines m\u00e4chtigen Epos, das mit Kost\u00fcmen und aufw\u00e4ndigen Kulissen beeindrucken sollte, k\u00e4mpfen nun erwachsene M\u00e4nner mit selbst seh\u00e4kelten Kettenhemden und verschlissenen Anz\u00fcgen in einer zerfallenen Burgruine und bekriegen sich gegenseitig mit imagin\u00e4ren Schwertern, Pistolen und Handgranaten.\u00c2\u00a0 Doch Lehmanns Dreh verl\u00e4uft nicht reibungslos. Seine eigenwilligen Ideen und sein Fundamentalismus bei der Umsetzung des Films bescheren ihm Anh\u00e4nger wie Feinde. In Speckbrodi, wo man andere Vorstellungen von<br \/>\ndem Film hatte, wird er fallen gelassen, die Unterst\u00fctzung wird ihm entzogen. Aber Lehmann gibt nicht auf. Wie seine Hauptfigur Kohlhaas ist er bereit, bis zum \u00c4u\u00dfersten zu gehen um seinen Film zu beenden. Lehmann k\u00e4mpft um seine Vision und seine Ideale \u2013 bis zum bitteren Ende. Der Eintritt liegt bei 4\u00e2\u201a\u00ac (erm\u00e4\u00dfigt 3\u00e2\u201a\u00ac). Die Vorf\u00fchrung findet statt im Kino35 &#8211; Caf\u00e9 Panama in der Langebr\u00fcckenstr. 14, 36037 Fulda, weitere Infos erhalten Sie unter der Telefonnummer 0661-480045-35 oder unter www.35kino.de.<\/p>\n","protected":false},"excerpt":{"rendered":"<div class=\"tmnf_excerpt\"><p>Fulda. Die Kultur- und Kinoinitiative Fulda e.V. zeigt am heutigen Freitag, den 04.10.2013 um 20:00 Uhr die Kom\u00f6die \u201eKohlhaas- oder die Verh\u00e4ltnism\u00e4\u00dfigkeit der Mittel\u201c. Tief in der bayrischen Provinz entsteht das Historiendrama \u201eKohlhaas\u201c. Doch statt eines m\u00e4chtigen Epos, das mit Kost\u00fcmen und aufw\u00e4ndigen Kulissen beeindrucken sollte, k\u00e4mpfen nun erwachsene M\u00e4nner mit selbst seh\u00e4kelten Kettenhemden und &hellip;<\/p>\n<\/div>","protected":false},"author":1,"featured_media":0,"comment_status":"closed","ping_status":"closed","sticky":false,"template":"","format":"standard","meta":{"footnotes":""},"categories":[1,44],"tags":[],"class_list":["post-114884","post","type-post","status-publish","format-standard","hentry","category-startseite","category-kultur"],"_links":{"self":[{"href":"https:\/\/www.fuldaernachrichten.de\/index.php?rest_route=\/wp\/v2\/posts\/114884","targetHints":{"allow":["GET"]}}],"collection":[{"href":"https:\/\/www.fuldaernachrichten.de\/index.php?rest_route=\/wp\/v2\/posts"}],"about":[{"href":"https:\/\/www.fuldaernachrichten.de\/index.php?rest_route=\/wp\/v2\/types\/post"}],"author":[{"embeddable":true,"href":"https:\/\/www.fuldaernachrichten.de\/index.php?rest_route=\/wp\/v2\/users\/1"}],"replies":[{"embeddable":true,"href":"https:\/\/www.fuldaernachrichten.de\/index.php?rest_route=%2Fwp%2Fv2%2Fcomments&post=114884"}],"version-history":[{"count":2,"href":"https:\/\/www.fuldaernachrichten.de\/index.php?rest_route=\/wp\/v2\/posts\/114884\/revisions"}],"predecessor-version":[{"id":114887,"href":"https:\/\/www.fuldaernachrichten.de\/index.php?rest_route=\/wp\/v2\/posts\/114884\/revisions\/114887"}],"wp:attachment":[{"href":"https:\/\/www.fuldaernachrichten.de\/index.php?rest_route=%2Fwp%2Fv2%2Fmedia&parent=114884"}],"wp:term":[{"taxonomy":"category","embeddable":true,"href":"https:\/\/www.fuldaernachrichten.de\/index.php?rest_route=%2Fwp%2Fv2%2Fcategories&post=114884"},{"taxonomy":"post_tag","embeddable":true,"href":"https:\/\/www.fuldaernachrichten.de\/index.php?rest_route=%2Fwp%2Fv2%2Ftags&post=114884"}],"curies":[{"name":"wp","href":"https:\/\/api.w.org\/{rel}","templated":true}]}}