{"id":114881,"date":"2013-10-04T06:20:30","date_gmt":"2013-10-04T06:20:30","guid":{"rendered":"http:\/\/www.fuldaer-nachrichten.de\/?p=114881"},"modified":"2013-10-04T06:20:30","modified_gmt":"2013-10-04T06:20:30","slug":"26-lehrgang-beendete-ausbildung-an-caritas-lehranstalt-fuer-altenpflege-fulda","status":"publish","type":"post","link":"https:\/\/www.fuldaernachrichten.de\/?p=114881","title":{"rendered":"26. Lehrgang beendete Ausbildung an Caritas Lehranstalt f\u00fcr Altenpflege Fulda"},"content":{"rendered":"<div id=\"attachment_114882\" style=\"width: 570px\" class=\"wp-caption alignnone\"><img fetchpriority=\"high\" decoding=\"async\" aria-describedby=\"caption-attachment-114882\" class=\"size-full wp-image-114882\" alt=\"Das Foto entstand im Rahmen der Feier auf dem Gel\u00e4nde der Caritas und zeigt die Examinierten sowie Mitglieder des Lehrk\u00f6rpers und Di\u00f6zesan-Caritasdirektor Dr. Markus Juch (re.)\" src=\"http:\/\/www.fuldaer-nachrichten.de\/wp-content\/uploads\/2013\/10\/zu-71-cs_Examen_Altenpflege_300913_CS_IMG_1204.jpg\" width=\"560\" height=\"230\" \/><p id=\"caption-attachment-114882\" class=\"wp-caption-text\">Das Foto entstand im Rahmen der Feier auf dem Gel\u00e4nde der Caritas und zeigt die Examinierten sowie Mitglieder des Lehrk\u00f6rpers und Di\u00f6zesan-Caritasdirektor Dr. Markus Juch (re.)<\/p><\/div>\n<p><b>Fulda (cif).<\/b> So voll sei die Aula in der Ratgarstra\u00dfe noch nie gewesen \u2013 auf diesen Superlativ wies Schulleiterin Dajana Herbst in ihrer Begr\u00fc\u00dfungsansprache anl\u00e4sslich der Examensfeier des 26. Altenpflegekurses der Fuldaer Caritas Lehranstalt f\u00fcr Altenpflege gleich als Erstes hin \u2013 kein Wunder, war es doch ein sehr gro\u00dfer Lehrgang mit 32 Teilnehmerinnen und Teilnehmern gewesen, die nun alle zum Empfang Ihres Zertifikats Familie, Freunde und \u2013 last but not least \u2013 Kollegen aus ihren Einrichtungen mitgebracht hatten. Auch viele Leitende aus den Altenpflegeheimen und Sozialstationen waren pers\u00f6nlich anwesend, um \u201eihren\u201c Auszubildenden unmittelbar zu gratulieren. Sie alle hie\u00df Dajana Herbst willkommen und unterstrich, wie \u201ewichtig und richtig\u201c es sei, den erfolgreichen Ausbildungsabschluss gemeinsam zu feiern.<!--more--><\/p>\n<p>Seitens des Caritasverbandes als Tr\u00e4ger der Altenpflegeschule waren Di\u00f6zesan-Caritasdirektor Dr. Markus Juch und der Ressortleiter Altenhilfe Achim Eng zur Zeugnisvergabe gekommen. In seinem Gru\u00dfwort betonte Dr. Juch, dass die Examinierten ohne Frage einen sch\u00f6nen Beruf gew\u00e4hlt haben, der f\u00fcr die Gesellschaft unverzichtbar, f\u00fcr die Aus\u00fcbenden aber auch mit gro\u00dfen Herausforderungen verbunden sei. Im Zusammenhang mit dem aktuellen Jahresthema der Caritas \u201eFamilie schaffen wir nur gemeinsam\u201c hob Caritasdirektor Juch ausdr\u00fccklich lobend hervor, dass im 26. Jahrgang auch eine Reihe von Absolventen vertreten waren, die den Spagat zwischen Familie und Beruf selbst gewagt und gemeistert h\u00e4tten.<\/p>\n<p>Auch die Kursleiterin Katrin Habl und Pfarrer Eugen Kutzka \u2013 seelsorgerischer Begleiter und Lehrer in Ethik-Fragen \u2013 richteten anerkennende Worte an die ausscheidenden Sch\u00fclerinnen und Sch\u00fcler, die schlie\u00dflich aus den H\u00e4nden eines Lehrerinnenteams ihre Zeugnisse erhielten. F\u00fcr die Examensklasse sprach Diana H\u00f6che, die den Praxisteil ihrer Ausbildung am Caritas Altenpflegeheim St. Josef absolviert hat und auch dort weiter arbeiten wird. Sie lie\u00df die drei Lehrjahre seit Oktober 2010 mit ihren H\u00f6hepunkten am\u00fcsant f\u00fcr die Zuh\u00f6rerschaft nochmals Revue passieren und richtete im Namen ihrer aller Mitsch\u00fcler ausdr\u00fccklich einen herzlichen Dank an das Lehrerkollegium der Altenpflegeschule, das mit seiner Begleitung den 26. Kurs so erfolgreich zum Examen gef\u00fchrt habe.<\/p>\n","protected":false},"excerpt":{"rendered":"<div class=\"tmnf_excerpt\"><p>Fulda (cif). So voll sei die Aula in der Ratgarstra\u00dfe noch nie gewesen \u2013 auf diesen Superlativ wies Schulleiterin Dajana Herbst in ihrer Begr\u00fc\u00dfungsansprache anl\u00e4sslich der Examensfeier des 26. Altenpflegekurses der Fuldaer Caritas Lehranstalt f\u00fcr Altenpflege gleich als Erstes hin \u2013 kein Wunder, war es doch ein sehr gro\u00dfer Lehrgang mit 32 Teilnehmerinnen und Teilnehmern &hellip;<\/p>\n<\/div>","protected":false},"author":1,"featured_media":0,"comment_status":"closed","ping_status":"closed","sticky":false,"template":"","format":"standard","meta":{"footnotes":""},"categories":[1],"tags":[],"class_list":["post-114881","post","type-post","status-publish","format-standard","hentry","category-startseite"],"_links":{"self":[{"href":"https:\/\/www.fuldaernachrichten.de\/index.php?rest_route=\/wp\/v2\/posts\/114881","targetHints":{"allow":["GET"]}}],"collection":[{"href":"https:\/\/www.fuldaernachrichten.de\/index.php?rest_route=\/wp\/v2\/posts"}],"about":[{"href":"https:\/\/www.fuldaernachrichten.de\/index.php?rest_route=\/wp\/v2\/types\/post"}],"author":[{"embeddable":true,"href":"https:\/\/www.fuldaernachrichten.de\/index.php?rest_route=\/wp\/v2\/users\/1"}],"replies":[{"embeddable":true,"href":"https:\/\/www.fuldaernachrichten.de\/index.php?rest_route=%2Fwp%2Fv2%2Fcomments&post=114881"}],"version-history":[{"count":1,"href":"https:\/\/www.fuldaernachrichten.de\/index.php?rest_route=\/wp\/v2\/posts\/114881\/revisions"}],"predecessor-version":[{"id":114883,"href":"https:\/\/www.fuldaernachrichten.de\/index.php?rest_route=\/wp\/v2\/posts\/114881\/revisions\/114883"}],"wp:attachment":[{"href":"https:\/\/www.fuldaernachrichten.de\/index.php?rest_route=%2Fwp%2Fv2%2Fmedia&parent=114881"}],"wp:term":[{"taxonomy":"category","embeddable":true,"href":"https:\/\/www.fuldaernachrichten.de\/index.php?rest_route=%2Fwp%2Fv2%2Fcategories&post=114881"},{"taxonomy":"post_tag","embeddable":true,"href":"https:\/\/www.fuldaernachrichten.de\/index.php?rest_route=%2Fwp%2Fv2%2Ftags&post=114881"}],"curies":[{"name":"wp","href":"https:\/\/api.w.org\/{rel}","templated":true}]}}