{"id":114872,"date":"2013-10-03T06:54:57","date_gmt":"2013-10-03T06:54:57","guid":{"rendered":"http:\/\/www.fuldaer-nachrichten.de\/?p=114872"},"modified":"2013-10-03T06:54:57","modified_gmt":"2013-10-03T06:54:57","slug":"lions-club-fulda-bonifatius-exkursion-zur-fliegerschule-auf-der-wasserkuppe","status":"publish","type":"post","link":"https:\/\/www.fuldaernachrichten.de\/?p=114872","title":{"rendered":"Lions Club Fulda-Bonifatius: Exkursion zur Fliegerschule auf der Wasserkuppe"},"content":{"rendered":"<div id=\"attachment_114873\" style=\"width: 275px\" class=\"wp-caption alignleft\"><img decoding=\"async\" aria-describedby=\"caption-attachment-114873\" class=\"size-medium wp-image-114873\" alt=\"Lions-Pr\u00e4sident Gerhard Bub und der Leiter der Flugschule, Harald J\u00f6rges, vor dem neuen Luftsportzentrum auf der Wasserkuppe.\" src=\"http:\/\/www.fuldaer-nachrichten.de\/wp-content\/uploads\/2013\/10\/7496-265x176.jpg\" width=\"265\" height=\"176\" srcset=\"https:\/\/www.fuldaernachrichten.de\/wp-content\/uploads\/2013\/10\/7496-265x176.jpg 265w, https:\/\/www.fuldaernachrichten.de\/wp-content\/uploads\/2013\/10\/7496.jpg 600w\" sizes=\"(max-width: 265px) 100vw, 265px\" \/><p id=\"caption-attachment-114873\" class=\"wp-caption-text\">Lions-Pr\u00e4sident Gerhard Bub und der Leiter der Flugschule, Harald J\u00f6rges, vor dem neuen Luftsportzentrum auf der Wasserkuppe.<\/p><\/div>\n<p>Wasserkuppe. \u00dcber den Wolken muss die Freiheit wohl grenzenlos sein. Das wei\u00df man auf dem \u201eBerg der Flieger\u201c schon seit fast einhundert Jahren. Nun durfte auch der Lions Club Fulda-Bonifatius Dank einer von Pr\u00e4sident Gerhard Bub organisierten Exkursion in diese faszinierende Welt eintauchen. Zugegebenerma\u00dfen \u201eabheben von dieser Welt\u201c w\u00fcrde es treffender beschreiben. Schlie\u00dflich ging es f\u00fcr mehr als 30 Lions-Mitglieder nebst Familien auf Hessens h\u00f6chsten Berg zun\u00e4chst in luftige H\u00f6hen: In drei Maschinen der Fliegerschule Wasserkuppe wurde in mehreren Etappen eine Runde \u00fcber Milseburg, Kreuzberg und Fulda gedreht, bevor Harald J\u00f6rges, Leiter der Flugschule, in einem kurzweiligen Vortrag die wichtigsten Fakten \u00fcber die Historie sowie die aktuelle Situation auf der Wasserkuppe darstellte. In das neu gebaute Luftsportzentrum mit gro\u00dfem Hangar und angeschlossenem Funktionsgeb\u00e4ude wurden rund 1,4 Millionen Euro investiert. <!--more--><\/p>\n<p>Neben Verwaltungs- und Besprechungsr\u00e4umen finden Flieger und G\u00e4ste nicht nur auf dem 200 Quadratmeter gro\u00dfen Besucherdeck, sondern auch im neuen Bistro dank gro\u00dfer Panoramafenster einen fantastischen Blick hinaus aufs Flugfeld und hinein in die Weiten der Rh\u00f6n. \u201eMit der Fertigstellung unseres Flugsportzentrums hat sich das Gesicht der Wasserkuppe ge\u00e4ndert. Fliegen wird hier live erlebbar\u201c, zeigte Harald J\u00f6rges sich begeistert. Im aktiven Dienst arbeiten bis zu 15 Personen f\u00fcr die Gesellschaft zur F\u00f6rderung des Segelfluges auf der Wasserkuppe (GFS), die zehn eigene Segelflugzeuge und sechs Motorflieger besitzt. Bis zu 400 Kunden im Jahr nehmen die Dienste der Fliegerschule in Anspruch, hinzu kommen rund 2000 Rundfl\u00fcge pro Jahr, bei denen \u201ewir unseren G\u00e4sten die Sch\u00f6nheit der Rh\u00f6n n\u00e4her bringen\u201c, erkl\u00e4rt J\u00f6rges. So auch nun den Mitgliedern des Lions Clubs Fulda-Bonifatius, dessen Montagabend regelm\u00e4\u00dfig im Zeichen von Exkursionen steht.<\/p>\n<p>An einem der letzten Tage in diesem Jahr konnten die Teilnehmer einen Abendflug absolvieren und so einen fantastischen Sonnenuntergang \u00fcber dem Berg der Flieger erleben. \u201eNach schwierigen Zeiten w\u00e4hrend des zweiten Weltkriegs und der Zeit des kalten Kriegs hat sich die Wasserkuppe als Geburtsst\u00e4tte des Segelflugs nicht nur zu einem touristischen Anziehungspunkt entwickelt. Der GFS geh\u00f6ren hier \u00fcber 80 Hektar Land, wir sind der h\u00f6chste private Sonderlandeplatz Deutschlands. Jeder Flieger, der etwas auf sich h\u00e4lt, muss einmal in seinem Leben hier gewesen sein\u201c, schw\u00e4rmt Harald J\u00f6rges. Diese Eindr\u00fccke lie\u00dfen die Lions-Mitglieder beim Abendessen Restaurant \u201eWeltensegler\u201c noch den ganzen Abend auf sich einwirken \u00e2\u20ac\u00a6<\/p>\n","protected":false},"excerpt":{"rendered":"<div class=\"tmnf_excerpt\"><p>Wasserkuppe. \u00dcber den Wolken muss die Freiheit wohl grenzenlos sein. Das wei\u00df man auf dem \u201eBerg der Flieger\u201c schon seit fast einhundert Jahren. Nun durfte auch der Lions Club Fulda-Bonifatius Dank einer von Pr\u00e4sident Gerhard Bub organisierten Exkursion in diese faszinierende Welt eintauchen. Zugegebenerma\u00dfen \u201eabheben von dieser Welt\u201c w\u00fcrde es treffender beschreiben. Schlie\u00dflich ging es &hellip;<\/p>\n<\/div>","protected":false},"author":1,"featured_media":0,"comment_status":"closed","ping_status":"closed","sticky":false,"template":"","format":"standard","meta":{"footnotes":""},"categories":[1],"tags":[],"class_list":["post-114872","post","type-post","status-publish","format-standard","hentry","category-startseite"],"_links":{"self":[{"href":"https:\/\/www.fuldaernachrichten.de\/index.php?rest_route=\/wp\/v2\/posts\/114872","targetHints":{"allow":["GET"]}}],"collection":[{"href":"https:\/\/www.fuldaernachrichten.de\/index.php?rest_route=\/wp\/v2\/posts"}],"about":[{"href":"https:\/\/www.fuldaernachrichten.de\/index.php?rest_route=\/wp\/v2\/types\/post"}],"author":[{"embeddable":true,"href":"https:\/\/www.fuldaernachrichten.de\/index.php?rest_route=\/wp\/v2\/users\/1"}],"replies":[{"embeddable":true,"href":"https:\/\/www.fuldaernachrichten.de\/index.php?rest_route=%2Fwp%2Fv2%2Fcomments&post=114872"}],"version-history":[{"count":1,"href":"https:\/\/www.fuldaernachrichten.de\/index.php?rest_route=\/wp\/v2\/posts\/114872\/revisions"}],"predecessor-version":[{"id":114874,"href":"https:\/\/www.fuldaernachrichten.de\/index.php?rest_route=\/wp\/v2\/posts\/114872\/revisions\/114874"}],"wp:attachment":[{"href":"https:\/\/www.fuldaernachrichten.de\/index.php?rest_route=%2Fwp%2Fv2%2Fmedia&parent=114872"}],"wp:term":[{"taxonomy":"category","embeddable":true,"href":"https:\/\/www.fuldaernachrichten.de\/index.php?rest_route=%2Fwp%2Fv2%2Fcategories&post=114872"},{"taxonomy":"post_tag","embeddable":true,"href":"https:\/\/www.fuldaernachrichten.de\/index.php?rest_route=%2Fwp%2Fv2%2Ftags&post=114872"}],"curies":[{"name":"wp","href":"https:\/\/api.w.org\/{rel}","templated":true}]}}