{"id":114851,"date":"2013-10-03T06:38:50","date_gmt":"2013-10-03T06:38:50","guid":{"rendered":"http:\/\/www.fuldaer-nachrichten.de\/?p=114851"},"modified":"2013-10-03T06:39:21","modified_gmt":"2013-10-03T06:39:21","slug":"kreisbeigeordneter-ruhl-gratuliert-altenpflege-fachkraeften","status":"publish","type":"post","link":"https:\/\/www.fuldaernachrichten.de\/?p=114851","title":{"rendered":"Kreisbeigeordneter Ruhl gratuliert Altenpflege-Fachkr\u00e4ften"},"content":{"rendered":"<div id=\"attachment_114852\" style=\"width: 610px\" class=\"wp-caption alignnone\"><img fetchpriority=\"high\" decoding=\"async\" aria-describedby=\"caption-attachment-114852\" class=\"size-full wp-image-114852\" alt=\"Unser Bild zeigt die 24 staatlich gepr\u00fcften Altenpflegerinnen und Altenpfleger aus dem Kurs 37 und sieben M\u00e4nner und Frauen, die die einj\u00e4hrige Ausbildung zum\/zur Altenpflegehelfer\/in an der Aenne-und-Konrad-Geisel-Schule in Alsfeld erfolgreich absolviert haben mit dem stellvertretenden Schulleiter Thomas M\u00fcller (links) und Kreisbeigeordnetem Gerhard Ruhl (Dritter von links), der die Gl\u00fcckw\u00fcnsche von Landrat G\u00f6rig \u00fcberbrachte. Foto: Erich Ruhl, Pressestelle Vogelsbergkreis.\" src=\"http:\/\/www.fuldaer-nachrichten.de\/wp-content\/uploads\/2013\/10\/GruppeMitMuellerRuhl.jpg\" width=\"600\" height=\"243\" srcset=\"https:\/\/www.fuldaernachrichten.de\/wp-content\/uploads\/2013\/10\/GruppeMitMuellerRuhl.jpg 600w, https:\/\/www.fuldaernachrichten.de\/wp-content\/uploads\/2013\/10\/GruppeMitMuellerRuhl-265x107.jpg 265w\" sizes=\"(max-width: 600px) 100vw, 600px\" \/><p id=\"caption-attachment-114852\" class=\"wp-caption-text\">Unser Bild zeigt die 24 staatlich gepr\u00fcften Altenpflegerinnen und Altenpfleger aus dem Kurs 37 und sieben M\u00e4nner und Frauen, die die einj\u00e4hrige Ausbildung zum\/zur Altenpflegehelfer\/in an der Aenne-und-Konrad-Geisel-Schule in Alsfeld erfolgreich absolviert haben mit dem stellvertretenden Schulleiter Thomas M\u00fcller (links) und Kreisbeigeordnetem Gerhard Ruhl (Dritter von links), der die Gl\u00fcckw\u00fcnsche von Landrat G\u00f6rig \u00fcberbrachte. Foto: Erich Ruhl, Pressestelle Vogelsbergkreis.<\/p><\/div>\n<p>Alsfeld. Freude f\u00fcr 24 Altenpflegerinnen und sieben Altenpflegehelferinnen: sie haben ihre Examen erfolgreich absolviert und konnten von Thomas M\u00fcller, stellvertretender Schulleiter, und Kreisbeigeordnetem Gerhard Ruhl Gl\u00fcckw\u00fcnsche und Lobesworte entgegennehmen. Alle, die jetzt ihre Zeugnisse in Empfang nehmen konnten, haben bereits jetzt schon eine Zusage f\u00fcr eine Festanstellung.<!--more--><\/p>\n<p>Kreisbeigeordneter Ruhl \u00fcberbrachte die herzlichen Gr\u00fc\u00dfe von Landrat Manfred G\u00f6rig \u2013 der Landrat ist auch Vorsitzender des Vereins f\u00fcr Berufsausbildung, in dessen Tr\u00e4gerschaft sich die Aenne-und-Konrad-Geisel-Schule befindet. Gerhard Ruhl w\u00fcnschte den Absolventinnen und Absolventen Erfolg, Freude und Erf\u00fcllung im neuen Beruf. Gerhard Ruhl betonte: \u201eDie W\u00fcrde des Menschen ist oberster Grundsatz.\u201c Herz und Verstand sowie Humor seien gleicherma\u00dfen gefragt, um den nicht immer leichten Alltag zu meistern. Er appellierte an die Neuen, Freundlichkeit und Einf\u00fchlung zu zeigen. Ruhl w\u00f6rtlich: \u201eEin freundliches Wort zur rechten Zeit ist oft wirksamer als ein Medikament.\u201c<\/p>\n<p>Nach der dreij\u00e4hrigen Ausbildung haben die 24 Sch\u00fclerinnen und Sch\u00fcler des bereits 37. Kurses zum staatlich anerkannten Altenpfleger die Zukunft fest im Blick: der Bedarf nach Pflegefachkr\u00e4ften ist hoch und steigt weiter.\u00c2\u00a0 Im Rahmen der dreij\u00e4hrigen Ausbildung f\u00fchren die Sch\u00fcler auch Praktika in den Bereichen Psychologie und Gerontologie durch. Die Ausbildung umfasst insgesamt 2.100 Stunden theoretischen Unterricht und 3.800 Stunden im praktischen Einsatz.<\/p>\n<p>Sieben Sch\u00fclerinnen und Sch\u00fcler haben an der Pr\u00fcfung im Rahmen der einj\u00e4hrigen Ausbildung zum\/zur Altenpflegehelfer\/in teilgenommen. Die einj\u00e4hrige Ausbildung umfasst 700 Stunden Theorie und 900 Stunden Praxis.<\/p>\n<p>Thomas M\u00fcller hob hervor: \u201eDie Ausbildung dient der Qualit\u00e4tssicherung und orientiert sich an den zuk\u00fcnftigen, beruflichen Handlungsfeldern und beinhaltet die Vermittlung der Fach- und Methodenkompetenz, sowie der Sozial- und Pers\u00f6nlichkeitskompetenz, die f\u00fcr eine verantwortliche, professionelle Pflege erforderlich sind.\u201c Er appellierte an die neuen Fachleute, die Balance zwischen Arbeit und der pers\u00f6nlichen freien Zeit zu sichern. M\u00fcller: \u201eDie Seele muss auftanken k\u00f6nnen, um Liebe zu haben.\u201c<\/p>\n<p>Andreas Goldbach, Klassenleiter in beiden verabschiedeten Kursen, \u00fcberraschte die Anwesenden mit einem eindrucksvollen Song an seiner Gitarre. \u201eLernen ist wie wildes Wasser\u201c war der Titel \u2013 am Vorabend der Examensfeier frisch getextet. Im Lied hie\u00df es: \u201eWer den Mut hat zu seinen L\u00fccken \u2013 der bleibt stark ein Leben lang.\u201c F\u00fcr exzellente Unterhaltung sorgten auch Rollenspiele und Tanz, dargebracht vom Kurs 36 (der ist in einem Jahr \u201edran\u201c). Eine spontane Darbietung der M\u00f6glichkeiten der \u201eKin\u00e4sthetik\u201c \u2013 einer Methode, die die noch vorhandenen Bewegungspotenziale von Patienten geschickt mobilisiert \u2013 durch Elisabeth Flegar wusste die Festg\u00e4ste ebenfalls zu beeindrucken.<\/p>\n<p>Die Altenpflegeschule besteht seit 29 Jahren und hat bereits etwa 1.100 Sch\u00fcler und Sch\u00fclerinnen zum Examen gef\u00fchrt. Wichtig f\u00fcr die Schulleitung: die einj\u00e4hrigen Kurse k\u00f6nnen sehr gut als Einstieg genutzt werden, denn nach diesem einen Jahr besteht die M\u00f6glichkeit, in die volle Qualifikation der Fachausbildung einzusteigen. Gegenw\u00e4rtig befinden sich drei 3-j\u00e4hrige Kurse und ein 1-j\u00e4hriger in der Ausbildung.<\/p>\n<p>Wer sich f\u00fcr die Angebote der Altenpflegeschule interessiert, kann anrufen unter Telefon 06631 \/ 1320 oder sich im Internet informieren: www.pflege-schule.de.<\/p>\n","protected":false},"excerpt":{"rendered":"<div class=\"tmnf_excerpt\"><p>Alsfeld. Freude f\u00fcr 24 Altenpflegerinnen und sieben Altenpflegehelferinnen: sie haben ihre Examen erfolgreich absolviert und konnten von Thomas M\u00fcller, stellvertretender Schulleiter, und Kreisbeigeordnetem Gerhard Ruhl Gl\u00fcckw\u00fcnsche und Lobesworte entgegennehmen. Alle, die jetzt ihre Zeugnisse in Empfang nehmen konnten, haben bereits jetzt schon eine Zusage f\u00fcr eine Festanstellung.<\/p>\n<\/div>","protected":false},"author":1,"featured_media":0,"comment_status":"closed","ping_status":"closed","sticky":false,"template":"","format":"standard","meta":{"footnotes":""},"categories":[1,53],"tags":[],"class_list":["post-114851","post","type-post","status-publish","format-standard","hentry","category-startseite","category-bildung"],"_links":{"self":[{"href":"https:\/\/www.fuldaernachrichten.de\/index.php?rest_route=\/wp\/v2\/posts\/114851","targetHints":{"allow":["GET"]}}],"collection":[{"href":"https:\/\/www.fuldaernachrichten.de\/index.php?rest_route=\/wp\/v2\/posts"}],"about":[{"href":"https:\/\/www.fuldaernachrichten.de\/index.php?rest_route=\/wp\/v2\/types\/post"}],"author":[{"embeddable":true,"href":"https:\/\/www.fuldaernachrichten.de\/index.php?rest_route=\/wp\/v2\/users\/1"}],"replies":[{"embeddable":true,"href":"https:\/\/www.fuldaernachrichten.de\/index.php?rest_route=%2Fwp%2Fv2%2Fcomments&post=114851"}],"version-history":[{"count":2,"href":"https:\/\/www.fuldaernachrichten.de\/index.php?rest_route=\/wp\/v2\/posts\/114851\/revisions"}],"predecessor-version":[{"id":114854,"href":"https:\/\/www.fuldaernachrichten.de\/index.php?rest_route=\/wp\/v2\/posts\/114851\/revisions\/114854"}],"wp:attachment":[{"href":"https:\/\/www.fuldaernachrichten.de\/index.php?rest_route=%2Fwp%2Fv2%2Fmedia&parent=114851"}],"wp:term":[{"taxonomy":"category","embeddable":true,"href":"https:\/\/www.fuldaernachrichten.de\/index.php?rest_route=%2Fwp%2Fv2%2Fcategories&post=114851"},{"taxonomy":"post_tag","embeddable":true,"href":"https:\/\/www.fuldaernachrichten.de\/index.php?rest_route=%2Fwp%2Fv2%2Ftags&post=114851"}],"curies":[{"name":"wp","href":"https:\/\/api.w.org\/{rel}","templated":true}]}}