{"id":114841,"date":"2013-10-03T00:12:36","date_gmt":"2013-10-03T00:12:36","guid":{"rendered":"http:\/\/www.fuldaer-nachrichten.de\/?p=114841"},"modified":"2013-10-03T06:33:54","modified_gmt":"2013-10-03T06:33:54","slug":"backhaus-brunnen-mit-ernte-dank-krone-verziert-poppenhausener-landfrauen-aktiv-u-kreativ","status":"publish","type":"post","link":"https:\/\/www.fuldaernachrichten.de\/?p=114841","title":{"rendered":"Backhaus-Brunnen mit \u201eErnte-Dank-Krone\u201c verziert &#8211; Poppenhausener Landfrauen aktiv und kreativ"},"content":{"rendered":"<div id=\"attachment_114842\" style=\"width: 275px\" class=\"wp-caption alignleft\"><img fetchpriority=\"high\" decoding=\"async\" aria-describedby=\"caption-attachment-114842\" class=\"size-thumbnail wp-image-114842\" alt=\" Ernte-Dank-Brunnen2013-1: Die Landfrauen hier kurz vor der Fertigstellung der \u201eErnte-Dank-Krone\u201c. Am zweiten Tag mit dabei v.l.: Maria Goldbach, Margot Schleicher, Irmtraud Weigel u. Elli Hahn. \" src=\"http:\/\/www.fuldaer-nachrichten.de\/wp-content\/uploads\/2013\/10\/Ernte-Dank-Brunnen-2013-1-265x198.jpg\" width=\"265\" height=\"198\" srcset=\"https:\/\/www.fuldaernachrichten.de\/wp-content\/uploads\/2013\/10\/Ernte-Dank-Brunnen-2013-1-265x198.jpg 265w, https:\/\/www.fuldaernachrichten.de\/wp-content\/uploads\/2013\/10\/Ernte-Dank-Brunnen-2013-1.jpg 600w\" sizes=\"(max-width: 265px) 100vw, 265px\" \/><p id=\"caption-attachment-114842\" class=\"wp-caption-text\"><br \/>Ernte-Dank-Brunnen2013-1:<br \/>Die Landfrauen hier kurz vor der Fertigstellung der \u201eErnte-Dank-Krone\u201c.<br \/>Am zweiten Tag mit dabei v.l.: Maria Goldbach, Margot Schleicher, Irmtraud Weigel u. Elli Hahn.<\/p><\/div>\n<p>Poppenhausen (Wasserkuppe): Erneut zeigten sich die Poppenhausener Landfrauen\u00c2\u00a0 aktiv und kreativ. Sie setzten dem Backhaus-Brunnen an der Einm\u00fcndung Georgstra\u00dfe \/ Marienstra\u00dfe vor dem Ernte-Dank-Fest eine \u201eErnte-Dank-Krone\u201c auf. Mit der herbstlichen Gestaltung wollten sie auch in diesem Jahr einen Beitrag leisten, um das Ortsbild ihrer Heimatgemeinde zu versch\u00f6nern.<\/p>\n<p>Einige Landfrauen hatten sich getroffen und dekorierten in der Halle des Bauhofs der Gemeinde das Gestell, das im Fr\u00fchjahr auch f\u00fcr die Dekoration des Osterbrunnens verwendet wird. Es wurden verschiedene Fr\u00fcchte zusammengetragen, die dann zum Einsatz kamen. An zwei Nachmittagen waren die Landfrauen mit vereinten Kr\u00e4ften flei\u00dfig dabei, Efeu, Getreide\u00e4hren, Maiskolben und Maisbl\u00e4tter, Sonnenblumen, \u00c4pfel, Hagebutten und Lampionblumen an dem Gestell zu befestigen.<!--more--><\/p>\n<p>Nach Fertigstellung wurde das geschm\u00fcckte Gestell von dem Gemeindebagger auf den Backhaus-Brunnen gehoben. Dieser pr\u00e4sentiert sich seit einer Woche vor dem Ernte-Dank-Sonntag als \u201eErnte-Dank-Brunnen\u201c und schm\u00fcckt zur Freude der Einheimischen und G\u00e4ste noch einige Tage den Ortsmittelpunkt der Luftkurortgemeinde. Folgende Landfrauen waren beim Schm\u00fccken aktiv: Maria Goldbach, Irmtraud Weigel, Elli Hahn, Irmtraud Herget, Margot Schleicher und Dolfi Wiegand. Ein Dank geht auch an weitere Landfrauen, die das jeweilige Fr\u00fcchte-Material gesammelt und zur Verf\u00fcgung gestellt haben.<\/p>\n<p>Die Themen Landwirtschaft, Landfrauen und Ernte-Dank sind gut miteinander verbunden und passen zusammen. Gerade in der landwirtschaftlich gepr\u00e4gten Luftkurortgemeinde Poppenhausen (Wasserkuppe) mitten im Biosph\u00e4renreservat Rh\u00f6n versp\u00fcre man eine besondere Verantwortung, das Thema zu leben, meint B\u00fcrgermeister Manfred Helfrich, der mit dieser Initiative bei seinen Landfrauen engagierte Unterst\u00fctzer fand. Der Gemeindevorstand dankt den Poppenhausener Landfrauen f\u00fcr die Unterst\u00fctzung und die stets gute Zusammenarbeit, die auch bei anderen Gelegenheiten gelebt wird.<\/p>\n<p>&nbsp;<\/p>\n","protected":false},"excerpt":{"rendered":"<div class=\"tmnf_excerpt\"><p>Poppenhausen (Wasserkuppe): Erneut zeigten sich die Poppenhausener Landfrauen\u00c2\u00a0 aktiv und kreativ. Sie setzten dem Backhaus-Brunnen an der Einm\u00fcndung Georgstra\u00dfe \/ Marienstra\u00dfe vor dem Ernte-Dank-Fest eine \u201eErnte-Dank-Krone\u201c auf. Mit der herbstlichen Gestaltung wollten sie auch in diesem Jahr einen Beitrag leisten, um das Ortsbild ihrer Heimatgemeinde zu versch\u00f6nern. Einige Landfrauen hatten sich getroffen und dekorierten in &hellip;<\/p>\n<\/div>","protected":false},"author":1,"featured_media":0,"comment_status":"closed","ping_status":"closed","sticky":false,"template":"","format":"standard","meta":{"footnotes":""},"categories":[1],"tags":[],"class_list":["post-114841","post","type-post","status-publish","format-standard","hentry","category-startseite"],"_links":{"self":[{"href":"https:\/\/www.fuldaernachrichten.de\/index.php?rest_route=\/wp\/v2\/posts\/114841","targetHints":{"allow":["GET"]}}],"collection":[{"href":"https:\/\/www.fuldaernachrichten.de\/index.php?rest_route=\/wp\/v2\/posts"}],"about":[{"href":"https:\/\/www.fuldaernachrichten.de\/index.php?rest_route=\/wp\/v2\/types\/post"}],"author":[{"embeddable":true,"href":"https:\/\/www.fuldaernachrichten.de\/index.php?rest_route=\/wp\/v2\/users\/1"}],"replies":[{"embeddable":true,"href":"https:\/\/www.fuldaernachrichten.de\/index.php?rest_route=%2Fwp%2Fv2%2Fcomments&post=114841"}],"version-history":[{"count":2,"href":"https:\/\/www.fuldaernachrichten.de\/index.php?rest_route=\/wp\/v2\/posts\/114841\/revisions"}],"predecessor-version":[{"id":114844,"href":"https:\/\/www.fuldaernachrichten.de\/index.php?rest_route=\/wp\/v2\/posts\/114841\/revisions\/114844"}],"wp:attachment":[{"href":"https:\/\/www.fuldaernachrichten.de\/index.php?rest_route=%2Fwp%2Fv2%2Fmedia&parent=114841"}],"wp:term":[{"taxonomy":"category","embeddable":true,"href":"https:\/\/www.fuldaernachrichten.de\/index.php?rest_route=%2Fwp%2Fv2%2Fcategories&post=114841"},{"taxonomy":"post_tag","embeddable":true,"href":"https:\/\/www.fuldaernachrichten.de\/index.php?rest_route=%2Fwp%2Fv2%2Ftags&post=114841"}],"curies":[{"name":"wp","href":"https:\/\/api.w.org\/{rel}","templated":true}]}}