{"id":114806,"date":"2013-10-02T00:13:19","date_gmt":"2013-10-02T00:13:19","guid":{"rendered":"http:\/\/www.fuldaer-nachrichten.de\/?p=114806"},"modified":"2013-10-02T05:43:51","modified_gmt":"2013-10-02T05:43:51","slug":"bischof-anba-damian-in-kuenzell","status":"publish","type":"post","link":"https:\/\/www.fuldaernachrichten.de\/?p=114806","title":{"rendered":"Bischof Anba Damian in K\u00fcnzell"},"content":{"rendered":"<p>Fulda. Zum Weltmissionssonntag am 27. Oktober 2013 ist der Generalbischof der koptisch-orthodoxen Kirche in Deutschland zu Gast in der katholischen Kirchengemeinde in K\u00fcnzell. \u00c4gypten steht in diesem Jahr im Mittelpunkt der weltweiten Solidarit\u00e4tsaktion der Katholiken. Die St. Antonius-Gemeinde in K\u00fcnzell l\u00e4dt ein zum Gottesdienst mit Bischof Damian und Pfarrer Rudolf Liebig um 10 Uhr 30. Die Messe wird von der Schola Laudate musikalisch gestaltet. Im Anschluss l\u00e4dt die Gemeinde zu Gespr\u00e4chen mit dem koptischen Bischof Damian in das Thomas-Morus-Haus in K\u00fcnzell ein. Neben der Information gibt es Getr\u00e4nke und kleine Snacks. <!--more--><br \/>\nBischof Anba Damian ist als Generalbischof der h\u00f6chste W\u00fcrdentr\u00e4ger der koptisch-orthodoxen Kirche in Deutschland. Er stammt aus der \u00e4gyptischen Hauptstadt Kairo und hatte zun\u00e4chst Medizin studiert. Er praktizierte einige Jahre als Arzt in S\u00fcddeutschland, bevor er sich Anfang der 90er Jahre entschloss, als M\u00f6nch in ein Kloster zu gehen. Seinen Bischofssitz hat Bischof Damian in einem Kloster bei H\u00f6xter im Weserbergland.<\/p>\n<p>Nach dem Umsturz des arabischen Fr\u00fchlings, der Macht\u00fcberahme der Muslim-Br\u00fcder und deren Entmachtung ist die Lage der Christen in \u00c4gypten heute so angespannt wie lange nicht. Bischof Damian kann in K\u00fcnzell aus erster Hand \u00fcber die Kopten in dem arabischen Land berichten. Etwa jeder zehnte \u00c4gypter bekennt sich zum Christentum. Der Missionssonntag in K\u00fcnzell beginnt um 10 Uhr 30 mit dem Gottesdienst in der St. Antonius Kirche.<\/p>\n","protected":false},"excerpt":{"rendered":"<div class=\"tmnf_excerpt\"><p>Fulda. Zum Weltmissionssonntag am 27. Oktober 2013 ist der Generalbischof der koptisch-orthodoxen Kirche in Deutschland zu Gast in der katholischen Kirchengemeinde in K\u00fcnzell. \u00c4gypten steht in diesem Jahr im Mittelpunkt der weltweiten Solidarit\u00e4tsaktion der Katholiken. Die St. Antonius-Gemeinde in K\u00fcnzell l\u00e4dt ein zum Gottesdienst mit Bischof Damian und Pfarrer Rudolf Liebig um 10 Uhr 30. &hellip;<\/p>\n<\/div>","protected":false},"author":1,"featured_media":0,"comment_status":"closed","ping_status":"closed","sticky":false,"template":"","format":"standard","meta":{"footnotes":""},"categories":[1],"tags":[],"class_list":["post-114806","post","type-post","status-publish","format-standard","hentry","category-startseite"],"_links":{"self":[{"href":"https:\/\/www.fuldaernachrichten.de\/index.php?rest_route=\/wp\/v2\/posts\/114806","targetHints":{"allow":["GET"]}}],"collection":[{"href":"https:\/\/www.fuldaernachrichten.de\/index.php?rest_route=\/wp\/v2\/posts"}],"about":[{"href":"https:\/\/www.fuldaernachrichten.de\/index.php?rest_route=\/wp\/v2\/types\/post"}],"author":[{"embeddable":true,"href":"https:\/\/www.fuldaernachrichten.de\/index.php?rest_route=\/wp\/v2\/users\/1"}],"replies":[{"embeddable":true,"href":"https:\/\/www.fuldaernachrichten.de\/index.php?rest_route=%2Fwp%2Fv2%2Fcomments&post=114806"}],"version-history":[{"count":1,"href":"https:\/\/www.fuldaernachrichten.de\/index.php?rest_route=\/wp\/v2\/posts\/114806\/revisions"}],"predecessor-version":[{"id":114807,"href":"https:\/\/www.fuldaernachrichten.de\/index.php?rest_route=\/wp\/v2\/posts\/114806\/revisions\/114807"}],"wp:attachment":[{"href":"https:\/\/www.fuldaernachrichten.de\/index.php?rest_route=%2Fwp%2Fv2%2Fmedia&parent=114806"}],"wp:term":[{"taxonomy":"category","embeddable":true,"href":"https:\/\/www.fuldaernachrichten.de\/index.php?rest_route=%2Fwp%2Fv2%2Fcategories&post=114806"},{"taxonomy":"post_tag","embeddable":true,"href":"https:\/\/www.fuldaernachrichten.de\/index.php?rest_route=%2Fwp%2Fv2%2Ftags&post=114806"}],"curies":[{"name":"wp","href":"https:\/\/api.w.org\/{rel}","templated":true}]}}