{"id":114803,"date":"2013-10-02T00:10:31","date_gmt":"2013-10-02T00:10:31","guid":{"rendered":"http:\/\/www.fuldaer-nachrichten.de\/?p=114803"},"modified":"2013-10-02T05:42:53","modified_gmt":"2013-10-02T05:42:53","slug":"dokkum-praesentiert-sich-am-freitag-im-kundenzentrum-der-rhoenenergie-fulda","status":"publish","type":"post","link":"https:\/\/www.fuldaernachrichten.de\/?p=114803","title":{"rendered":"Dokkum pr\u00e4sentiert sich am Freitag im Kundenzentrum der Rh\u00f6nEnergie Fulda"},"content":{"rendered":"<p><img decoding=\"async\" class=\"alignleft size-thumbnail wp-image-114804\" alt=\"DSC_6748\" src=\"http:\/\/www.fuldaer-nachrichten.de\/wp-content\/uploads\/2013\/10\/DSC_6748-265x175.jpg\" width=\"265\" height=\"175\" srcset=\"https:\/\/www.fuldaernachrichten.de\/wp-content\/uploads\/2013\/10\/DSC_6748-265x175.jpg 265w, https:\/\/www.fuldaernachrichten.de\/wp-content\/uploads\/2013\/10\/DSC_6748.jpg 600w\" sizes=\"(max-width: 265px) 100vw, 265px\" \/>Fulda (mb). Die Seele baumeln lassen, um Kultur, Natur, historische Stadtarchitektur und ein St\u00fcck gemeinsame Geschichte zu erleben \u2013 in Dokkum und Umgebung ist all das m\u00f6glich. Ein Gef\u00fchl f\u00fcr Fuldas j\u00fcngste Partnerstadt m\u00f6chte eine Abordnung des Freundschaftskomitees Dokkum-Crediton-Fulda vermitteln, die das \u201eHerz\u201c der friesischen Gro\u00dfgemeinde Dongeradeel im Rahmen der aktuellen Ausstellung der Rh\u00f6nEnergie Fulda am kommenden Freitag, 4. Oktober, um 19 Uhr im Kundenzentrum in der Rabanusstra\u00dfe vorstellen wird.<!--more--><\/p>\n<p>Dokkum liegt im Nordosten der Niederlande. Nicht weit vom Meer und den Watteninseln Ameland und Schiermonnikoog entfernt, um genau zu sein. Das h\u00fcbsche St\u00e4dtchen ist Teil Frieslands, einer reizvollen, park\u00e4hnlichen, immergr\u00fcnen Landschaft mit einem selbstbewussten Menschenschlag, der gro\u00dfen Wert auf Tradition und Gastfreundschaft legt. G\u00e4ste k\u00f6nnen sich hier zu Hause f\u00fchlen. Insbesondere das Freundschaftskomitee \u2013 dessen Motto \u00fcbrigens \u201eDurch Bonifatius verbunden\u201c lautet \u2013 um den Vorsitzenden Fokko Visser mit Tjeerd Jorna, Rudolf Boersma und Wolter Kleine, die an diesem Wochenende in Fulda sein werden, pflegt mit viel Engagement die wechselseitigen Kontakte.<\/p>\n","protected":false},"excerpt":{"rendered":"<div class=\"tmnf_excerpt\"><p>Fulda (mb). Die Seele baumeln lassen, um Kultur, Natur, historische Stadtarchitektur und ein St\u00fcck gemeinsame Geschichte zu erleben \u2013 in Dokkum und Umgebung ist all das m\u00f6glich. Ein Gef\u00fchl f\u00fcr Fuldas j\u00fcngste Partnerstadt m\u00f6chte eine Abordnung des Freundschaftskomitees Dokkum-Crediton-Fulda vermitteln, die das \u201eHerz\u201c der friesischen Gro\u00dfgemeinde Dongeradeel im Rahmen der aktuellen Ausstellung der Rh\u00f6nEnergie Fulda &hellip;<\/p>\n<\/div>","protected":false},"author":1,"featured_media":0,"comment_status":"closed","ping_status":"closed","sticky":false,"template":"","format":"standard","meta":{"footnotes":""},"categories":[1],"tags":[],"class_list":["post-114803","post","type-post","status-publish","format-standard","hentry","category-startseite"],"_links":{"self":[{"href":"https:\/\/www.fuldaernachrichten.de\/index.php?rest_route=\/wp\/v2\/posts\/114803","targetHints":{"allow":["GET"]}}],"collection":[{"href":"https:\/\/www.fuldaernachrichten.de\/index.php?rest_route=\/wp\/v2\/posts"}],"about":[{"href":"https:\/\/www.fuldaernachrichten.de\/index.php?rest_route=\/wp\/v2\/types\/post"}],"author":[{"embeddable":true,"href":"https:\/\/www.fuldaernachrichten.de\/index.php?rest_route=\/wp\/v2\/users\/1"}],"replies":[{"embeddable":true,"href":"https:\/\/www.fuldaernachrichten.de\/index.php?rest_route=%2Fwp%2Fv2%2Fcomments&post=114803"}],"version-history":[{"count":1,"href":"https:\/\/www.fuldaernachrichten.de\/index.php?rest_route=\/wp\/v2\/posts\/114803\/revisions"}],"predecessor-version":[{"id":114805,"href":"https:\/\/www.fuldaernachrichten.de\/index.php?rest_route=\/wp\/v2\/posts\/114803\/revisions\/114805"}],"wp:attachment":[{"href":"https:\/\/www.fuldaernachrichten.de\/index.php?rest_route=%2Fwp%2Fv2%2Fmedia&parent=114803"}],"wp:term":[{"taxonomy":"category","embeddable":true,"href":"https:\/\/www.fuldaernachrichten.de\/index.php?rest_route=%2Fwp%2Fv2%2Fcategories&post=114803"},{"taxonomy":"post_tag","embeddable":true,"href":"https:\/\/www.fuldaernachrichten.de\/index.php?rest_route=%2Fwp%2Fv2%2Ftags&post=114803"}],"curies":[{"name":"wp","href":"https:\/\/api.w.org\/{rel}","templated":true}]}}