{"id":114793,"date":"2013-10-01T06:49:56","date_gmt":"2013-10-01T06:49:56","guid":{"rendered":"http:\/\/www.fuldaer-nachrichten.de\/?p=114793"},"modified":"2013-10-01T06:49:56","modified_gmt":"2013-10-01T06:49:56","slug":"mitglieder-der-mittelstands-und-wirtschaftsvereinigung-zu-gast-im-bbz-mitte-und-im-bbo","status":"publish","type":"post","link":"https:\/\/www.fuldaernachrichten.de\/?p=114793","title":{"rendered":"Mitglieder der Mittelstands- und Wirtschaftsvereinigung zu Gast im BBZ Mitte und im BBO"},"content":{"rendered":"<div id=\"attachment_114794\" style=\"width: 570px\" class=\"wp-caption alignnone\"><img fetchpriority=\"high\" decoding=\"async\" aria-describedby=\"caption-attachment-114794\" class=\"size-full wp-image-114794\" alt=\"Die Mitglieder des Fuldaer Kreisverbandes der Mittelstands- und Wirtschaftsvereinigung der CDU\/CSU mit BBZ-Fachbereichsleiter Soziales, Harald Merzendorfer sowie den Gesch\u00e4ftsf\u00fchrern Stephan Kraus und Stefan Jehn (von links). \" src=\"http:\/\/www.fuldaer-nachrichten.de\/wp-content\/uploads\/2013\/10\/Gruppenfoto-MIT-BBZ.jpg\" width=\"560\" height=\"370\" \/><p id=\"caption-attachment-114794\" class=\"wp-caption-text\">Die Mitglieder des Fuldaer Kreisverbandes der Mittelstands- und Wirtschaftsvereinigung der CDU\/CSU mit BBZ-Fachbereichsleiter Soziales, Harald Merzendorfer sowie den Gesch\u00e4ftsf\u00fchrern Stephan Kraus und Stefan Jehn (von links).<\/p><\/div>\n<p><b>Petersberg<\/b>. Von der Pr\u00e4sentation der Schulungsm\u00f6glichkeiten in der Lehrbauhalle \u00fcber Hintergrundinformationen zur Etablierung einer F\u00fchrungskr\u00e4fteakademie bis hin zur Vorstellung eines trialen Ausbildungssystems: Das Themenspektrum anl\u00e4sslich des Informationsabends, zu dem die Teams der Bildungsanbieter BBZ Mitte und BBO\u00c2\u00a0 \u2013 kurz f\u00fcr Bildungszentrum Bau Osthessen \u2013 die Mitglieder des\u00c2\u00a0 Fuldaer Kreisverbandes der Mittelstands- und Wirtschaftsvereinigung der CDU\/CSU (MIT) eingeladen hatten, war breit gef\u00e4chert.<!--more--><\/p>\n<p>Nach einer Begr\u00fc\u00dfung durch Marc Dechant, den Vorsitzendenden des MIT-Stadtverbandes Fulda, pr\u00e4sentierte der Leiter der Lehrbauhalle, Stephan Bernhard, in einem Rundgang durch die unterschiedlichen Abteilungen des BBO den 25 G\u00e4sten die praktischen Schulungsm\u00f6glichkeiten f\u00fcr die Berufsgruppen vom Anlagenmechaniker bis zum Zimmerer: \u201eWir arbeiten mit 90 Prozent der Bau-Innungs-Betriebe aus der Region zusammen, um den Auszubildenden im Bereich der \u00fcberbetrieblichen Lehrlingsunterweisung die handwerklichen Grundlagen zu vermitteln.\u201c Bauunternehmer Michael Wi\u00dfler, der als Vorsitzender des \u201eTr\u00e4gervereins f\u00fcr die Stufenausbildung in der Bauwirtschaft Fulda e.V.\u201c aktiv ist, betonte die \u201e\u00e4u\u00dferst zufriedenstellende Auslastung\u201c des BBO, in dem t\u00e4glich rund 100 Auszubildende vor Ort sind.<\/p>\n<p>Dass der enge Schulterschluss von BBO und BBZ f\u00fcr den Bildungsstandort Fulda \u201e\u00fcberaus wichtig\u201c sei, betonten die BBZ-Gesch\u00e4ftsf\u00fchrer Stephan Kraus und Stefan Jehn und unterstrichen, dass sich beide Bildungstr\u00e4ger mit ihren Angeboten \u201egegenseitig sehr gut erg\u00e4nzen\u201c.<br \/>\nKraus stellte den G\u00e4sten die drei Fachbereiche des BBZ Mitte\u00c2\u00a0 \u2013 Technik, Wirtschaft und Soziales \u2013 vor, gab einen Einblick in die Neuausrichtung des Bildungsanbieters und pr\u00e4sentierte den neuen Imagefilm. \u00dcber die neu etablierte F\u00fchrungsakademie Mitte informierte Stephan Jehn: \u201eIn vielen Unternehmen nimmt das Thema \u201eF\u00fchrung\u201c einen zu geringen Stellenwert ein, obwohl der Erfolg eines Betriebes gerade von der Qualifikation und dem Zusammenspiel seiner F\u00fchrungsmannschaft abh\u00e4ngt. Hier kn\u00fcpfen wir an und bieten mit erfahrenen Trainern individuelle Programme zur F\u00fchrungskr\u00e4fteentwicklung an.\u201c<\/p>\n<p>Einen weiteren Schwerpunkt des Abends bildete das Thema \u201etriales Ausbildungssystem\u201c. Dazu stellte Achim Gerling von der Gesellschaft f\u00fcr Projektierungs- und Dienstleistungsmanagement (gpdm) aus Paderborn das Projekt BANG \u2013 kurz f\u00fcr Berufliches Ausbildungs-Netzwerk im Gewerbebereich \u2013 vor.<\/p>\n<p>\u201eDas Netzwerk, in dem sich Unternehmen aus dem Metall-Bereich zusammengeschlossen haben, widmet sich der Berufsorientierung und der Bewerberauswahl, koordiniert die Ausbildungsaktivit\u00e4ten von Betrieben und erg\u00e4nzt die Ausbildung durch ein eigenes Trainingszentrum<span style=\"text-decoration: line-through;\">.<\/span> Damit wird das bekannte duale System aus Unternehmen und Berufsschule zum trialen System erweitert.\u201c Harald Merzendorfer, BBZ-Fachbereichsleiter Soziales und Vorstandsmitglied des MIT-Stadtverbands Fulda, sieht in dem Konzept Potential: \u201eIch bin \u00fcberzeugt, dass BANG ein sinnvoller Baustein ist, um den zuk\u00fcnftigen Fachkr\u00e4ftebedarf zu sichern und dass sich dieses Konzept auch auf andere Branchen \u00fcbertragen l\u00e4sst.\u201c<\/p>\n","protected":false},"excerpt":{"rendered":"<div class=\"tmnf_excerpt\"><p>Petersberg. Von der Pr\u00e4sentation der Schulungsm\u00f6glichkeiten in der Lehrbauhalle \u00fcber Hintergrundinformationen zur Etablierung einer F\u00fchrungskr\u00e4fteakademie bis hin zur Vorstellung eines trialen Ausbildungssystems: Das Themenspektrum anl\u00e4sslich des Informationsabends, zu dem die Teams der Bildungsanbieter BBZ Mitte und BBO\u00c2\u00a0 \u2013 kurz f\u00fcr Bildungszentrum Bau Osthessen \u2013 die Mitglieder des\u00c2\u00a0 Fuldaer Kreisverbandes der Mittelstands- und Wirtschaftsvereinigung der CDU\/CSU &hellip;<\/p>\n<\/div>","protected":false},"author":1,"featured_media":0,"comment_status":"closed","ping_status":"closed","sticky":false,"template":"","format":"standard","meta":{"footnotes":""},"categories":[1,53],"tags":[],"class_list":["post-114793","post","type-post","status-publish","format-standard","hentry","category-startseite","category-bildung"],"_links":{"self":[{"href":"https:\/\/www.fuldaernachrichten.de\/index.php?rest_route=\/wp\/v2\/posts\/114793","targetHints":{"allow":["GET"]}}],"collection":[{"href":"https:\/\/www.fuldaernachrichten.de\/index.php?rest_route=\/wp\/v2\/posts"}],"about":[{"href":"https:\/\/www.fuldaernachrichten.de\/index.php?rest_route=\/wp\/v2\/types\/post"}],"author":[{"embeddable":true,"href":"https:\/\/www.fuldaernachrichten.de\/index.php?rest_route=\/wp\/v2\/users\/1"}],"replies":[{"embeddable":true,"href":"https:\/\/www.fuldaernachrichten.de\/index.php?rest_route=%2Fwp%2Fv2%2Fcomments&post=114793"}],"version-history":[{"count":1,"href":"https:\/\/www.fuldaernachrichten.de\/index.php?rest_route=\/wp\/v2\/posts\/114793\/revisions"}],"predecessor-version":[{"id":114795,"href":"https:\/\/www.fuldaernachrichten.de\/index.php?rest_route=\/wp\/v2\/posts\/114793\/revisions\/114795"}],"wp:attachment":[{"href":"https:\/\/www.fuldaernachrichten.de\/index.php?rest_route=%2Fwp%2Fv2%2Fmedia&parent=114793"}],"wp:term":[{"taxonomy":"category","embeddable":true,"href":"https:\/\/www.fuldaernachrichten.de\/index.php?rest_route=%2Fwp%2Fv2%2Fcategories&post=114793"},{"taxonomy":"post_tag","embeddable":true,"href":"https:\/\/www.fuldaernachrichten.de\/index.php?rest_route=%2Fwp%2Fv2%2Ftags&post=114793"}],"curies":[{"name":"wp","href":"https:\/\/api.w.org\/{rel}","templated":true}]}}