{"id":114788,"date":"2013-10-01T06:47:57","date_gmt":"2013-10-01T06:47:57","guid":{"rendered":"http:\/\/www.fuldaer-nachrichten.de\/?p=114788"},"modified":"2013-10-01T06:47:57","modified_gmt":"2013-10-01T06:47:57","slug":"rallyefieber-in-nordhessen-18-adac-rallye-bad-emstal-startet-am-kommenden-samstag","status":"publish","type":"post","link":"https:\/\/www.fuldaernachrichten.de\/?p=114788","title":{"rendered":"\u201eRallyefieber\u201c in Nordhessen\u201c &#8211; 18. ADAC Rallye Bad Emstal startet am kommenden Samstag"},"content":{"rendered":"<p><b><img decoding=\"async\" class=\"alignleft size-thumbnail wp-image-114791\" alt=\"Gutbier_2\" src=\"http:\/\/www.fuldaer-nachrichten.de\/wp-content\/uploads\/2013\/10\/Gutbier_2-265x185.jpg\" width=\"265\" height=\"185\" srcset=\"https:\/\/www.fuldaernachrichten.de\/wp-content\/uploads\/2013\/10\/Gutbier_2-265x185.jpg 265w, https:\/\/www.fuldaernachrichten.de\/wp-content\/uploads\/2013\/10\/Gutbier_2.jpg 600w\" sizes=\"(max-width: 265px) 100vw, 265px\" \/>Bad Emstal\/Wolfhagen. <\/b>Der Herbst hat Einzug gehalten und damit r\u00fcckt auch das gewisse Rallyefieber der ADAC Rallye Bad Emstal n\u00e4her. Nach monatelanger penibler Vorbereitung ist der MSC Emstal Gastgeber der 18. Auflage der\u00c2\u00a0 Rallye Bad Emstal. Manfred Lengemann, MSC &#8211; Vorsitzender und zugleich Rallyeleiter, hat mit seinen Helfern erneut\u00c2\u00a0 attraktive Strecken in den Bereichen Wolfhagen, Bad Arolsen und Bad Emstal ausgearbeitet. Die sportlich, zu fahrende Strecke umfasst f\u00fcnf verschiedene Wertungspr\u00fcfungen (WP), von denen eine doppelt gefahren wird. Insgesamt m\u00fcssen die Rallyeteams also sechs WP\u00c2\u00b4s \u00fcber insgesamt 35 Kilometer auf Bestzeit fahren. Neben einer Sprintpr\u00fcfungen sind f\u00fcnf Rundkurse zu fahren.<!--more--><\/p>\n<p>Saisonbedingt geht es in Bad Emstal als vorletztem Lauf in den verschiedenen Pr\u00e4dikatsl\u00e4ufen praktisch auf die Zielgerade. Der Klassiker in Nordhessen z\u00e4hlt neben dem Lauf zum HFM- (Hessischer Fachverband f\u00fcr Motorsport) Rallye Meisterschaft, auch zur Youngtimer Rallye Trophy und weiteren deutschen Pr\u00e4dikaten. Dementsprechend werden die Teams ihre Motoren und auch Bremsscheiben gl\u00fchen lassen beim Kampf um die zu vergebenden Punkte.<\/p>\n<p><b>\u00dcber 100 Teams am Start<\/b><\/p>\n<p>Mehr als 100 Teams aus Hessen und den benachbarten Bundesl\u00e4ndern, etwa ein F\u00fcnftel davon in der Historic-Wertung, werden in Wolfhagen bzw. Bad Emstal erwartet. Nach der Pflichtab-nahme und Streckenbesichtigung am Samstagmorgen, erfolgt beim VW Autohaus \u00c2\u00a0Ostmann, Wolfhagen ab 12:01 Uhr der Start des ersten von rund 30 Teams aus dem Retro Rallye Cup. Um 13:16 Uhr geht das Bestzeitenfeld im Minutenabstand auf die Reise.<\/p>\n<p><b>Sondergruppe Historic Rallye Bad Emstal<\/b><\/p>\n<p>In der Sondergruppe\u00c2\u00a0 Historic fahren Fahrzeuge aus dem Retro Rallye Cup. Hier fahren historische Rallyeautos aus fr\u00fcheren Jahren in einer vorgegebenen Sollzeit mit einem maximalen Schnitt von Tempo 49. Sieger ist derjenige, der die geringste Abweichung seiner Fahrzeit am Ende hat. Manfred und Rainer Adolfs aus Bergneustadt gehen als Tabellenf\u00fchrer im Retro Rallye Cup mit ihrem Porsche 911 an den Start.\u00c2\u00a0 Die Gesamtsieger im Retro Rallye Cup 2012, Lothar K\u00f6hler\/Ursula Gl\u00f6de aus dem mittelhessischen Laubach, auf BMW 318 iS werden alles daran setzen, die Meisterschaft noch f\u00fcr sich zu entscheiden.<\/p>\n<p><b>Siegerehrung Retro Rallye Cup<\/b><\/p>\n<p>F\u00fcr die Teams im Retro Rallye Cup ist die \u201eEmstal Rallye\u201c die letzte Veranstaltung in diesem Jahr. Am Abend werden bei der Siegerehrung im Kursaal des Thermalbades Bad Emstal die Meister und Platzierten der Retro-Meisterschaft geehrt.<\/p>\n<p><b>J\u00f6rg Schuhej \/ Tanja Timmer<\/b><\/p>\n<p>K\u00f6nnen Schuhej \/ Timmer den Gesamtsieg wiederholten? Diese Frage stellen sich die Rallyefans. Die Vorjahres-Gesamtsieger der ADAC Rallye Bad Emstal J\u00f6rg Schuhej aus Fulda und Tanja Timmer aus Schwalmstadt geh\u00f6ren auch in diesem Jahr wieder zum Favoritenkreis der <b>\u201eEmstal<\/b>\u201c. \u00c2\u00a0Um bei der \u201eEmstal\u201c zu starten,<b> <\/b>musste J\u00f6rg Schuhej seinem Mitsubishi Lancer EVO 7 noch einen neuen Motor einbauen.<\/p>\n<p>Mit der Startnummer 2 werden Axel N\u00f6renberg\/Markus Steinfadt aus Wolfhagen auf ihrem BMW MS CSL alles daran setzen, den Gesamtsieg f\u00fcr sich zu verbuchen. Als Hecht im Karpfenteich k\u00f6nnen sich die \u201ePublikumslieblinge\u201c mit der Startnummer 3, Andreas Gutbier\/Matthias Winning aus Bad Emstal mit ihrem VW Golf\u00c2\u00a0 GTi 16 V, f\u00fchlen. \u201eAndreas\u201c wir wissen, dass wir schnell sind. Mal sehen wie sich das da vorne entwickelt. Sie k\u00f6nnen durchaus f\u00fcr eine \u00dcberraschung sorgen.<\/p>\n<p>Gegen 17:00 Uhr werden die Teams im Ziel am Thermalbad in Bad Emstal erwartet.<\/p>\n<p>Weitere Infos unter <a href=\"http:\/\/www.msc-emstal.de\/\">www.msc-emstal.de<\/a><\/p>\n","protected":false},"excerpt":{"rendered":"<div class=\"tmnf_excerpt\"><p>Bad Emstal\/Wolfhagen. Der Herbst hat Einzug gehalten und damit r\u00fcckt auch das gewisse Rallyefieber der ADAC Rallye Bad Emstal n\u00e4her. Nach monatelanger penibler Vorbereitung ist der MSC Emstal Gastgeber der 18. Auflage der\u00c2\u00a0 Rallye Bad Emstal. Manfred Lengemann, MSC &#8211; Vorsitzender und zugleich Rallyeleiter, hat mit seinen Helfern erneut\u00c2\u00a0 attraktive Strecken in den Bereichen Wolfhagen, &hellip;<\/p>\n<\/div>","protected":false},"author":1,"featured_media":0,"comment_status":"closed","ping_status":"closed","sticky":false,"template":"","format":"standard","meta":{"footnotes":""},"categories":[1],"tags":[],"class_list":["post-114788","post","type-post","status-publish","format-standard","hentry","category-startseite"],"_links":{"self":[{"href":"https:\/\/www.fuldaernachrichten.de\/index.php?rest_route=\/wp\/v2\/posts\/114788","targetHints":{"allow":["GET"]}}],"collection":[{"href":"https:\/\/www.fuldaernachrichten.de\/index.php?rest_route=\/wp\/v2\/posts"}],"about":[{"href":"https:\/\/www.fuldaernachrichten.de\/index.php?rest_route=\/wp\/v2\/types\/post"}],"author":[{"embeddable":true,"href":"https:\/\/www.fuldaernachrichten.de\/index.php?rest_route=\/wp\/v2\/users\/1"}],"replies":[{"embeddable":true,"href":"https:\/\/www.fuldaernachrichten.de\/index.php?rest_route=%2Fwp%2Fv2%2Fcomments&post=114788"}],"version-history":[{"count":1,"href":"https:\/\/www.fuldaernachrichten.de\/index.php?rest_route=\/wp\/v2\/posts\/114788\/revisions"}],"predecessor-version":[{"id":114792,"href":"https:\/\/www.fuldaernachrichten.de\/index.php?rest_route=\/wp\/v2\/posts\/114788\/revisions\/114792"}],"wp:attachment":[{"href":"https:\/\/www.fuldaernachrichten.de\/index.php?rest_route=%2Fwp%2Fv2%2Fmedia&parent=114788"}],"wp:term":[{"taxonomy":"category","embeddable":true,"href":"https:\/\/www.fuldaernachrichten.de\/index.php?rest_route=%2Fwp%2Fv2%2Fcategories&post=114788"},{"taxonomy":"post_tag","embeddable":true,"href":"https:\/\/www.fuldaernachrichten.de\/index.php?rest_route=%2Fwp%2Fv2%2Ftags&post=114788"}],"curies":[{"name":"wp","href":"https:\/\/api.w.org\/{rel}","templated":true}]}}