{"id":114782,"date":"2013-10-01T06:39:09","date_gmt":"2013-10-01T06:39:09","guid":{"rendered":"http:\/\/www.fuldaer-nachrichten.de\/?p=114782"},"modified":"2013-10-01T06:39:09","modified_gmt":"2013-10-01T06:39:09","slug":"erfolgreicher-abschluss-am-klinikum-16-erfolgreiche-absolventen-des-praxisanleiterlehrgangs","status":"publish","type":"post","link":"https:\/\/www.fuldaernachrichten.de\/?p=114782","title":{"rendered":"Erfolgreicher Abschluss am Klinikum: 16 erfolgreiche Absolventen des Praxisanleiterlehrgangs"},"content":{"rendered":"<div id=\"news-content\">\n<p><img decoding=\"async\" class=\"alignleft size-thumbnail wp-image-114783\" alt=\"Hr. Voit_Praxisanleiter_15.08.2013_DSC_1386\" src=\"http:\/\/www.fuldaer-nachrichten.de\/wp-content\/uploads\/2013\/10\/Hr.-Voit_Praxisanleiter_15.08.2013_DSC_1386-265x175.jpg\" width=\"265\" height=\"175\" srcset=\"https:\/\/www.fuldaernachrichten.de\/wp-content\/uploads\/2013\/10\/Hr.-Voit_Praxisanleiter_15.08.2013_DSC_1386-265x175.jpg 265w, https:\/\/www.fuldaernachrichten.de\/wp-content\/uploads\/2013\/10\/Hr.-Voit_Praxisanleiter_15.08.2013_DSC_1386.jpg 600w\" sizes=\"(max-width: 265px) 100vw, 265px\" \/>Fulda. Vom 01.01. bis 15.08.2013 fand am Klinikum Fulda zum zweiten Mal eine Weiterbildung zur \u201ePraxisanleitung in der Pflege\u201c, nach der staatlichen Weiterbildungs- und Pr\u00fcfungsordnung f\u00fcr Pflegeberufe, statt. Einen erfolgreichen Abschluss absolvierten 9 Mitarbeiterinnen und Mitarbeiter aus verschiedenen Fachabteilungen des Klinikums, 4 Mitarbeiterinnen aus den angeschlossenen Seniorenzentren sowie 3 Teilnehmer\/-innen aus Verbundkrankenh\u00e4usern und Seniorenzentren.<!--more--><\/p>\n<p>Praxisanleiter\/-innen sind beruflich Pflegende, die in einer 210-Stunden umfassenden Weiterbildung lernen, wie Aus- und Weiterzubildende auf der Station bzw. in den Fachbereichen einer Klinik oder in der Altenpflegeausbildung in der pflegerischen Praxis anzuleiten sind. Dabei geht es darum, die von den Sch\u00fclerinnen und Sch\u00fclern gelernte Theorie in der Praxis zu vermitteln.<\/p>\n<p>Themenschwerpunkte dieser Weiterbildung sind unter anderem P\u00e4dagogik, Didaktik, Gespr\u00e4chsf\u00fchrung, Theorie\/Praxistransfer, Beurteilen und Benoten sowie rechtliche Rahmenbedingungen. Die Arbeit der Praxisanleiter\/-innen wird immer wichtiger, da die Anforderungen an die Pflegenden enorm zugenommen haben.<\/p>\n<p>Durch die Optimierung der Qualit\u00e4t der praktischen Ausbildung leistet die Weiterbildungsst\u00e4tte am Klinikum Fulda einen Beitrag, die pflegerisch hochwertige Versorgung in der Region zu gew\u00e4hrleisten. Durch die Schaffung von attraktiven Ausbildungsbedingungen sollen auch k\u00fcnftig junge Menschen f\u00fcr die Pflegeberufe\u00c2\u00a0gewonnen und damit einem drohenden Pflegenotstand entgegen gewirkt werden.<\/p>\n<p>Zum erfolgreichen Abschluss gratulieren Pflegedirektor Mathias Mengel und der Leiter der Weiterbildungsst\u00e4tte Wilfried Voit den Teilnehmer\/-innen: Serife Tuba Akbulut, Zeynep Aky\u00fcz, Lars Bernschein, Ramona Dr\u00fcschler, Iris Geissler, Anne Hack, Olga Hanke, Michael Heil, Julia Hermann, Daniela H\u00f6lzner, Yvonne Jost, Sven Lochm\u00fcller, Sabrina Schel, Isabell Sellin, Simone Staubach und Cornelia Vorwachs.<\/p>\n<p>Foto: Barbara Froese<\/p>\n<\/div>\n","protected":false},"excerpt":{"rendered":"<div class=\"tmnf_excerpt\"><p>Fulda. Vom 01.01. bis 15.08.2013 fand am Klinikum Fulda zum zweiten Mal eine Weiterbildung zur \u201ePraxisanleitung in der Pflege\u201c, nach der staatlichen Weiterbildungs- und Pr\u00fcfungsordnung f\u00fcr Pflegeberufe, statt. Einen erfolgreichen Abschluss absolvierten 9 Mitarbeiterinnen und Mitarbeiter aus verschiedenen Fachabteilungen des Klinikums, 4 Mitarbeiterinnen aus den angeschlossenen Seniorenzentren sowie 3 Teilnehmer\/-innen aus Verbundkrankenh\u00e4usern und Seniorenzentren.<\/p>\n<\/div>","protected":false},"author":1,"featured_media":0,"comment_status":"closed","ping_status":"closed","sticky":false,"template":"","format":"standard","meta":{"footnotes":""},"categories":[1,53,51],"tags":[],"class_list":["post-114782","post","type-post","status-publish","format-standard","hentry","category-startseite","category-bildung","category-medizin"],"_links":{"self":[{"href":"https:\/\/www.fuldaernachrichten.de\/index.php?rest_route=\/wp\/v2\/posts\/114782","targetHints":{"allow":["GET"]}}],"collection":[{"href":"https:\/\/www.fuldaernachrichten.de\/index.php?rest_route=\/wp\/v2\/posts"}],"about":[{"href":"https:\/\/www.fuldaernachrichten.de\/index.php?rest_route=\/wp\/v2\/types\/post"}],"author":[{"embeddable":true,"href":"https:\/\/www.fuldaernachrichten.de\/index.php?rest_route=\/wp\/v2\/users\/1"}],"replies":[{"embeddable":true,"href":"https:\/\/www.fuldaernachrichten.de\/index.php?rest_route=%2Fwp%2Fv2%2Fcomments&post=114782"}],"version-history":[{"count":1,"href":"https:\/\/www.fuldaernachrichten.de\/index.php?rest_route=\/wp\/v2\/posts\/114782\/revisions"}],"predecessor-version":[{"id":114784,"href":"https:\/\/www.fuldaernachrichten.de\/index.php?rest_route=\/wp\/v2\/posts\/114782\/revisions\/114784"}],"wp:attachment":[{"href":"https:\/\/www.fuldaernachrichten.de\/index.php?rest_route=%2Fwp%2Fv2%2Fmedia&parent=114782"}],"wp:term":[{"taxonomy":"category","embeddable":true,"href":"https:\/\/www.fuldaernachrichten.de\/index.php?rest_route=%2Fwp%2Fv2%2Fcategories&post=114782"},{"taxonomy":"post_tag","embeddable":true,"href":"https:\/\/www.fuldaernachrichten.de\/index.php?rest_route=%2Fwp%2Fv2%2Ftags&post=114782"}],"curies":[{"name":"wp","href":"https:\/\/api.w.org\/{rel}","templated":true}]}}