{"id":114779,"date":"2013-10-01T06:33:52","date_gmt":"2013-10-01T06:33:52","guid":{"rendered":"http:\/\/www.fuldaer-nachrichten.de\/?p=114779"},"modified":"2013-10-01T06:33:52","modified_gmt":"2013-10-01T06:33:52","slug":"projekt-elternfee-entlastung-fuer-eltern-schirmherrin-carmen-woide","status":"publish","type":"post","link":"https:\/\/www.fuldaernachrichten.de\/?p=114779","title":{"rendered":"Projekt &#8220;Elternfee&#8221; \u2013 Entlastung f\u00fcr Eltern &#8211; Schirmherrin Carmen Woide"},"content":{"rendered":"<p><img decoding=\"async\" class=\"alignleft size-thumbnail wp-image-114780\" alt=\"woideehrenamt\" src=\"http:\/\/www.fuldaer-nachrichten.de\/wp-content\/uploads\/2013\/10\/woideehrenamt-265x176.jpg\" width=\"265\" height=\"176\" srcset=\"https:\/\/www.fuldaernachrichten.de\/wp-content\/uploads\/2013\/10\/woideehrenamt-265x176.jpg 265w, https:\/\/www.fuldaernachrichten.de\/wp-content\/uploads\/2013\/10\/woideehrenamt.jpg 600w\" sizes=\"(max-width: 265px) 100vw, 265px\" \/>Fulda. Die Frau des Landrats, Carmen Woide wird Schirmherrin des Ehrenamtsprojekts \u00c2\u00a0\u201eElternfee \u2013 Entlastung f\u00fcr Eltern\u201c ehemals wellcome Fulda. Dieses Entlastungsangebot der Deutschen Familienstiftung f\u00fcr Familien mit Kindern in den ersten zwei Lebensjahren hat sich inzwischen etabliert. Nun wird es Zeit f\u00fcr eine tatkr\u00e4ftige Unterst\u00fctzung: Carmen Woide, selbst Mutter von zwei Kindern, kennt die Situation nach der Geburt und in den ersten Lebensjahren, wenn die Kinder noch klein sind, sehr gut.<!--more--><\/p>\n<p>\u201eMich hat das Konzept von Anfang an \u00fcberzeugt\u201c, best\u00e4tigt sie. \u201eAls die Deutsche Familienstiftung auf mich zu kam und mich gebeten hat, \u201eElternfee\u201c zu unterst\u00fctzen, musste ich nicht lange \u00fcberlegen. Ich freue mich, dieses sehr sinnvolle und hilfreiche Angebot f\u00fcr Eltern mit meiner Person weiter bekannt zu machen, denn gerade in den mobilen Zeiten haben viele Familien keine Gro\u00dfeltern oder nahe Verwandte mehr vor Ort, die sie in der Kinderbetreuung unterst\u00fctzen k\u00f6nnen.\u201c<\/p>\n<p>Wenn die Familie fehlt, braucht es andere soziale Netze, um das Projekt Familie mit Freude und Elan betreiben zu k\u00f6nnen. Es ist und bleibt eine Herausforderung f\u00fcr Vater und Mutter. Die Leitung und Koordinatorin, Julia Sp\u00e4tling, kann dies nur best\u00e4tigen: \u201eGerade aus der Fuldaer Innenstadt kommen immer mehr Anfragen, denn die Zahl der Zugezogenen steigt.\u201c So hat \u201eElternfee\u201c nun auch prominenten R\u00fcckenwind und freut sich auf weitere Familien mit ihren Kindern. Wer daran interessiert ist, als Ehrenamtliche bei Elternfee mitzuhelfen, ist ebenfalls sehr herzlich willkommen.<\/p>\n<p>\u201eWir legen Wert darauf, dass die Ehrenamtliche selber bestimmen kann, wie lange und in welchem Umfang sie ihr Ehrenamt ausf\u00fchren m\u00f6chte. Sie vereinbart die Termine mit der Familie selbst und legt den Rhythmus fest. Die Einsatzdauer von ein bis zwei Mal in der Woche f\u00fcr drei bis vier Monate pro Familie ist eine sehr angenehme Zeitspanne. Au\u00dferdem werden viertelj\u00e4hrlich Vortr\u00e4ge oder andere Aktivit\u00e4ten f\u00fcr die Ehrenamtlichen angeboten, die Fahrtkosten werden erstattet und sie sind haft- unfallversichert. Mehr Informationen unter 0661-9338870, <a href=\"http:\/\/www.familienschule-fulda.de\/\">www.familienschule-fulda.de<\/a> oder www.deutsche-familienstiftung.de<\/p>\n<p>&nbsp;<\/p>\n<p>&nbsp;<\/p>\n","protected":false},"excerpt":{"rendered":"<div class=\"tmnf_excerpt\"><p>Fulda. Die Frau des Landrats, Carmen Woide wird Schirmherrin des Ehrenamtsprojekts \u00c2\u00a0\u201eElternfee \u2013 Entlastung f\u00fcr Eltern\u201c ehemals wellcome Fulda. Dieses Entlastungsangebot der Deutschen Familienstiftung f\u00fcr Familien mit Kindern in den ersten zwei Lebensjahren hat sich inzwischen etabliert. Nun wird es Zeit f\u00fcr eine tatkr\u00e4ftige Unterst\u00fctzung: Carmen Woide, selbst Mutter von zwei Kindern, kennt die Situation &hellip;<\/p>\n<\/div>","protected":false},"author":1,"featured_media":0,"comment_status":"closed","ping_status":"closed","sticky":false,"template":"","format":"standard","meta":{"footnotes":""},"categories":[1],"tags":[],"class_list":["post-114779","post","type-post","status-publish","format-standard","hentry","category-startseite"],"_links":{"self":[{"href":"https:\/\/www.fuldaernachrichten.de\/index.php?rest_route=\/wp\/v2\/posts\/114779","targetHints":{"allow":["GET"]}}],"collection":[{"href":"https:\/\/www.fuldaernachrichten.de\/index.php?rest_route=\/wp\/v2\/posts"}],"about":[{"href":"https:\/\/www.fuldaernachrichten.de\/index.php?rest_route=\/wp\/v2\/types\/post"}],"author":[{"embeddable":true,"href":"https:\/\/www.fuldaernachrichten.de\/index.php?rest_route=\/wp\/v2\/users\/1"}],"replies":[{"embeddable":true,"href":"https:\/\/www.fuldaernachrichten.de\/index.php?rest_route=%2Fwp%2Fv2%2Fcomments&post=114779"}],"version-history":[{"count":1,"href":"https:\/\/www.fuldaernachrichten.de\/index.php?rest_route=\/wp\/v2\/posts\/114779\/revisions"}],"predecessor-version":[{"id":114781,"href":"https:\/\/www.fuldaernachrichten.de\/index.php?rest_route=\/wp\/v2\/posts\/114779\/revisions\/114781"}],"wp:attachment":[{"href":"https:\/\/www.fuldaernachrichten.de\/index.php?rest_route=%2Fwp%2Fv2%2Fmedia&parent=114779"}],"wp:term":[{"taxonomy":"category","embeddable":true,"href":"https:\/\/www.fuldaernachrichten.de\/index.php?rest_route=%2Fwp%2Fv2%2Fcategories&post=114779"},{"taxonomy":"post_tag","embeddable":true,"href":"https:\/\/www.fuldaernachrichten.de\/index.php?rest_route=%2Fwp%2Fv2%2Ftags&post=114779"}],"curies":[{"name":"wp","href":"https:\/\/api.w.org\/{rel}","templated":true}]}}