{"id":114771,"date":"2013-10-01T06:26:49","date_gmt":"2013-10-01T06:26:49","guid":{"rendered":"http:\/\/www.fuldaer-nachrichten.de\/?p=114771"},"modified":"2013-10-01T06:26:49","modified_gmt":"2013-10-01T06:26:49","slug":"hessen-waehlen-ihre-beliebtesten-wanderwege","status":"publish","type":"post","link":"https:\/\/www.fuldaernachrichten.de\/?p=114771","title":{"rendered":"Hessen w\u00e4hlen ihre beliebtesten Wanderwege"},"content":{"rendered":"<p><img fetchpriority=\"high\" decoding=\"async\" class=\"alignleft size-thumbnail wp-image-114772\" alt=\"301001_Wanderwege\" src=\"http:\/\/www.fuldaer-nachrichten.de\/wp-content\/uploads\/2013\/10\/301001_Wanderwege-265x367.jpg\" width=\"265\" height=\"367\" srcset=\"https:\/\/www.fuldaernachrichten.de\/wp-content\/uploads\/2013\/10\/301001_Wanderwege-265x367.jpg 265w, https:\/\/www.fuldaernachrichten.de\/wp-content\/uploads\/2013\/10\/301001_Wanderwege-191x265.jpg 191w, https:\/\/www.fuldaernachrichten.de\/wp-content\/uploads\/2013\/10\/301001_Wanderwege-433x600.jpg 433w, https:\/\/www.fuldaernachrichten.de\/wp-content\/uploads\/2013\/10\/301001_Wanderwege.jpg 600w\" sizes=\"(max-width: 265px) 100vw, 265px\" \/>Frankfurt. Hessen ist ein Wanderland: Zwischen Odenwald und Edersee, zwischen Rh\u00f6n und Rheingau locken zahlreiche reizvolle Strecken Wanderlustige mit unterschiedlichstem Landschaftscharakter \u2013 mal waldreich wie der Spessartbogen, mal geheimnisvoll wie der Nibelungensteig, mal romantisch wie der Rheinsteig. Doch welche sind die Lieblingswanderwege der Hessen? Unter dem Titel \u201eDie beliebtesten Wanderwege der Hessen\u201c stellt das hr-fernsehen am Donnerstag, 3. Oktober, um 18 Uhr insgesamt 30 Routen vor und k\u00fcrt die mit Spannung erwarteten vorderen Pl\u00e4tze. Zuvor hatten die Hessen im Internet die Qual der Wahl: Unter 30 ausgesuchten hessischen Wanderwegen, die meisten davon vorgeschlagen und pr\u00e4sentiert von wanderbegeisterten Zuschauern des hr-fernsehens, konnte man hier seine Favoriten w\u00e4hlen.<!--more--><\/p>\n<p>Kommentiert wird die Rangliste von jeder Menge Prominenz: Wanderpapst Manuel Andrack, die hr-Wanderexperten Birgit Sommer und Jochen Schmidt, \u201eHessentipp\u201c-Moderator Reinhard Schall, Wanderscout Thorsten Hoyer sowie Klaus Erber vom Deutschen Wanderinstitut sprechen \u00fcber ihre ganz pers\u00f6nlichen Vorlieben unter Hessens sch\u00f6nsten Wanderwegen. Hinweis an die Redaktionen: N\u00e4here Infos zur Sendung finden Sie unter www.beliebteste.hr-online.de. Dort sehen Sie auch, welche Wanderwege aus Ihrer Region zur Abstimmung standen.<\/p>\n","protected":false},"excerpt":{"rendered":"<div class=\"tmnf_excerpt\"><p>Frankfurt. Hessen ist ein Wanderland: Zwischen Odenwald und Edersee, zwischen Rh\u00f6n und Rheingau locken zahlreiche reizvolle Strecken Wanderlustige mit unterschiedlichstem Landschaftscharakter \u2013 mal waldreich wie der Spessartbogen, mal geheimnisvoll wie der Nibelungensteig, mal romantisch wie der Rheinsteig. Doch welche sind die Lieblingswanderwege der Hessen? Unter dem Titel \u201eDie beliebtesten Wanderwege der Hessen\u201c stellt das hr-fernsehen &hellip;<\/p>\n<\/div>","protected":false},"author":1,"featured_media":0,"comment_status":"closed","ping_status":"closed","sticky":false,"template":"","format":"standard","meta":{"footnotes":""},"categories":[1],"tags":[],"class_list":["post-114771","post","type-post","status-publish","format-standard","hentry","category-startseite"],"_links":{"self":[{"href":"https:\/\/www.fuldaernachrichten.de\/index.php?rest_route=\/wp\/v2\/posts\/114771","targetHints":{"allow":["GET"]}}],"collection":[{"href":"https:\/\/www.fuldaernachrichten.de\/index.php?rest_route=\/wp\/v2\/posts"}],"about":[{"href":"https:\/\/www.fuldaernachrichten.de\/index.php?rest_route=\/wp\/v2\/types\/post"}],"author":[{"embeddable":true,"href":"https:\/\/www.fuldaernachrichten.de\/index.php?rest_route=\/wp\/v2\/users\/1"}],"replies":[{"embeddable":true,"href":"https:\/\/www.fuldaernachrichten.de\/index.php?rest_route=%2Fwp%2Fv2%2Fcomments&post=114771"}],"version-history":[{"count":1,"href":"https:\/\/www.fuldaernachrichten.de\/index.php?rest_route=\/wp\/v2\/posts\/114771\/revisions"}],"predecessor-version":[{"id":114773,"href":"https:\/\/www.fuldaernachrichten.de\/index.php?rest_route=\/wp\/v2\/posts\/114771\/revisions\/114773"}],"wp:attachment":[{"href":"https:\/\/www.fuldaernachrichten.de\/index.php?rest_route=%2Fwp%2Fv2%2Fmedia&parent=114771"}],"wp:term":[{"taxonomy":"category","embeddable":true,"href":"https:\/\/www.fuldaernachrichten.de\/index.php?rest_route=%2Fwp%2Fv2%2Fcategories&post=114771"},{"taxonomy":"post_tag","embeddable":true,"href":"https:\/\/www.fuldaernachrichten.de\/index.php?rest_route=%2Fwp%2Fv2%2Ftags&post=114771"}],"curies":[{"name":"wp","href":"https:\/\/api.w.org\/{rel}","templated":true}]}}