{"id":114761,"date":"2013-10-01T06:15:23","date_gmt":"2013-10-01T06:15:23","guid":{"rendered":"http:\/\/www.fuldaer-nachrichten.de\/?p=114761"},"modified":"2013-10-01T06:15:23","modified_gmt":"2013-10-01T06:15:23","slug":"der-ba-x-in-hessen-im-september-2013-kraeftenachfrage-sinkt-unerwartet","status":"publish","type":"post","link":"https:\/\/www.fuldaernachrichten.de\/?p=114761","title":{"rendered":"Der BA-X in Hessen im September 2013 &#8211; Kr\u00e4ftenachfrage sinkt unerwartet"},"content":{"rendered":"<p>Hessen. Der Stellenindex der Bundesagentur f\u00fcr Arbeit (BA-X) in Hessen ist im September um 3 Punkte auf 139 gesunken. Seit April verharrte der BA-X bei 142 Punkten. Somit unterschreitet der BA-X das Spitzenniveau vom Jahreswechsel 2011\/2012 um 40 Punkte und auch im Vergleich zum Vorjahr bleibt ein Minus von 11 Punkten.<!--more--><\/p>\n<p>Der aktuelle BA-X bleibt damit ebenfalls deutlich hinter den Septemberwerten der Jahre 2011 (178 Punkte) und 2010 (157 Punkte) zur\u00fcck. Der niedrigste Septemberwert wurde mit 114 Punkten im Jahr 2009 erreicht. Das Wachstum des hessischen Bruttoinlandsproduktes (BIP) im ersten Halbjahr 2013, um 0,3 Prozent im Vergleich zum Vorjahr, scheint sich aktuell nicht in der Kr\u00e4ftenachfrage auf dem hessischen Arbeitsmarkt niederzuschlagen.<\/p>\n<p>&#8220;Die im letzten Monat erhoffte Stabilisierung bei der Nachfrage nach Arbeitskr\u00e4ften ist nicht eingetreten. Die Kr\u00e4ftenachfrage entwickelt sich entgegen dem Wachstum der hessischen Wirtschaft. Der weitere R\u00fcckgang der gemeldeten offenen Stellen bei den Agenturen f\u00fcr Arbeit deutet darauf hin, dass die Betriebe weiterhin Zur\u00fcckhaltung bei der Stellenbesetzung \u00fcben&#8221;, so Frank Martin, Leiter der Regionaldirektion Hessen.<\/p>\n<p>Bereits seit Anfang 2012 hatte die Kr\u00e4ftenachfrage in Hessen tendenziell abgenommen. Die Zur\u00fcckhaltung der Betriebe bei Stellenmeldungen h\u00e4lt weiter an und zeigt sich weiterhin im R\u00fcckgang der gemeldeten Stellen seit Jahresbeginn bei den Agenturen f\u00fcr Arbeit in Hessen besonders im Vorjahresvergleich (Juni: -17,3 Prozent, Juli: -15,0 Prozent, August: -13,5 Prozent).<\/p>\n<p><strong>Hintergrundinformation<\/strong><\/p>\n<p>Der BA-X ist der aktuellste Stellenindex in Deutschland und beruht auf konkreten, der BA gemeldeten Stellen der Unternehmen. Er bildet die Entwicklung der Arbeitskr\u00e4ftenachfrage am ersten Arbeitsmarkt ab und signalisiert damit die Einstellungsbereitschaft der Unternehmen in Deutschland. Als saisonbereinigter Index l\u00e4sst der BA-X somit Aussagen zur konjunkturellen Entwicklung zu. In den Index flie\u00dfen die bei der Bundesagentur gemeldeten ungef\u00f6rderten Arbeitsstellen, die Stellen f\u00fcr Freiberufler und Selbst\u00e4ndige sowie die gemeldeten Stellen aus der privaten Arbeitsvermittlung ein.<\/p>\n","protected":false},"excerpt":{"rendered":"<div class=\"tmnf_excerpt\"><p>Hessen. Der Stellenindex der Bundesagentur f\u00fcr Arbeit (BA-X) in Hessen ist im September um 3 Punkte auf 139 gesunken. Seit April verharrte der BA-X bei 142 Punkten. Somit unterschreitet der BA-X das Spitzenniveau vom Jahreswechsel 2011\/2012 um 40 Punkte und auch im Vergleich zum Vorjahr bleibt ein Minus von 11 Punkten.<\/p>\n<\/div>","protected":false},"author":1,"featured_media":0,"comment_status":"closed","ping_status":"closed","sticky":false,"template":"","format":"standard","meta":{"footnotes":""},"categories":[1],"tags":[],"class_list":["post-114761","post","type-post","status-publish","format-standard","hentry","category-startseite"],"_links":{"self":[{"href":"https:\/\/www.fuldaernachrichten.de\/index.php?rest_route=\/wp\/v2\/posts\/114761","targetHints":{"allow":["GET"]}}],"collection":[{"href":"https:\/\/www.fuldaernachrichten.de\/index.php?rest_route=\/wp\/v2\/posts"}],"about":[{"href":"https:\/\/www.fuldaernachrichten.de\/index.php?rest_route=\/wp\/v2\/types\/post"}],"author":[{"embeddable":true,"href":"https:\/\/www.fuldaernachrichten.de\/index.php?rest_route=\/wp\/v2\/users\/1"}],"replies":[{"embeddable":true,"href":"https:\/\/www.fuldaernachrichten.de\/index.php?rest_route=%2Fwp%2Fv2%2Fcomments&post=114761"}],"version-history":[{"count":1,"href":"https:\/\/www.fuldaernachrichten.de\/index.php?rest_route=\/wp\/v2\/posts\/114761\/revisions"}],"predecessor-version":[{"id":114762,"href":"https:\/\/www.fuldaernachrichten.de\/index.php?rest_route=\/wp\/v2\/posts\/114761\/revisions\/114762"}],"wp:attachment":[{"href":"https:\/\/www.fuldaernachrichten.de\/index.php?rest_route=%2Fwp%2Fv2%2Fmedia&parent=114761"}],"wp:term":[{"taxonomy":"category","embeddable":true,"href":"https:\/\/www.fuldaernachrichten.de\/index.php?rest_route=%2Fwp%2Fv2%2Fcategories&post=114761"},{"taxonomy":"post_tag","embeddable":true,"href":"https:\/\/www.fuldaernachrichten.de\/index.php?rest_route=%2Fwp%2Fv2%2Ftags&post=114761"}],"curies":[{"name":"wp","href":"https:\/\/api.w.org\/{rel}","templated":true}]}}