{"id":114712,"date":"2013-10-03T00:09:38","date_gmt":"2013-10-03T00:09:38","guid":{"rendered":"http:\/\/www.fuldaer-nachrichten.de\/?p=114712"},"modified":"2013-10-03T06:31:33","modified_gmt":"2013-10-03T06:31:33","slug":"nico-rausch-startete-am-vergangenen-wochenende-erstmals-mit-der-quad-elite","status":"publish","type":"post","link":"https:\/\/www.fuldaernachrichten.de\/?p=114712","title":{"rendered":"Nico Rausch startete am vergangenen Wochenende erstmals mit der Quad-Elite"},"content":{"rendered":"<p><img decoding=\"async\" class=\"alignleft size-full wp-image-114726\" alt=\"130930_quad_13\" src=\"http:\/\/www.fuldaer-nachrichten.de\/wp-content\/uploads\/2013\/09\/130930_quad_13.jpg\" width=\"560\" srcset=\"https:\/\/www.fuldaernachrichten.de\/wp-content\/uploads\/2013\/09\/130930_quad_13.jpg 592w, https:\/\/www.fuldaernachrichten.de\/wp-content\/uploads\/2013\/09\/130930_quad_13-265x176.jpg 265w\" sizes=\"(max-width: 592px) 100vw, 592px\" \/><\/p>\n<p>Bad Hersfeld. Am vergangenen Wochenende wurde durch den Motorsportclub Bad Hersfeld e.V. im DMV der Finallauf der weithin beliebten Quadserie &#8220;CST Reifen ADAC \/ DMV Quad Challenge powered by Mefo Sport&#8221; auf der Grasbahn am Fu\u00dfe des Johannesberges ausgetragen. Mit gro\u00dfem Engagement haben es die Hersfelder erneut geschafft, dem Quad-Rennsport eine entsprechende Plattform zu bieten &#8211; ein hochkar\u00e4tiges Starterfeld war geboten. Sieben verschiedene Klassen wurden ausgefahren, am Ende ihre wohlverdienten Sieger gek\u00fcrt.<!--more--><\/p>\n<p><strong>Fotos (14):<\/strong> Denny Rausch, <strong>Text:<\/strong> Denny Rausch, Marco Hellwig<\/p>\n<p><a href=\"http:\/\/www.fuldaer-nachrichten.de\/wp-content\/uploads\/2013\/09\/130930_quad_03.jpg\" target=\"_blank\"><img decoding=\"async\" class=\"alignleft size-medium wp-image-114716\" alt=\"130930_quad_03\" src=\"http:\/\/www.fuldaer-nachrichten.de\/wp-content\/uploads\/2013\/09\/130930_quad_03-265x176.jpg\" width=\"265\" height=\"176\" srcset=\"https:\/\/www.fuldaernachrichten.de\/wp-content\/uploads\/2013\/09\/130930_quad_03-265x176.jpg 265w, https:\/\/www.fuldaernachrichten.de\/wp-content\/uploads\/2013\/09\/130930_quad_03.jpg 592w\" sizes=\"(max-width: 265px) 100vw, 265px\" \/><\/a> <a href=\"http:\/\/www.fuldaer-nachrichten.de\/wp-content\/uploads\/2013\/09\/130930_quad_04.jpg\" target=\"_blank\"><img decoding=\"async\" class=\"alignleft size-medium wp-image-114717\" alt=\"130930_quad_04\" src=\"http:\/\/www.fuldaer-nachrichten.de\/wp-content\/uploads\/2013\/09\/130930_quad_04-265x176.jpg\" width=\"265\" height=\"176\" srcset=\"https:\/\/www.fuldaernachrichten.de\/wp-content\/uploads\/2013\/09\/130930_quad_04-265x176.jpg 265w, https:\/\/www.fuldaernachrichten.de\/wp-content\/uploads\/2013\/09\/130930_quad_04.jpg 592w\" sizes=\"(max-width: 265px) 100vw, 265px\" \/><\/a><br \/>\n<a href=\"http:\/\/www.fuldaer-nachrichten.de\/wp-content\/uploads\/2013\/09\/130930_quad_07.jpg\" target=\"_blank\"><img decoding=\"async\" class=\"alignleft size-medium wp-image-114720\" alt=\"130930_quad_07\" src=\"http:\/\/www.fuldaer-nachrichten.de\/wp-content\/uploads\/2013\/09\/130930_quad_07-265x176.jpg\" width=\"265\" height=\"176\" srcset=\"https:\/\/www.fuldaernachrichten.de\/wp-content\/uploads\/2013\/09\/130930_quad_07-265x176.jpg 265w, https:\/\/www.fuldaernachrichten.de\/wp-content\/uploads\/2013\/09\/130930_quad_07.jpg 592w\" sizes=\"(max-width: 265px) 100vw, 265px\" \/><\/a> <a href=\"http:\/\/www.fuldaer-nachrichten.de\/wp-content\/uploads\/2013\/09\/130930_quad_14.jpg\" target=\"_blank\"><img loading=\"lazy\" decoding=\"async\" class=\"alignleft size-medium wp-image-114727\" alt=\"130930_quad_14\" src=\"http:\/\/www.fuldaer-nachrichten.de\/wp-content\/uploads\/2013\/09\/130930_quad_14-265x176.jpg\" width=\"265\" height=\"176\" srcset=\"https:\/\/www.fuldaernachrichten.de\/wp-content\/uploads\/2013\/09\/130930_quad_14-265x176.jpg 265w, https:\/\/www.fuldaernachrichten.de\/wp-content\/uploads\/2013\/09\/130930_quad_14.jpg 592w\" sizes=\"(max-width: 265px) 100vw, 265px\" \/><\/a><\/p>\n<p>Diese relativ junge Rennserie bestritt der Kerspenh\u00e4user Nico Rausch (23) erstmalig und ging mit seiner seriennahen Yamaha Banshee an den Start der Rookie-Klasse. Eine Entscheidung, die erst wenige Wochen vor dem Rennen gef\u00e4llt wurde, so Rausch. Die Vorbereitung am Rennger\u00e4t wurden getroffen, die n\u00f6tigen Helfer engagiert &#8211; dem Rennwochenende stand nichts mehr im Weg. Rausch startete in der Klasse 2: Rookies (Quads bis 350ccm Zweitakt \/ 700ccm Viertakt Einzylinder, zulassungsf\u00e4hig).<\/p>\n<p>In der Quadsportszene sind die Schwierigkeiten und Probleme mit dem Erlangen von Genehmigungen f\u00fcr Trainingseinheiten auf Quad-Rennstrecken allgemein bekannt. Rausch hatte eine solche Genehmigung nicht und somit auch keine M\u00f6glichkeit, unter realen Bedingungen zu trainieren. Einzige Erfahrungswerte war die Teilnahme als Helfer bei seinem Rennklassenkollegen und Freund Mario Opfer (XXX, Niederaula-Kerspenhausen), der seit dem vergangenen Jahr ebenfalls in der Rookie-Klasse startet. Wenn es den Teilnehmern im Fahrerlager nach geht, sollte es zuk\u00fcnftig mehr Trainingsm\u00f6glichkeiten zwischen den Wertungsl\u00e4ufen geben, nicht nur am Rennwochenende. Hier sind aber die Sportclubs und Veranstalter nach einer L\u00f6sung gefragt.<\/p>\n<p><a href=\"http:\/\/www.fuldaer-nachrichten.de\/wp-content\/uploads\/2013\/09\/130930_quad_05.jpg\" target=\"_blank\"><img loading=\"lazy\" decoding=\"async\" class=\"alignleft size-medium wp-image-114718\" alt=\"130930_quad_05\" src=\"http:\/\/www.fuldaer-nachrichten.de\/wp-content\/uploads\/2013\/09\/130930_quad_05-265x176.jpg\" width=\"265\" height=\"176\" srcset=\"https:\/\/www.fuldaernachrichten.de\/wp-content\/uploads\/2013\/09\/130930_quad_05-265x176.jpg 265w, https:\/\/www.fuldaernachrichten.de\/wp-content\/uploads\/2013\/09\/130930_quad_05.jpg 592w\" sizes=\"(max-width: 265px) 100vw, 265px\" \/><\/a> <a href=\"http:\/\/www.fuldaer-nachrichten.de\/wp-content\/uploads\/2013\/09\/130930_quad_06.jpg\" target=\"_blank\"><img loading=\"lazy\" decoding=\"async\" class=\"alignleft size-medium wp-image-114719\" alt=\"130930_quad_06\" src=\"http:\/\/www.fuldaer-nachrichten.de\/wp-content\/uploads\/2013\/09\/130930_quad_06-265x176.jpg\" width=\"265\" height=\"176\" srcset=\"https:\/\/www.fuldaernachrichten.de\/wp-content\/uploads\/2013\/09\/130930_quad_06-265x176.jpg 265w, https:\/\/www.fuldaernachrichten.de\/wp-content\/uploads\/2013\/09\/130930_quad_06.jpg 592w\" sizes=\"(max-width: 265px) 100vw, 265px\" \/><\/a><\/p>\n<p>Am Samstag konnten erste Erfahrungen auf der Bahn gesammelt werden. Drei Runden durfte jeder Teilnehmer in der Trainigsphase absolvieren. Wie oft man jedoch fuhr, war jedem Teilnehmer selbst \u00fcberlassen. Nach diesen L\u00e4ufen konnte Rausch auf wichtige Tipps vom weitbekannten Gespannurgestein Achim K\u00f6hler aus Mengshausen zur\u00fcckgreifen, der scheinbar jeden Grashalm auf nationalem Gel\u00e4uf pers\u00f6nlich kennt.<\/p>\n<p><a href=\"http:\/\/www.fuldaer-nachrichten.de\/wp-content\/uploads\/2013\/09\/130930_quad_13.jpg\" target=\"_blank\"><img loading=\"lazy\" decoding=\"async\" class=\"alignleft size-medium wp-image-114726\" alt=\"130930_quad_13\" src=\"http:\/\/www.fuldaer-nachrichten.de\/wp-content\/uploads\/2013\/09\/130930_quad_13-265x176.jpg\" width=\"265\" height=\"176\" srcset=\"https:\/\/www.fuldaernachrichten.de\/wp-content\/uploads\/2013\/09\/130930_quad_13-265x176.jpg 265w, https:\/\/www.fuldaernachrichten.de\/wp-content\/uploads\/2013\/09\/130930_quad_13.jpg 592w\" sizes=\"(max-width: 265px) 100vw, 265px\" \/><\/a> <a href=\"http:\/\/www.fuldaer-nachrichten.de\/wp-content\/uploads\/2013\/09\/130930_quad_12.jpg\" target=\"_blank\"><img loading=\"lazy\" decoding=\"async\" class=\"alignleft size-medium wp-image-114725\" alt=\"130930_quad_12\" src=\"http:\/\/www.fuldaer-nachrichten.de\/wp-content\/uploads\/2013\/09\/130930_quad_12-265x176.jpg\" width=\"265\" height=\"176\" srcset=\"https:\/\/www.fuldaernachrichten.de\/wp-content\/uploads\/2013\/09\/130930_quad_12-265x176.jpg 265w, https:\/\/www.fuldaernachrichten.de\/wp-content\/uploads\/2013\/09\/130930_quad_12.jpg 592w\" sizes=\"(max-width: 265px) 100vw, 265px\" \/><\/a><\/p>\n<p>Sonntagmorgen startete Rausch zu seinem ersten Rennlauf an diesem Wochenende und kam als vierter vor Mario Opfer ins Ziel. Die zweiten und dritten L\u00e4ufe beendete er ebenfalls auf dem vierten Rang. Im vierten und damit letzten Lauf startete Nico Rausch souver\u00e4n und ging als zweiter in die erste Kurve. Auf der Gegengeraden einen Platz verloren, ging es in die zweite Kurve, in der es Rausch beim zur\u00fcckerobern des zweiten Platzes herausdrehte und sich zum Kurveninneren \u00fcberschlug. Rote Flagge, Rennabbruch, Neustart! Leider ohne den Newcomer, da das Regelwerk einen wiederholten Start des Havaristen am Rennen verbietet. Es blieb also nur noch das herausrollen, welches die Zuschauer mit einem fairen und verdienten Beifall begleiteten. Am Ende des Tages standen nach drei vierten Pl\u00e4tzen von sechs Startern neben einem verbogenen Lenker, einem Wespenstich und ungez\u00e4hlten Muskelkr\u00e4mpfem neun hart verdiente Punkte auf Rauschs Konto. Die Rookie-Klasse wurde von Marcel Br\u00fcnner gewonnen. Au\u00dfer Mario Opfer besitzen die Erst- bis Drittplatzierten bereits einen Meistertitel.<\/p>\n<p><a href=\"http:\/\/www.fuldaer-nachrichten.de\/wp-content\/uploads\/2013\/09\/130930_quad_11.jpg\" target=\"_blank\"><img loading=\"lazy\" decoding=\"async\" class=\"alignleft size-medium wp-image-114724\" alt=\"130930_quad_11\" src=\"http:\/\/www.fuldaer-nachrichten.de\/wp-content\/uploads\/2013\/09\/130930_quad_11-265x176.jpg\" width=\"265\" height=\"176\" srcset=\"https:\/\/www.fuldaernachrichten.de\/wp-content\/uploads\/2013\/09\/130930_quad_11-265x176.jpg 265w, https:\/\/www.fuldaernachrichten.de\/wp-content\/uploads\/2013\/09\/130930_quad_11.jpg 592w\" sizes=\"(max-width: 265px) 100vw, 265px\" \/><\/a> <a href=\"http:\/\/www.fuldaer-nachrichten.de\/wp-content\/uploads\/2013\/09\/130930_quad_10.jpg\" target=\"_blank\"><img loading=\"lazy\" decoding=\"async\" class=\"alignleft size-medium wp-image-114723\" alt=\"130930_quad_10\" src=\"http:\/\/www.fuldaer-nachrichten.de\/wp-content\/uploads\/2013\/09\/130930_quad_10-265x176.jpg\" width=\"265\" height=\"176\" srcset=\"https:\/\/www.fuldaernachrichten.de\/wp-content\/uploads\/2013\/09\/130930_quad_10-265x176.jpg 265w, https:\/\/www.fuldaernachrichten.de\/wp-content\/uploads\/2013\/09\/130930_quad_10.jpg 592w\" sizes=\"(max-width: 265px) 100vw, 265px\" \/><\/a><\/p>\n<p>Nico Rausch bedankt sich bei seinen Eltern, bei allen Freunden, die ihn unterst\u00fctzen und allen voran seinem langj\u00e4hrigen Freund Remko Heinemann, der ihn tatkr\u00e4ftig w\u00e4hrend des Rennens und auch im Vorfeld unterst\u00fctzte. F\u00fcr 2014 sind sporadische Eins\u00e4tze vom zuk\u00fcnftigen Maschinenbautechniker geplant. Interessierte Sponsoren werden gesucht und d\u00fcrfen sich gerne bei ihm melden.<\/p>\n<p><a href=\"http:\/\/www.fuldaer-nachrichten.de\/wp-content\/uploads\/2013\/09\/130930_quad_09.jpg\" target=\"_blank\"><img loading=\"lazy\" decoding=\"async\" class=\"alignleft size-medium wp-image-114722\" alt=\"130930_quad_09\" src=\"http:\/\/www.fuldaer-nachrichten.de\/wp-content\/uploads\/2013\/09\/130930_quad_09-265x176.jpg\" width=\"265\" height=\"176\" srcset=\"https:\/\/www.fuldaernachrichten.de\/wp-content\/uploads\/2013\/09\/130930_quad_09-265x176.jpg 265w, https:\/\/www.fuldaernachrichten.de\/wp-content\/uploads\/2013\/09\/130930_quad_09.jpg 592w\" sizes=\"(max-width: 265px) 100vw, 265px\" \/><\/a> <a href=\"http:\/\/www.fuldaer-nachrichten.de\/wp-content\/uploads\/2013\/09\/130930_quad_08.jpg\" target=\"_blank\"><img loading=\"lazy\" decoding=\"async\" class=\"alignleft size-medium wp-image-114721\" alt=\"130930_quad_08\" src=\"http:\/\/www.fuldaer-nachrichten.de\/wp-content\/uploads\/2013\/09\/130930_quad_08-265x176.jpg\" width=\"265\" height=\"176\" srcset=\"https:\/\/www.fuldaernachrichten.de\/wp-content\/uploads\/2013\/09\/130930_quad_08-265x176.jpg 265w, https:\/\/www.fuldaernachrichten.de\/wp-content\/uploads\/2013\/09\/130930_quad_08.jpg 592w\" sizes=\"(max-width: 265px) 100vw, 265px\" \/><\/a><\/p>\n<p><a href=\"http:\/\/www.fuldaer-nachrichten.de\/wp-content\/uploads\/2013\/09\/130930_quad_01.jpg\" target=\"_blank\"><img loading=\"lazy\" decoding=\"async\" class=\"alignleft size-medium wp-image-114714\" alt=\"130930_quad_01\" src=\"http:\/\/www.fuldaer-nachrichten.de\/wp-content\/uploads\/2013\/09\/130930_quad_01-265x176.jpg\" width=\"265\" height=\"176\" srcset=\"https:\/\/www.fuldaernachrichten.de\/wp-content\/uploads\/2013\/09\/130930_quad_01-265x176.jpg 265w, https:\/\/www.fuldaernachrichten.de\/wp-content\/uploads\/2013\/09\/130930_quad_01.jpg 592w\" sizes=\"(max-width: 265px) 100vw, 265px\" \/><\/a> <a href=\"http:\/\/www.fuldaer-nachrichten.de\/wp-content\/uploads\/2013\/09\/130930_quad_02.jpg\" target=\"_blank\"><img loading=\"lazy\" decoding=\"async\" class=\"alignleft size-medium wp-image-114715\" alt=\"130930_quad_02\" src=\"http:\/\/www.fuldaer-nachrichten.de\/wp-content\/uploads\/2013\/09\/130930_quad_02-265x176.jpg\" width=\"265\" height=\"176\" srcset=\"https:\/\/www.fuldaernachrichten.de\/wp-content\/uploads\/2013\/09\/130930_quad_02-265x176.jpg 265w, https:\/\/www.fuldaernachrichten.de\/wp-content\/uploads\/2013\/09\/130930_quad_02.jpg 592w\" sizes=\"(max-width: 265px) 100vw, 265px\" \/><\/a><\/p>\n","protected":false},"excerpt":{"rendered":"<div class=\"tmnf_excerpt\"><p>Bad Hersfeld. Am vergangenen Wochenende wurde durch den Motorsportclub Bad Hersfeld e.V. im DMV der Finallauf der weithin beliebten Quadserie &#8220;CST Reifen ADAC \/ DMV Quad Challenge powered by Mefo Sport&#8221; auf der Grasbahn am Fu\u00dfe des Johannesberges ausgetragen. Mit gro\u00dfem Engagement haben es die Hersfelder erneut geschafft, dem Quad-Rennsport eine entsprechende Plattform zu bieten &hellip;<\/p>\n<\/div>","protected":false},"author":1,"featured_media":0,"comment_status":"closed","ping_status":"closed","sticky":false,"template":"","format":"standard","meta":{"footnotes":""},"categories":[1,46,78],"tags":[],"class_list":["post-114712","post","type-post","status-publish","format-standard","hentry","category-startseite","category-sport","category-topthema"],"_links":{"self":[{"href":"https:\/\/www.fuldaernachrichten.de\/index.php?rest_route=\/wp\/v2\/posts\/114712","targetHints":{"allow":["GET"]}}],"collection":[{"href":"https:\/\/www.fuldaernachrichten.de\/index.php?rest_route=\/wp\/v2\/posts"}],"about":[{"href":"https:\/\/www.fuldaernachrichten.de\/index.php?rest_route=\/wp\/v2\/types\/post"}],"author":[{"embeddable":true,"href":"https:\/\/www.fuldaernachrichten.de\/index.php?rest_route=\/wp\/v2\/users\/1"}],"replies":[{"embeddable":true,"href":"https:\/\/www.fuldaernachrichten.de\/index.php?rest_route=%2Fwp%2Fv2%2Fcomments&post=114712"}],"version-history":[{"count":13,"href":"https:\/\/www.fuldaernachrichten.de\/index.php?rest_route=\/wp\/v2\/posts\/114712\/revisions"}],"predecessor-version":[{"id":114840,"href":"https:\/\/www.fuldaernachrichten.de\/index.php?rest_route=\/wp\/v2\/posts\/114712\/revisions\/114840"}],"wp:attachment":[{"href":"https:\/\/www.fuldaernachrichten.de\/index.php?rest_route=%2Fwp%2Fv2%2Fmedia&parent=114712"}],"wp:term":[{"taxonomy":"category","embeddable":true,"href":"https:\/\/www.fuldaernachrichten.de\/index.php?rest_route=%2Fwp%2Fv2%2Fcategories&post=114712"},{"taxonomy":"post_tag","embeddable":true,"href":"https:\/\/www.fuldaernachrichten.de\/index.php?rest_route=%2Fwp%2Fv2%2Ftags&post=114712"}],"curies":[{"name":"wp","href":"https:\/\/api.w.org\/{rel}","templated":true}]}}