{"id":11466,"date":"2008-08-28T23:23:44","date_gmt":"2008-08-28T21:23:44","guid":{"rendered":"http:\/\/www.schoene-nachrichten.de\/?p=11466"},"modified":"2008-08-28T23:23:44","modified_gmt":"2008-08-28T21:23:44","slug":"pflegekraefte-des-hjk-und-der-caritas-sozialstationen-beenden-weiterbildung","status":"publish","type":"post","link":"https:\/\/www.fuldaernachrichten.de\/?p=11466","title":{"rendered":"Pflegekr\u00e4fte des HJK und der Caritas Sozialstationen beenden Weiterbildung"},"content":{"rendered":"<p><strong>Fulda.<\/strong> Strahlende Gesichter im Herz-Jesu-Krankenhaus: Nach viermonatiger Weiterbildung haben am vergangenen Samstag Pflegekr\u00e4fte des Herz-Jesu-Krankenhauses und der Caritas Sozialstationen den Basiskurs \u201ehospizlich-palliative Begleitung\u201c erfolgreich abgeschlossen. Der 40 Stunden umfassende Kurs wurde von Mechthild Buchner vom ambulanten DA-SEIN Hospizdienst der Malteser und Manuela Straub vom Palliativnetz Osthessen durchgef\u00fchrt.<\/p>\n<p><strong>Fotos (11):<\/strong> Max Colin Heydenreich<\/p>\n<p><a title=\"Foto: Max Colin Heydenreich\" rel=\"lightbox[roadtrip]\" href=\"http:\/\/www.schoene-nachrichten.de\/wp-content\/uploads\/2008\/08\/080828_Weiterbildung_011.jpg\" target=\"_blank\"><img decoding=\"async\" src=\"http:\/\/www.schoene-nachrichten.de\/wp-content\/uploads\/2008\/08\/080828_Weiterbildung_011.thumbnail.jpg\" alt=\"080828_Weiterbildung_011.jpg\" width=\"128\" \/><\/a> <a title=\"Foto: Max Colin Heydenreich\" rel=\"lightbox[roadtrip]\" href=\"http:\/\/www.schoene-nachrichten.de\/wp-content\/uploads\/2008\/08\/080828_Weiterbildung_003.jpg\" target=\"_blank\"><img decoding=\"async\" src=\"http:\/\/www.schoene-nachrichten.de\/wp-content\/uploads\/2008\/08\/080828_Weiterbildung_003.thumbnail.jpg\" alt=\"080828_Weiterbildung_003.jpg\" width=\"128\" \/><\/a> <a title=\"Foto: Max Colin Heydenreich\" rel=\"lightbox[roadtrip]\" href=\"http:\/\/www.schoene-nachrichten.de\/wp-content\/uploads\/2008\/08\/080828_Weiterbildung_001.jpg\" target=\"_blank\"><img decoding=\"async\" src=\"http:\/\/www.schoene-nachrichten.de\/wp-content\/uploads\/2008\/08\/080828_Weiterbildung_001.thumbnail.jpg\" alt=\"080828_Weiterbildung_001.jpg\" width=\"128\" \/><\/a><\/p>\n<p><a title=\"Foto: Max Colin Heydenreich\" rel=\"lightbox[roadtrip]\" href=\"http:\/\/www.schoene-nachrichten.de\/wp-content\/uploads\/2008\/08\/080828_Weiterbildung_008.jpg\" target=\"_blank\"><img decoding=\"async\" src=\"http:\/\/www.schoene-nachrichten.de\/wp-content\/uploads\/2008\/08\/080828_Weiterbildung_008.thumbnail.jpg\" alt=\"080828_Weiterbildung_008.jpg\" width=\"128\" \/><\/a> <a title=\"Foto: Max Colin Heydenreich\" rel=\"lightbox[roadtrip]\" href=\"http:\/\/www.schoene-nachrichten.de\/wp-content\/uploads\/2008\/08\/080828_Weiterbildung_009.jpg\" target=\"_blank\"><img decoding=\"async\" src=\"http:\/\/www.schoene-nachrichten.de\/wp-content\/uploads\/2008\/08\/080828_Weiterbildung_009.thumbnail.jpg\" alt=\"080828_Weiterbildung_009.jpg\" width=\"128\" \/><\/a> <a title=\"Foto: Max Colin Heydenreich\" rel=\"lightbox[roadtrip]\" href=\"http:\/\/www.schoene-nachrichten.de\/wp-content\/uploads\/2008\/08\/080828_Weiterbildung_005.jpg\" target=\"_blank\"><img decoding=\"async\" src=\"http:\/\/www.schoene-nachrichten.de\/wp-content\/uploads\/2008\/08\/080828_Weiterbildung_005.thumbnail.jpg\" alt=\"080828_Weiterbildung_005.jpg\" width=\"128\" \/><\/a><\/p>\n<p><!--more-->Die Kursinhalte reichten von der Auseinandersetzung mit der eigenen Sterblichkeit, \u00fcber Krankheitsbilder und Symptomkontrolle bis hin zu Pflege- und Kommunikationsmethoden sowie Trauerarbeit. Praktische \u00dcbungen rundeten die Weiterbildung ab.<\/p>\n<p>\u201eUnser Ziel war es, die Teilnehmerinnen f\u00fcr die Hospizidee zu begeistern und zu sensibilisieren. Wir haben einen umfassenden Einblick in die Besonderheiten der Palliativversorgung gegeben und sind dabei auch auf die M\u00f6glichkeiten der Versorgung vor Ort mit allen beteiligten Diensten eingegangen\u201c, erkl\u00e4rten die beiden Kursleiterinnen.<\/p>\n<p><a title=\"Foto: Max Colin Heydenreich\" rel=\"lightbox[roadtrip]\" href=\"http:\/\/www.schoene-nachrichten.de\/wp-content\/uploads\/2008\/08\/080828_Weiterbildung_004.jpg\" target=\"_blank\"><img decoding=\"async\" src=\"http:\/\/www.schoene-nachrichten.de\/wp-content\/uploads\/2008\/08\/080828_Weiterbildung_004.thumbnail.jpg\" alt=\"080828_Weiterbildung_004.jpg\" width=\"128\" \/><\/a> <a title=\"Foto: Max Colin Heydenreich\" rel=\"lightbox[roadtrip]\" href=\"http:\/\/www.schoene-nachrichten.de\/wp-content\/uploads\/2008\/08\/080828_Weiterbildung_002.jpg\" target=\"_blank\"><img decoding=\"async\" src=\"http:\/\/www.schoene-nachrichten.de\/wp-content\/uploads\/2008\/08\/080828_Weiterbildung_002.thumbnail.jpg\" alt=\"080828_Weiterbildung_002.jpg\" width=\"128\" \/><\/a> <a title=\"Foto: Max Colin Heydenreich\" rel=\"lightbox[roadtrip]\" href=\"http:\/\/www.schoene-nachrichten.de\/wp-content\/uploads\/2008\/08\/080828_Weiterbildung_006.jpg\" target=\"_blank\"><img decoding=\"async\" src=\"http:\/\/www.schoene-nachrichten.de\/wp-content\/uploads\/2008\/08\/080828_Weiterbildung_006.thumbnail.jpg\" alt=\"080828_Weiterbildung_006.jpg\" width=\"128\" \/><\/a><\/p>\n<p><a title=\"Foto: Max Colin Heydenreich\" rel=\"lightbox[roadtrip]\" href=\"http:\/\/www.schoene-nachrichten.de\/wp-content\/uploads\/2008\/08\/080828_Weiterbildung_007.jpg\" target=\"_blank\"><img decoding=\"async\" src=\"http:\/\/www.schoene-nachrichten.de\/wp-content\/uploads\/2008\/08\/080828_Weiterbildung_007.thumbnail.jpg\" alt=\"080828_Weiterbildung_007.jpg\" width=\"128\" \/><\/a> <a title=\"Foto: Max Colin Heydenreich\" rel=\"lightbox[roadtrip]\" href=\"http:\/\/www.schoene-nachrichten.de\/wp-content\/uploads\/2008\/08\/080828_Weiterbildung_010.jpg\" target=\"_blank\"><img decoding=\"async\" src=\"http:\/\/www.schoene-nachrichten.de\/wp-content\/uploads\/2008\/08\/080828_Weiterbildung_010.thumbnail.jpg\" alt=\"080828_Weiterbildung_010.jpg\" width=\"128\" \/><\/a><\/p>\n<p>Sylvia R\u00f6hm-Kleine, Leiterin Pflege- und Funktionsdienst im HJK, bedankte sich f\u00fcr das Engagement aller Beteiligten. \u201eWeiterbildung ist keine l\u00e4stige Pflicht, sondern birgt vor allem Chancen. Insbesondere aus diesem Kurs konnten die Teilnehmerinnen sehr viel f\u00fcr die Patienten, aber auch f\u00fcr sich selbst mitnehmen.\u201c<\/p>\n<p>An der Weiterbildung haben teilgenommen: Marion D\u00f6ppler, Anita Dimmerling, Elke Hau-Hoffmann, Cornelia Gr\u00e4f, Barbara B\u00f6s, Claudia Diel, Gabriele Sch\u00f6nherr, Margit M\u00f6lter, Susanne Ruppel, Ewa G\u00f6tte, Jutta M\u00f6ller, Sandra Withers, Renate Wald, Petra Jest\u00e4dt<\/p>\n<p>Anfang n\u00e4chsten Jahres wird der Basiskurs \u201ehospizlich-palliative Begleitung\u201c erneut im HJK angeboten. Neben Mitarbeiterinnen und Mitarbeitern des Krankenhauses sowie des station\u00e4ren Hospiz St. Elisabeth zu Fulda k\u00f6nnen sich auch Interessierte aus anderen Einrichtungen anmelden. N\u00e4here Informationen erteilt Alexandra Hosenfeld unter 0661 \u2013 15 11 24.<\/p>\n","protected":false},"excerpt":{"rendered":"<div class=\"tmnf_excerpt\"><p>Fulda. Strahlende Gesichter im Herz-Jesu-Krankenhaus: Nach viermonatiger Weiterbildung haben am vergangenen Samstag Pflegekr\u00e4fte des Herz-Jesu-Krankenhauses und der Caritas Sozialstationen den Basiskurs \u201ehospizlich-palliative Begleitung\u201c erfolgreich abgeschlossen. Der 40 Stunden umfassende Kurs wurde von Mechthild Buchner vom ambulanten DA-SEIN Hospizdienst der Malteser und Manuela Straub vom Palliativnetz Osthessen durchgef\u00fchrt. Fotos (11): Max Colin Heydenreich<\/p>\n<\/div>","protected":false},"author":1,"featured_media":0,"comment_status":"closed","ping_status":"closed","sticky":false,"template":"","format":"standard","meta":{"footnotes":""},"categories":[1,53,51],"tags":[],"class_list":["post-11466","post","type-post","status-publish","format-standard","hentry","category-startseite","category-bildung","category-medizin"],"_links":{"self":[{"href":"https:\/\/www.fuldaernachrichten.de\/index.php?rest_route=\/wp\/v2\/posts\/11466","targetHints":{"allow":["GET"]}}],"collection":[{"href":"https:\/\/www.fuldaernachrichten.de\/index.php?rest_route=\/wp\/v2\/posts"}],"about":[{"href":"https:\/\/www.fuldaernachrichten.de\/index.php?rest_route=\/wp\/v2\/types\/post"}],"author":[{"embeddable":true,"href":"https:\/\/www.fuldaernachrichten.de\/index.php?rest_route=\/wp\/v2\/users\/1"}],"replies":[{"embeddable":true,"href":"https:\/\/www.fuldaernachrichten.de\/index.php?rest_route=%2Fwp%2Fv2%2Fcomments&post=11466"}],"version-history":[{"count":0,"href":"https:\/\/www.fuldaernachrichten.de\/index.php?rest_route=\/wp\/v2\/posts\/11466\/revisions"}],"wp:attachment":[{"href":"https:\/\/www.fuldaernachrichten.de\/index.php?rest_route=%2Fwp%2Fv2%2Fmedia&parent=11466"}],"wp:term":[{"taxonomy":"category","embeddable":true,"href":"https:\/\/www.fuldaernachrichten.de\/index.php?rest_route=%2Fwp%2Fv2%2Fcategories&post=11466"},{"taxonomy":"post_tag","embeddable":true,"href":"https:\/\/www.fuldaernachrichten.de\/index.php?rest_route=%2Fwp%2Fv2%2Ftags&post=11466"}],"curies":[{"name":"wp","href":"https:\/\/api.w.org\/{rel}","templated":true}]}}