{"id":11465,"date":"2008-08-29T08:37:53","date_gmt":"2008-08-29T06:37:53","guid":{"rendered":"http:\/\/www.schoene-nachrichten.de\/?p=11465"},"modified":"2008-08-29T08:37:53","modified_gmt":"2008-08-29T06:37:53","slug":"visuelle-vitamine-und-lichtphaenomene-im-foyer-des-hjk","status":"publish","type":"post","link":"https:\/\/www.fuldaernachrichten.de\/?p=11465","title":{"rendered":"Visuelle Vitamine und Lichtph\u00e4nomene im Foyer des HJK"},"content":{"rendered":"<p><strong>Fulda.<\/strong> Kann sich Kunst in \u00f6ffentlichen R\u00e4umen behaupten? Diese Frage stellte Kunsthistorikerin Dr. Susanne Lie\u00dfegang anl\u00e4sslich der Ausstellungser\u00f6ffnung von Veronika P. Dutt im Herz-Jesu-Krankenhaus Fulda. Zwanzig zum Teil gro\u00dfformatige, abstrakte Werke der K\u00fcnstlerin schm\u00fccken f\u00fcr ein Jahr das Foyer des Krankenhauses. Ein Raum, der dank seiner Architektur nicht zum Durchrennen, sondern zum Innehalten einl\u00e4dt.<\/p>\n<p><strong>Fotos (46):<\/strong> Max Colin Heydenreich<\/p>\n<p><a title=\"Foto: Max Colin Heydenreich\" rel=\"lightbox[roadtrip]\" href=\"http:\/\/www.schoene-nachrichten.de\/wp-content\/uploads\/2008\/08\/080828_Ausstellung_006.jpg\" target=\"_blank\"><img decoding=\"async\" src=\"http:\/\/www.schoene-nachrichten.de\/wp-content\/uploads\/2008\/08\/080828_Ausstellung_006.thumbnail.jpg\" alt=\"080828_Ausstellung_006.jpg\" width=\"128\" \/><\/a> <a title=\"Foto: Max Colin Heydenreich\" rel=\"lightbox[roadtrip]\" href=\"http:\/\/www.schoene-nachrichten.de\/wp-content\/uploads\/2008\/08\/080828_Ausstellung_016.jpg\" target=\"_blank\"><img decoding=\"async\" src=\"http:\/\/www.schoene-nachrichten.de\/wp-content\/uploads\/2008\/08\/080828_Ausstellung_016.thumbnail.jpg\" alt=\"080828_Ausstellung_016.jpg\" width=\"128\" \/><\/a> <a title=\"Foto: Max Colin Heydenreich\" rel=\"lightbox[roadtrip]\" href=\"http:\/\/www.schoene-nachrichten.de\/wp-content\/uploads\/2008\/08\/080828_Ausstellung_007.jpg\" target=\"_blank\"><img decoding=\"async\" src=\"http:\/\/www.schoene-nachrichten.de\/wp-content\/uploads\/2008\/08\/080828_Ausstellung_007.thumbnail.jpg\" alt=\"080828_Ausstellung_007.jpg\" width=\"128\" \/><\/a><\/p>\n<p><a title=\"Foto: Max Colin Heydenreich\" rel=\"lightbox[roadtrip]\" href=\"http:\/\/www.schoene-nachrichten.de\/wp-content\/uploads\/2008\/08\/080828_Ausstellung_043.jpg\" target=\"_blank\"><img decoding=\"async\" src=\"http:\/\/www.schoene-nachrichten.de\/wp-content\/uploads\/2008\/08\/080828_Ausstellung_043.thumbnail.jpg\" alt=\"080828_Ausstellung_043.jpg\" width=\"128\" \/><\/a> <a title=\"Foto: Max Colin Heydenreich\" rel=\"lightbox[roadtrip]\" href=\"http:\/\/www.schoene-nachrichten.de\/wp-content\/uploads\/2008\/08\/080828_Ausstellung_001.jpg\" target=\"_blank\"><img decoding=\"async\" src=\"http:\/\/www.schoene-nachrichten.de\/wp-content\/uploads\/2008\/08\/080828_Ausstellung_001.thumbnail.jpg\" alt=\"080828_Ausstellung_001.jpg\" width=\"128\" \/><\/a> <a title=\"Foto: Max Colin Heydenreich\" rel=\"lightbox[roadtrip]\" href=\"http:\/\/www.schoene-nachrichten.de\/wp-content\/uploads\/2008\/08\/080828_Ausstellung_046.jpg\" target=\"_blank\"><img decoding=\"async\" src=\"http:\/\/www.schoene-nachrichten.de\/wp-content\/uploads\/2008\/08\/080828_Ausstellung_046.thumbnail.jpg\" alt=\"080828_Ausstellung_046.jpg\" width=\"128\" \/><\/a><\/p>\n<p><!--more--><\/p>\n<p>In ihren Arbeiten hat sich Veronika P. Dutt, die in Poppenhausen lebt und arbeitet, mit dem Thema \u201eFarbe-Licht-Raum\u201c auseinandergesetzt. Die Farbe tr\u00e4gt sie in d\u00fcnnen Lasuren aufeinander auf. \u201eDadurch\u201c, so Dr. Lie\u00dfegang, \u201eentstehen Raumschwingungen, die zu Lichtph\u00e4nomenen werden.\u201c Die Farbe auf der Wand werde mit der Zeit zu Farbe im Raum. Wer sich konzentriere und den Blick \u00f6ffne, k\u00f6nne den st\u00e4rker werdenden Farbhauch sp\u00fcren.<\/p>\n<p><a title=\"Foto: Max Colin Heydenreich\" rel=\"lightbox[roadtrip]\" href=\"http:\/\/www.schoene-nachrichten.de\/wp-content\/uploads\/2008\/08\/080828_Ausstellung_002.jpg\" target=\"_blank\"><img decoding=\"async\" src=\"http:\/\/www.schoene-nachrichten.de\/wp-content\/uploads\/2008\/08\/080828_Ausstellung_002.thumbnail.jpg\" alt=\"080828_Ausstellung_002.jpg\" width=\"128\" \/><\/a> <a title=\"Foto: Max Colin Heydenreich\" rel=\"lightbox[roadtrip]\" href=\"http:\/\/www.schoene-nachrichten.de\/wp-content\/uploads\/2008\/08\/080828_Ausstellung_005.jpg\" target=\"_blank\"><img decoding=\"async\" src=\"http:\/\/www.schoene-nachrichten.de\/wp-content\/uploads\/2008\/08\/080828_Ausstellung_005.thumbnail.jpg\" alt=\"080828_Ausstellung_005.jpg\" width=\"128\" \/><\/a> <a title=\"Foto: Max Colin Heydenreich\" rel=\"lightbox[roadtrip]\" href=\"http:\/\/www.schoene-nachrichten.de\/wp-content\/uploads\/2008\/08\/080828_Ausstellung_003.jpg\" target=\"_blank\"><img decoding=\"async\" src=\"http:\/\/www.schoene-nachrichten.de\/wp-content\/uploads\/2008\/08\/080828_Ausstellung_003.thumbnail.jpg\" alt=\"080828_Ausstellung_003.jpg\" width=\"128\" \/><\/a><\/p>\n<p><a title=\"Foto: Max Colin Heydenreich\" rel=\"lightbox[roadtrip]\" href=\"http:\/\/www.schoene-nachrichten.de\/wp-content\/uploads\/2008\/08\/080828_Ausstellung_008.jpg\" target=\"_blank\"><img decoding=\"async\" src=\"http:\/\/www.schoene-nachrichten.de\/wp-content\/uploads\/2008\/08\/080828_Ausstellung_008.thumbnail.jpg\" alt=\"080828_Ausstellung_008.jpg\" width=\"128\" \/><\/a> <a title=\"Foto: Max Colin Heydenreich\" rel=\"lightbox[roadtrip]\" href=\"http:\/\/www.schoene-nachrichten.de\/wp-content\/uploads\/2008\/08\/080828_Ausstellung_004.jpg\" target=\"_blank\"><img decoding=\"async\" src=\"http:\/\/www.schoene-nachrichten.de\/wp-content\/uploads\/2008\/08\/080828_Ausstellung_004.thumbnail.jpg\" alt=\"080828_Ausstellung_004.jpg\" width=\"128\" \/><\/a> <a title=\"Foto: Max Colin Heydenreich\" rel=\"lightbox[roadtrip]\" href=\"http:\/\/www.schoene-nachrichten.de\/wp-content\/uploads\/2008\/08\/080828_Ausstellung_009.jpg\" target=\"_blank\"><img decoding=\"async\" src=\"http:\/\/www.schoene-nachrichten.de\/wp-content\/uploads\/2008\/08\/080828_Ausstellung_009.thumbnail.jpg\" alt=\"080828_Ausstellung_009.jpg\" width=\"128\" \/><\/a><\/p>\n<p>Dass Kunst die Atmosph\u00e4re eines Krankenhauses menschlicher macht, betonte HJK-Gesch\u00e4ftsf\u00fchrer Alexander Schmidtke. \u201cDie lebendigen Farben wirken wie visuelle Vitamine f\u00fcr den Patienten. Unser Anspruch ist es, mit Kl\u00e4ngen, Farben und Humor Leben und Gesundheit in unser Krankenhaus zu bringen.\u201c<\/p>\n<p><a title=\"Foto: Max Colin Heydenreich\" rel=\"lightbox[roadtrip]\" href=\"http:\/\/www.schoene-nachrichten.de\/wp-content\/uploads\/2008\/08\/080828_Ausstellung_010.jpg\" target=\"_blank\"><img decoding=\"async\" src=\"http:\/\/www.schoene-nachrichten.de\/wp-content\/uploads\/2008\/08\/080828_Ausstellung_010.thumbnail.jpg\" alt=\"080828_Ausstellung_010.jpg\" width=\"128\" \/><\/a> <a title=\"Foto: Max Colin Heydenreich\" rel=\"lightbox[roadtrip]\" href=\"http:\/\/www.schoene-nachrichten.de\/wp-content\/uploads\/2008\/08\/080828_Ausstellung_011.jpg\" target=\"_blank\"><img decoding=\"async\" src=\"http:\/\/www.schoene-nachrichten.de\/wp-content\/uploads\/2008\/08\/080828_Ausstellung_011.thumbnail.jpg\" alt=\"080828_Ausstellung_011.jpg\" width=\"128\" \/><\/a> <a title=\"Foto: Max Colin Heydenreich\" rel=\"lightbox[roadtrip]\" href=\"http:\/\/www.schoene-nachrichten.de\/wp-content\/uploads\/2008\/08\/080828_Ausstellung_012.jpg\" target=\"_blank\"><img decoding=\"async\" src=\"http:\/\/www.schoene-nachrichten.de\/wp-content\/uploads\/2008\/08\/080828_Ausstellung_012.thumbnail.jpg\" alt=\"080828_Ausstellung_012.jpg\" width=\"128\" \/><\/a><\/p>\n<p><a title=\"Foto: Max Colin Heydenreich\" rel=\"lightbox[roadtrip]\" href=\"http:\/\/www.schoene-nachrichten.de\/wp-content\/uploads\/2008\/08\/080828_Ausstellung_013.jpg\" target=\"_blank\"><img decoding=\"async\" src=\"http:\/\/www.schoene-nachrichten.de\/wp-content\/uploads\/2008\/08\/080828_Ausstellung_013.thumbnail.jpg\" alt=\"080828_Ausstellung_013.jpg\" width=\"128\" \/><\/a> <a title=\"Foto: Max Colin Heydenreich\" rel=\"lightbox[roadtrip]\" href=\"http:\/\/www.schoene-nachrichten.de\/wp-content\/uploads\/2008\/08\/080828_Ausstellung_014.jpg\" target=\"_blank\"><img decoding=\"async\" src=\"http:\/\/www.schoene-nachrichten.de\/wp-content\/uploads\/2008\/08\/080828_Ausstellung_014.thumbnail.jpg\" alt=\"080828_Ausstellung_014.jpg\" width=\"128\" \/><\/a> <a title=\"Foto: Max Colin Heydenreich\" rel=\"lightbox[roadtrip]\" href=\"http:\/\/www.schoene-nachrichten.de\/wp-content\/uploads\/2008\/08\/080828_Ausstellung_015.jpg\" target=\"_blank\"><img decoding=\"async\" src=\"http:\/\/www.schoene-nachrichten.de\/wp-content\/uploads\/2008\/08\/080828_Ausstellung_015.thumbnail.jpg\" alt=\"080828_Ausstellung_015.jpg\" width=\"128\" \/><\/a><\/p>\n<p>Sowohl Schmidtke als auch Dr. Liesegang hoben in ihren Ansprachen die gelungene Verbindung von Kunst und Architektur hervor. Rund 60 G\u00e4ste aus Wirtschaft, Politik, Kultur und Medizin sowie Patienten und Mitarbeiter des HJK waren zur Ausstellungser\u00f6ffnung gekommen. Und alle konnten sich davon \u00fcberzeugen, dass sich die Arbeiten der K\u00fcnstlerin im \u00f6ffentlichen (Krankenhaus)Raum bestens behaupten. Musikalisch umrahmt wurde die Vernissage durch Thomas N\u00fcdling, Studienrat und Kirchenmusiker an der Stadtkirche Tann.<\/p>\n<p><a title=\"Foto: Max Colin Heydenreich\" rel=\"lightbox[roadtrip]\" href=\"http:\/\/www.schoene-nachrichten.de\/wp-content\/uploads\/2008\/08\/080828_Ausstellung_023.jpg\" target=\"_blank\"><img decoding=\"async\" src=\"http:\/\/www.schoene-nachrichten.de\/wp-content\/uploads\/2008\/08\/080828_Ausstellung_023.thumbnail.jpg\" alt=\"080828_Ausstellung_023.jpg\" width=\"128\" \/><\/a> <a title=\"Foto: Max Colin Heydenreich\" rel=\"lightbox[roadtrip]\" href=\"http:\/\/www.schoene-nachrichten.de\/wp-content\/uploads\/2008\/08\/080828_Ausstellung_017.jpg\" target=\"_blank\"><img decoding=\"async\" src=\"http:\/\/www.schoene-nachrichten.de\/wp-content\/uploads\/2008\/08\/080828_Ausstellung_017.thumbnail.jpg\" alt=\"080828_Ausstellung_017.jpg\" width=\"128\" \/><\/a> <a title=\"Foto: Max Colin Heydenreich\" rel=\"lightbox[roadtrip]\" href=\"http:\/\/www.schoene-nachrichten.de\/wp-content\/uploads\/2008\/08\/080828_Ausstellung_018.jpg\" target=\"_blank\"><img decoding=\"async\" src=\"http:\/\/www.schoene-nachrichten.de\/wp-content\/uploads\/2008\/08\/080828_Ausstellung_018.thumbnail.jpg\" alt=\"080828_Ausstellung_018.jpg\" width=\"128\" \/><\/a><\/p>\n<p><a title=\"Foto: Max Colin Heydenreich\" rel=\"lightbox[roadtrip]\" href=\"http:\/\/www.schoene-nachrichten.de\/wp-content\/uploads\/2008\/08\/080828_Ausstellung_019.jpg\" target=\"_blank\"><img decoding=\"async\" src=\"http:\/\/www.schoene-nachrichten.de\/wp-content\/uploads\/2008\/08\/080828_Ausstellung_019.thumbnail.jpg\" alt=\"080828_Ausstellung_019.jpg\" width=\"128\" \/><\/a> <a title=\"Foto: Max Colin Heydenreich\" rel=\"lightbox[roadtrip]\" href=\"http:\/\/www.schoene-nachrichten.de\/wp-content\/uploads\/2008\/08\/080828_Ausstellung_020.jpg\" target=\"_blank\"><img decoding=\"async\" src=\"http:\/\/www.schoene-nachrichten.de\/wp-content\/uploads\/2008\/08\/080828_Ausstellung_020.thumbnail.jpg\" alt=\"080828_Ausstellung_020.jpg\" width=\"128\" \/><\/a> <a title=\"Foto: Max Colin Heydenreich\" rel=\"lightbox[roadtrip]\" href=\"http:\/\/www.schoene-nachrichten.de\/wp-content\/uploads\/2008\/08\/080828_Ausstellung_021.jpg\" target=\"_blank\"><img decoding=\"async\" src=\"http:\/\/www.schoene-nachrichten.de\/wp-content\/uploads\/2008\/08\/080828_Ausstellung_021.thumbnail.jpg\" alt=\"080828_Ausstellung_021.jpg\" width=\"128\" \/><\/a><\/p>\n<p>\u00dcber die K\u00fcnstlerin: Veronika P. Dutt wurde 1957 im Markdorf am Bodensee geboren und studierte an der Bodensee-Kunstschule in Konstanz. Bevor sie sich ganz der freien Malerei widmete, war sie als Grafik-Designerin in einer Werbeagentur t\u00e4tig. Von 1999 bis 2005 war die K\u00fcnstlerin Lehrbeauftragte an der Alanus Hochschule Alfter bei Bonn. Im Jahr 2002 wurde Veronika P. Dutt anl\u00e4sslich der Ausstellung &#8220;Rh\u00f6nSalon&#8221; zum Thema &#8220;Zeitsicht&#8221; mit dem 1. Preis der Jury ausgezeichnet. Sie nahm am Kunst- und Kulturaustausch mit Slowenien, Polen und Frankreich teil und zeigte ihre Malerei in verschiedenen Einzel- und Gemeinschaftsausstellungen. Im vergangenen Jahr waren ihre Arbeiten in der Kunststation Kleinsassen zu sehen. Veronika P. Dutt ist Mitglied beim Bundesverband Bildender K\u00fcnstlerinnen und K\u00fcnstler Landesverband Hessen e.V..<\/p>\n<p><a title=\"Foto: Max Colin Heydenreich\" rel=\"lightbox[roadtrip]\" href=\"http:\/\/www.schoene-nachrichten.de\/wp-content\/uploads\/2008\/08\/080828_Ausstellung_022.jpg\" target=\"_blank\"><img decoding=\"async\" src=\"http:\/\/www.schoene-nachrichten.de\/wp-content\/uploads\/2008\/08\/080828_Ausstellung_022.thumbnail.jpg\" alt=\"080828_Ausstellung_022.jpg\" width=\"128\" \/><\/a> <a title=\"Foto: Max Colin Heydenreich\" rel=\"lightbox[roadtrip]\" href=\"http:\/\/www.schoene-nachrichten.de\/wp-content\/uploads\/2008\/08\/080828_Ausstellung_045.jpg\" target=\"_blank\"><img decoding=\"async\" src=\"http:\/\/www.schoene-nachrichten.de\/wp-content\/uploads\/2008\/08\/080828_Ausstellung_045.thumbnail.jpg\" alt=\"080828_Ausstellung_045.jpg\" width=\"128\" \/><\/a> <a title=\"Foto: Max Colin Heydenreich\" rel=\"lightbox[roadtrip]\" href=\"http:\/\/www.schoene-nachrichten.de\/wp-content\/uploads\/2008\/08\/080828_Ausstellung_024.jpg\" target=\"_blank\"><img decoding=\"async\" src=\"http:\/\/www.schoene-nachrichten.de\/wp-content\/uploads\/2008\/08\/080828_Ausstellung_024.thumbnail.jpg\" alt=\"080828_Ausstellung_024.jpg\" width=\"128\" \/><\/a><\/p>\n<p><a title=\"Foto: Max Colin Heydenreich\" rel=\"lightbox[roadtrip]\" href=\"http:\/\/www.schoene-nachrichten.de\/wp-content\/uploads\/2008\/08\/080828_Ausstellung_025.jpg\" target=\"_blank\"><img decoding=\"async\" src=\"http:\/\/www.schoene-nachrichten.de\/wp-content\/uploads\/2008\/08\/080828_Ausstellung_025.thumbnail.jpg\" alt=\"080828_Ausstellung_025.jpg\" width=\"128\" \/><\/a> <a title=\"Foto: Max Colin Heydenreich\" rel=\"lightbox[roadtrip]\" href=\"http:\/\/www.schoene-nachrichten.de\/wp-content\/uploads\/2008\/08\/080828_Ausstellung_026.jpg\" target=\"_blank\"><img decoding=\"async\" src=\"http:\/\/www.schoene-nachrichten.de\/wp-content\/uploads\/2008\/08\/080828_Ausstellung_026.thumbnail.jpg\" alt=\"080828_Ausstellung_026.jpg\" width=\"128\" \/><\/a> <a title=\"Foto: Max Colin Heydenreich\" rel=\"lightbox[roadtrip]\" href=\"http:\/\/www.schoene-nachrichten.de\/wp-content\/uploads\/2008\/08\/080828_Ausstellung_027.jpg\" target=\"_blank\"><img decoding=\"async\" src=\"http:\/\/www.schoene-nachrichten.de\/wp-content\/uploads\/2008\/08\/080828_Ausstellung_027.thumbnail.jpg\" alt=\"080828_Ausstellung_027.jpg\" width=\"128\" \/><\/a><\/p>\n<p>Zum Gruppenbild (oben): v.l.n.r. Kunsthistorikerin Dr. Susanne Lie\u00dfegang, Konventoberin Sr. Eva-Maria Martin, K\u00fcnstlerin Veronika P. Dutt, Gesch\u00e4ftsf\u00fchrer Alexander Schmidtke<\/p>\n<p><a title=\"Foto: Max Colin Heydenreich\" rel=\"lightbox[roadtrip]\" href=\"http:\/\/www.schoene-nachrichten.de\/wp-content\/uploads\/2008\/08\/080828_Ausstellung_028.jpg\" target=\"_blank\"><img decoding=\"async\" src=\"http:\/\/www.schoene-nachrichten.de\/wp-content\/uploads\/2008\/08\/080828_Ausstellung_028.thumbnail.jpg\" alt=\"080828_Ausstellung_028.jpg\" width=\"128\" \/><\/a> <a title=\"Foto: Max Colin Heydenreich\" rel=\"lightbox[roadtrip]\" href=\"http:\/\/www.schoene-nachrichten.de\/wp-content\/uploads\/2008\/08\/080828_Ausstellung_029.jpg\" target=\"_blank\"><img decoding=\"async\" src=\"http:\/\/www.schoene-nachrichten.de\/wp-content\/uploads\/2008\/08\/080828_Ausstellung_029.thumbnail.jpg\" alt=\"080828_Ausstellung_029.jpg\" width=\"128\" \/><\/a> <a title=\"Foto: Max Colin Heydenreich\" rel=\"lightbox[roadtrip]\" href=\"http:\/\/www.schoene-nachrichten.de\/wp-content\/uploads\/2008\/08\/080828_Ausstellung_030.jpg\" target=\"_blank\"><img decoding=\"async\" src=\"http:\/\/www.schoene-nachrichten.de\/wp-content\/uploads\/2008\/08\/080828_Ausstellung_030.thumbnail.jpg\" alt=\"080828_Ausstellung_030.jpg\" width=\"128\" \/><\/a><\/p>\n<p><a title=\"Foto: Max Colin Heydenreich\" rel=\"lightbox[roadtrip]\" href=\"http:\/\/www.schoene-nachrichten.de\/wp-content\/uploads\/2008\/08\/080828_Ausstellung_031.jpg\" target=\"_blank\"><img decoding=\"async\" src=\"http:\/\/www.schoene-nachrichten.de\/wp-content\/uploads\/2008\/08\/080828_Ausstellung_031.thumbnail.jpg\" alt=\"080828_Ausstellung_031.jpg\" width=\"128\" \/><\/a> <a title=\"Foto: Max Colin Heydenreich\" rel=\"lightbox[roadtrip]\" href=\"http:\/\/www.schoene-nachrichten.de\/wp-content\/uploads\/2008\/08\/080828_Ausstellung_032.jpg\" target=\"_blank\"><img decoding=\"async\" src=\"http:\/\/www.schoene-nachrichten.de\/wp-content\/uploads\/2008\/08\/080828_Ausstellung_032.thumbnail.jpg\" alt=\"080828_Ausstellung_032.jpg\" width=\"128\" \/><\/a> <a title=\"Foto: Max Colin Heydenreich\" rel=\"lightbox[roadtrip]\" href=\"http:\/\/www.schoene-nachrichten.de\/wp-content\/uploads\/2008\/08\/080828_Ausstellung_033.jpg\" target=\"_blank\"><img decoding=\"async\" src=\"http:\/\/www.schoene-nachrichten.de\/wp-content\/uploads\/2008\/08\/080828_Ausstellung_033.thumbnail.jpg\" alt=\"080828_Ausstellung_033.jpg\" width=\"128\" \/><\/a><\/p>\n<p><a title=\"Foto: Max Colin Heydenreich\" rel=\"lightbox[roadtrip]\" href=\"http:\/\/www.schoene-nachrichten.de\/wp-content\/uploads\/2008\/08\/080828_Ausstellung_034.jpg\" target=\"_blank\"><img decoding=\"async\" src=\"http:\/\/www.schoene-nachrichten.de\/wp-content\/uploads\/2008\/08\/080828_Ausstellung_034.thumbnail.jpg\" alt=\"080828_Ausstellung_034.jpg\" width=\"128\" \/><\/a> <a title=\"Foto: Max Colin Heydenreich\" rel=\"lightbox[roadtrip]\" href=\"http:\/\/www.schoene-nachrichten.de\/wp-content\/uploads\/2008\/08\/080828_Ausstellung_044.jpg\" target=\"_blank\"><img decoding=\"async\" src=\"http:\/\/www.schoene-nachrichten.de\/wp-content\/uploads\/2008\/08\/080828_Ausstellung_044.thumbnail.jpg\" alt=\"080828_Ausstellung_044.jpg\" width=\"128\" \/><\/a> <a title=\"Foto: Max Colin Heydenreich\" rel=\"lightbox[roadtrip]\" href=\"http:\/\/www.schoene-nachrichten.de\/wp-content\/uploads\/2008\/08\/080828_Ausstellung_036.jpg\" target=\"_blank\"><img decoding=\"async\" src=\"http:\/\/www.schoene-nachrichten.de\/wp-content\/uploads\/2008\/08\/080828_Ausstellung_036.thumbnail.jpg\" alt=\"080828_Ausstellung_036.jpg\" width=\"128\" \/><\/a><\/p>\n<p><a title=\"Foto: Max Colin Heydenreich\" rel=\"lightbox[roadtrip]\" href=\"http:\/\/www.schoene-nachrichten.de\/wp-content\/uploads\/2008\/08\/080828_Ausstellung_037.jpg\" target=\"_blank\"><img decoding=\"async\" src=\"http:\/\/www.schoene-nachrichten.de\/wp-content\/uploads\/2008\/08\/080828_Ausstellung_037.thumbnail.jpg\" alt=\"080828_Ausstellung_037.jpg\" width=\"128\" \/><\/a> <a title=\"Foto: Max Colin Heydenreich\" rel=\"lightbox[roadtrip]\" href=\"http:\/\/www.schoene-nachrichten.de\/wp-content\/uploads\/2008\/08\/080828_Ausstellung_038.jpg\" target=\"_blank\"><img decoding=\"async\" src=\"http:\/\/www.schoene-nachrichten.de\/wp-content\/uploads\/2008\/08\/080828_Ausstellung_038.thumbnail.jpg\" alt=\"080828_Ausstellung_038.jpg\" width=\"128\" \/><\/a> <a title=\"Foto: Max Colin Heydenreich\" rel=\"lightbox[roadtrip]\" href=\"http:\/\/www.schoene-nachrichten.de\/wp-content\/uploads\/2008\/08\/080828_Ausstellung_039.jpg\" target=\"_blank\"><img decoding=\"async\" src=\"http:\/\/www.schoene-nachrichten.de\/wp-content\/uploads\/2008\/08\/080828_Ausstellung_039.thumbnail.jpg\" alt=\"080828_Ausstellung_039.jpg\" width=\"128\" \/><\/a><\/p>\n<p><a title=\"Foto: Max Colin Heydenreich\" rel=\"lightbox[roadtrip]\" href=\"http:\/\/www.schoene-nachrichten.de\/wp-content\/uploads\/2008\/08\/080828_Ausstellung_040.jpg\" target=\"_blank\"><img decoding=\"async\" src=\"http:\/\/www.schoene-nachrichten.de\/wp-content\/uploads\/2008\/08\/080828_Ausstellung_040.thumbnail.jpg\" alt=\"080828_Ausstellung_040.jpg\" width=\"128\" \/><\/a> <a title=\"Foto: Max Colin Heydenreich\" rel=\"lightbox[roadtrip]\" href=\"http:\/\/www.schoene-nachrichten.de\/wp-content\/uploads\/2008\/08\/080828_Ausstellung_041.jpg\" target=\"_blank\"><img decoding=\"async\" src=\"http:\/\/www.schoene-nachrichten.de\/wp-content\/uploads\/2008\/08\/080828_Ausstellung_041.thumbnail.jpg\" alt=\"080828_Ausstellung_041.jpg\" width=\"128\" \/><\/a> <a title=\"Foto: Max Colin Heydenreich\" rel=\"lightbox[roadtrip]\" href=\"http:\/\/www.schoene-nachrichten.de\/wp-content\/uploads\/2008\/08\/080828_Ausstellung_042.jpg\" target=\"_blank\"><img decoding=\"async\" src=\"http:\/\/www.schoene-nachrichten.de\/wp-content\/uploads\/2008\/08\/080828_Ausstellung_042.thumbnail.jpg\" alt=\"080828_Ausstellung_042.jpg\" width=\"128\" \/><\/a><\/p>\n<p><a title=\"Foto: Max Colin Heydenreich\" rel=\"lightbox[roadtrip]\" href=\"http:\/\/www.schoene-nachrichten.de\/wp-content\/uploads\/2008\/08\/080828_Ausstellung_035.jpg\" target=\"_blank\"><img decoding=\"async\" src=\"http:\/\/www.schoene-nachrichten.de\/wp-content\/uploads\/2008\/08\/080828_Ausstellung_035.thumbnail.jpg\" alt=\"080828_Ausstellung_035.jpg\" width=\"128\" \/><\/a><a title=\"Foto: Max Colin Heydenreich\" rel=\"lightbox[roadtrip]\" href=\"http:\/\/www.schoene-nachrichten.de\/wp-content\/uploads\/2008\/08\/080828_Ausstellung_044.jpg\" target=\"_blank\"><br \/>\n<\/a><\/p>\n","protected":false},"excerpt":{"rendered":"<div class=\"tmnf_excerpt\"><p>Fulda. Kann sich Kunst in \u00f6ffentlichen R\u00e4umen behaupten? Diese Frage stellte Kunsthistorikerin Dr. Susanne Lie\u00dfegang anl\u00e4sslich der Ausstellungser\u00f6ffnung von Veronika P. Dutt im Herz-Jesu-Krankenhaus Fulda. Zwanzig zum Teil gro\u00dfformatige, abstrakte Werke der K\u00fcnstlerin schm\u00fccken f\u00fcr ein Jahr das Foyer des Krankenhauses. Ein Raum, der dank seiner Architektur nicht zum Durchrennen, sondern zum Innehalten einl\u00e4dt. Fotos &hellip;<\/p>\n<\/div>","protected":false},"author":1,"featured_media":0,"comment_status":"closed","ping_status":"closed","sticky":false,"template":"","format":"standard","meta":{"footnotes":""},"categories":[1,54,51,44],"tags":[],"class_list":["post-11465","post","type-post","status-publish","format-standard","hentry","category-startseite","category-bildergalerien","category-medizin","category-kultur"],"_links":{"self":[{"href":"https:\/\/www.fuldaernachrichten.de\/index.php?rest_route=\/wp\/v2\/posts\/11465","targetHints":{"allow":["GET"]}}],"collection":[{"href":"https:\/\/www.fuldaernachrichten.de\/index.php?rest_route=\/wp\/v2\/posts"}],"about":[{"href":"https:\/\/www.fuldaernachrichten.de\/index.php?rest_route=\/wp\/v2\/types\/post"}],"author":[{"embeddable":true,"href":"https:\/\/www.fuldaernachrichten.de\/index.php?rest_route=\/wp\/v2\/users\/1"}],"replies":[{"embeddable":true,"href":"https:\/\/www.fuldaernachrichten.de\/index.php?rest_route=%2Fwp%2Fv2%2Fcomments&post=11465"}],"version-history":[{"count":0,"href":"https:\/\/www.fuldaernachrichten.de\/index.php?rest_route=\/wp\/v2\/posts\/11465\/revisions"}],"wp:attachment":[{"href":"https:\/\/www.fuldaernachrichten.de\/index.php?rest_route=%2Fwp%2Fv2%2Fmedia&parent=11465"}],"wp:term":[{"taxonomy":"category","embeddable":true,"href":"https:\/\/www.fuldaernachrichten.de\/index.php?rest_route=%2Fwp%2Fv2%2Fcategories&post=11465"},{"taxonomy":"post_tag","embeddable":true,"href":"https:\/\/www.fuldaernachrichten.de\/index.php?rest_route=%2Fwp%2Fv2%2Ftags&post=11465"}],"curies":[{"name":"wp","href":"https:\/\/api.w.org\/{rel}","templated":true}]}}