{"id":114643,"date":"2013-10-01T06:02:10","date_gmt":"2013-10-01T06:02:10","guid":{"rendered":"http:\/\/www.fuldaer-nachrichten.de\/?p=114643"},"modified":"2013-10-01T06:02:10","modified_gmt":"2013-10-01T06:02:10","slug":"mit-50-millionen-aufpoliert-frankfurt-marriott-positioniert-sich-als-fuehrendes-tagungshotel-in-der-rhein-main-region","status":"publish","type":"post","link":"https:\/\/www.fuldaernachrichten.de\/?p=114643","title":{"rendered":"Mit 50 Millionen aufpoliert &#8211;  Frankfurt Marriott positioniert sich als f\u00fchrendes Tagungshotel in der Rhein-Main-Region"},"content":{"rendered":"<p><img fetchpriority=\"high\" decoding=\"async\" class=\"alignleft size-thumbnail wp-image-114747\" alt=\"WestendGate_002\" src=\"http:\/\/www.fuldaer-nachrichten.de\/wp-content\/uploads\/2013\/09\/WestendGate_002-265x189.jpg\" width=\"265\" height=\"189\" srcset=\"https:\/\/www.fuldaernachrichten.de\/wp-content\/uploads\/2013\/09\/WestendGate_002-265x189.jpg 265w, https:\/\/www.fuldaernachrichten.de\/wp-content\/uploads\/2013\/09\/WestendGate_002.jpg 600w\" sizes=\"(max-width: 265px) 100vw, 265px\" \/>Frankfurt am Main. Zeitsprung im Frankfurt Marriott. So l\u00e4sst sich der Wandel beschreiben, den das Hotel direkt an der Messe jetzt vollzogen hat. Rund 50 Millionen Euro wurden investiert, um insbesondere den 587 Zimmern und Suiten sowie der Executive Lounge und der Lobby \u2013 in der noch bis November letzte Details ausgearbeitet werden &#8211; ein modernes Gesicht zu geben.<!--more--><\/p>\n<p>Wer jetzt ein Zimmer im Marriott betritt und hier noch im Februar 2013 \u00fcbernachtet hat, wird vermutlich denken, sich in der T\u00fcr geirrt zu haben. Etwa zehn Millionen Euro hat das Hotel allein in die neue Ausstattung der Zimmer gesteckt. Betten und Matratzen, Arbeits- und Fernsehm\u00f6bel, Sessel, T\u00fcren, Schr\u00e4nke, Lampen und Fernseher, alles hat Hoteldirektor Hansj\u00f6rg Hefel gegen modernes Ger\u00e4t und Mobiliar austauschen lassen: \u201eGut 14.000 Euro sind in jedes Zimmer geflossen. In den R\u00e4umen bestimmen jetzt moderne, warme Farben den Ton, elegante Textilien und Teppiche geben den Zimmern ein v\u00f6llig neues Erscheinungsbild.\u201c<\/p>\n<p><img decoding=\"async\" class=\"alignleft size-thumbnail wp-image-114746\" alt=\"suite_living_1_prev\" src=\"http:\/\/www.fuldaer-nachrichten.de\/wp-content\/uploads\/2013\/09\/suite_living_1_prev-265x187.jpg\" width=\"265\" height=\"187\" srcset=\"https:\/\/www.fuldaernachrichten.de\/wp-content\/uploads\/2013\/09\/suite_living_1_prev-265x187.jpg 265w, https:\/\/www.fuldaernachrichten.de\/wp-content\/uploads\/2013\/09\/suite_living_1_prev.jpg 600w\" sizes=\"(max-width: 265px) 100vw, 265px\" \/> <img decoding=\"async\" class=\"alignleft size-thumbnail wp-image-114745\" alt=\"suite_bath_prev\" src=\"http:\/\/www.fuldaer-nachrichten.de\/wp-content\/uploads\/2013\/09\/suite_bath_prev-265x188.jpg\" width=\"265\" height=\"188\" srcset=\"https:\/\/www.fuldaernachrichten.de\/wp-content\/uploads\/2013\/09\/suite_bath_prev-265x188.jpg 265w, https:\/\/www.fuldaernachrichten.de\/wp-content\/uploads\/2013\/09\/suite_bath_prev.jpg 600w\" sizes=\"(max-width: 265px) 100vw, 265px\" \/><\/p>\n<p>Den freien Blick auf die Frankfurter Skyline gibt es im h\u00f6chsten Hotel Deutschlands nach wie vor. Die Marriott Rewards-Clubmitglieder und die G\u00e4ste der Executive Etagen und Suiten k\u00f6nnen diesen Blick in der durch eine verbesserte Raumaufteilung offener gestalteten Executive Lounge in der 43. Etage noch besser genie\u00dfen.<\/p>\n<p>Die Komplettsanierung der 25 Konferenzr\u00e4ume, die 2011 mit der Schaffung eines 774 Quadratmeter gro\u00dfen Tageslicht-Ballsaals und dem zus\u00e4tzlichen Westend Gate Conference Center in der f\u00fcnften Etage begann, ist mit der Renovierung der zweiten Etage nun ebenfalls abgeschlossen. Hefel: \u201eDer gr\u00f6\u00dfte Ballsaal der Stadt ist mit der besten technischen Infrastruktur in Frankfurt ausgestattet und im Rhein-Main-Gebiet einzigartig.\u201c In der 5,20 Meter hohen Decke sind acht Kronleuchter mit Kettenz\u00fcgen sowie 32 H\u00e4ngepunkte mit Belastbarkeit von bis zu 500 Kilogramm installiert. Hinzu kommen ein Au\u00dfenlift, ein ausgefeiltes Beleuchtungssystem, zwei ausfahrbare 15.000 ANSI-Lumen Hochleistungsbeamer sowie ein fest installiertes Soundsystem auf h\u00f6chstem Qualit\u00e4tsniveau.<\/p>\n<p><strong>\u00dcber das Frankfurt Marriott<\/strong><br \/>\n<img loading=\"lazy\" decoding=\"async\" class=\"alignleft size-thumbnail wp-image-114744\" alt=\"executive_room_2_prev\" src=\"http:\/\/www.fuldaer-nachrichten.de\/wp-content\/uploads\/2013\/09\/executive_room_2_prev-265x195.jpg\" width=\"265\" height=\"195\" srcset=\"https:\/\/www.fuldaernachrichten.de\/wp-content\/uploads\/2013\/09\/executive_room_2_prev-265x195.jpg 265w, https:\/\/www.fuldaernachrichten.de\/wp-content\/uploads\/2013\/09\/executive_room_2_prev.jpg 600w\" sizes=\"(max-width: 265px) 100vw, 265px\" \/> <img loading=\"lazy\" decoding=\"async\" class=\"alignleft size-thumbnail wp-image-114743\" alt=\"executive_room_1_prev\" src=\"http:\/\/www.fuldaer-nachrichten.de\/wp-content\/uploads\/2013\/09\/executive_room_1_prev-265x193.jpg\" width=\"265\" height=\"193\" srcset=\"https:\/\/www.fuldaernachrichten.de\/wp-content\/uploads\/2013\/09\/executive_room_1_prev-265x193.jpg 265w, https:\/\/www.fuldaernachrichten.de\/wp-content\/uploads\/2013\/09\/executive_room_1_prev.jpg 600w\" sizes=\"(max-width: 265px) 100vw, 265px\" \/>Das Frankfurt Marriott z\u00e4hlt zu den First-Class Business-Hotels in Frankfurt. Das mit 159 Metern h\u00f6chste Hotelgeb\u00e4ude Deutschlands liegt direkt gegen\u00fcber der Messe und positioniert sich nach der Komplettrenovierung in 2013 als das f\u00fchrende Tagungshotel in der Rhein-Main-Region mit 25 Konferenzr\u00e4umen und dem gr\u00f6\u00dften Ballsaal der Stadt sowie modernster Veranstaltungstechnik. Es ist mit neuen 587 G\u00e4stezimmern, einer Executive-Lounge auf der 43. Etage, drei Restaurants und Fitnesscenter ausgestattet. 250 engagierte Mitarbeiter aus 44 Nationen sorgen f\u00fcr eine hohe G\u00e4stezufriedenheit. Das Frankfurt Marriott ist eines von 520 Marriott-Hotels weltweit und erzielt mit 150.000 \u00dcbernachtungen und 1.500 Veranstaltungen j\u00e4hrlich \u00fcber 30 Millionen Euro Umsatz. Es ist damit das umsatzst\u00e4rkste Marriott-Hotel in Zentraleuropa.<\/p>\n","protected":false},"excerpt":{"rendered":"<div class=\"tmnf_excerpt\"><p>Frankfurt am Main. Zeitsprung im Frankfurt Marriott. So l\u00e4sst sich der Wandel beschreiben, den das Hotel direkt an der Messe jetzt vollzogen hat. Rund 50 Millionen Euro wurden investiert, um insbesondere den 587 Zimmern und Suiten sowie der Executive Lounge und der Lobby \u2013 in der noch bis November letzte Details ausgearbeitet werden &#8211; ein &hellip;<\/p>\n<\/div>","protected":false},"author":1,"featured_media":0,"comment_status":"closed","ping_status":"closed","sticky":false,"template":"","format":"standard","meta":{"footnotes":""},"categories":[1],"tags":[],"class_list":["post-114643","post","type-post","status-publish","format-standard","hentry","category-startseite"],"_links":{"self":[{"href":"https:\/\/www.fuldaernachrichten.de\/index.php?rest_route=\/wp\/v2\/posts\/114643","targetHints":{"allow":["GET"]}}],"collection":[{"href":"https:\/\/www.fuldaernachrichten.de\/index.php?rest_route=\/wp\/v2\/posts"}],"about":[{"href":"https:\/\/www.fuldaernachrichten.de\/index.php?rest_route=\/wp\/v2\/types\/post"}],"author":[{"embeddable":true,"href":"https:\/\/www.fuldaernachrichten.de\/index.php?rest_route=\/wp\/v2\/users\/1"}],"replies":[{"embeddable":true,"href":"https:\/\/www.fuldaernachrichten.de\/index.php?rest_route=%2Fwp%2Fv2%2Fcomments&post=114643"}],"version-history":[{"count":2,"href":"https:\/\/www.fuldaernachrichten.de\/index.php?rest_route=\/wp\/v2\/posts\/114643\/revisions"}],"predecessor-version":[{"id":114748,"href":"https:\/\/www.fuldaernachrichten.de\/index.php?rest_route=\/wp\/v2\/posts\/114643\/revisions\/114748"}],"wp:attachment":[{"href":"https:\/\/www.fuldaernachrichten.de\/index.php?rest_route=%2Fwp%2Fv2%2Fmedia&parent=114643"}],"wp:term":[{"taxonomy":"category","embeddable":true,"href":"https:\/\/www.fuldaernachrichten.de\/index.php?rest_route=%2Fwp%2Fv2%2Fcategories&post=114643"},{"taxonomy":"post_tag","embeddable":true,"href":"https:\/\/www.fuldaernachrichten.de\/index.php?rest_route=%2Fwp%2Fv2%2Ftags&post=114643"}],"curies":[{"name":"wp","href":"https:\/\/api.w.org\/{rel}","templated":true}]}}