{"id":114556,"date":"2013-09-27T00:09:41","date_gmt":"2013-09-27T00:09:41","guid":{"rendered":"http:\/\/www.fuldaer-nachrichten.de\/?p=114556"},"modified":"2013-09-27T06:50:22","modified_gmt":"2013-09-27T06:50:22","slug":"therapeutisches-klettern-foerdert-beweglichkeit-und-staerkt-selbstbewusstsein-krankengymnastik-mit-hohem-spassfaktor","status":"publish","type":"post","link":"https:\/\/www.fuldaernachrichten.de\/?p=114556","title":{"rendered":"Therapeutisches Klettern f\u00f6rdert Beweglichkeit und st\u00e4rkt Selbstbewusstsein &#8211; Krankengymnastik mit hohem Spa\u00dffaktor"},"content":{"rendered":"<p><img fetchpriority=\"high\" decoding=\"async\" class=\"alignnone size-full wp-image-114557\" alt=\"429-Helmkamp\" src=\"http:\/\/www.fuldaer-nachrichten.de\/wp-content\/uploads\/2013\/09\/429-Helmkamp-e1380264380249.jpg\" width=\"560\" height=\"340\" srcset=\"https:\/\/www.fuldaernachrichten.de\/wp-content\/uploads\/2013\/09\/429-Helmkamp-e1380264380249.jpg 558w, https:\/\/www.fuldaernachrichten.de\/wp-content\/uploads\/2013\/09\/429-Helmkamp-e1380264380249-265x161.jpg 265w\" sizes=\"(max-width: 560px) 100vw, 560px\" \/><\/p>\n<p>Fulda. Im Keller des Medicum im M\u00fcnsterfeld befindet sich eine Geheimwaffe. Sie ist neun Meter breit, sechs Meter hoch und therapeutischer Art. F\u00fcr das Team der Physiotherapie-Praxis Meissner-Helmkamp-Lindemann ist sie oft der Joker im Behandlungsplan: die Kletterwand, die nicht nur Sportlerherzen h\u00f6her schlagen l\u00e4sst, sondern auch viele Patienten dazu motiviert, \u00fcber sich hinaus zu wachsen.<\/p>\n<p><strong>Foto:<\/strong> Max Colin Heydenreich <!--more--><\/p>\n<p>&#8220;F\u00fcr uns ist die Kletterwand ein Medium&#8221;, sagt Physiotherapeut Andreas Helmkamp. &#8220;Denn \u00fcber Klettertechniken k\u00f6nnen wir mit Freude und Spa\u00df die Bewegung f\u00f6rdern und die Patienten ganz leicht motivieren.&#8221; Therapeutisches Klettern nennt sich diese vergleichsweise junge Methode, die vor gut 20 Jahren erstmals in Deutschland angewandt und von Andreas Helmkamp und dessen Praxispartner mit entwickelt wurde. Sie verkn\u00fcpft nach Angaben des 55-j\u00e4hrigen Physiotherapeuten sportwissenschaftliche und therapeutische Ans\u00e4tze so geschickt, dass Kraft und Beweglichkeit, Kondition, Konzentration, K\u00f6rperhaltung und Stabilit\u00e4t quasi &#8220;automatisch&#8221; und mit erheblichem Spa\u00dffaktor gef\u00f6rdert werden.<\/p>\n<p>Obwohl es bislang wenige wissenschaftliche Arbeiten zum Therapieeffekt des Kletterns gibt, ist Helmkamp nach zwei Jahrzehnten Praxiserfahrung von dieser besonderen Form der Krankengymnastik \u00fcberzeugt. &#8220;Wir haben Patienten, die kaum richtig laufen k\u00f6nnen, aber an der Kletterwand gute Erfolge zeigen. Das motiviert nat\u00fcrlich Patient und Therapeut gleicherma\u00dfen.&#8221;<\/p>\n<p>An die Kletterwand gehen in erster Linie Patienten mit Haltungssch\u00e4den oder Bewegungseinschr\u00e4nkungen, B\u00e4nder- oder Gelenkverletzungen. Auch bei Patienten, die einen Schlaganfall erlitten haben oder an Multipler Sklerose erkrankt sind, wird das therapeutische Klettern eingesetzt, um die Wahrnehmung zu schulen und die Koordinationsf\u00e4higkeit zu verbessern. Nicht zu vergessen: Die Kinder mit ADS (Aufmerksamkeitsdefizitsyndrom) oder ADHS (Hyperaktivit\u00e4tssyndrom), die vom therapeutisch angeleiteten Klettern profitieren k\u00f6nnen. Denn die Kletter-Therapie greift laut Helmkamp auf verschiedenen Ebenen.<\/p>\n<p>Zum einen w\u00fcrden Bewegungsmuster angereizt und die Sinne gesch\u00e4rft, zum anderen diene die Therapie dazu, eigene Grenzen auszutesten, \u00fcber sich hinaus zu wachsen und das Selbstbewusstsein zu st\u00e4rken. Verst\u00e4ndlich, dass man nicht nur j\u00fcngere Patienten, sondern auch Erwachsene und Senioren f\u00fcr diese Art der Krankengymnastik gewinnen kann.<\/p>\n<p>Seit einigen Jahren bildet Andreas Helmkamp auch im therapeutischen Klettern aus. &#8220;Die Ausbildung, f\u00fcr die ein Curriculum entwickelt wurde, umfasst 18 Unterrichtseinheiten&#8221;, berichtet der Physiotherapeut. &#8220;Vermittelt werden beispielsweise s\u00e4mtliche klettertechnischen Dinge wie das Sichern oder die Vorbereitung auf das Klettern und nat\u00fcrlich die verschiedenen M\u00f6glichkeiten, wie das Klettern ins Therapeutische \u00fcbertragen werden kann.&#8221; Mit seiner Begeisterung f\u00fcr das therapeutische Klettern, hat Helmkamp, der selbst seit \u00fcber 30 Jahren im Klettersport aktiv ist, jedenfalls schon viele Kollegen und Mitarbeiter angesteckt. Allein in der Praxis Meissner-Helmkamp-Lindemann gibt es f\u00fcnf Therapeuten, die mit ihren Patienten regelm\u00e4\u00dfig in den Keller gehen und den Joker ziehen. (Dorit Heydenreich)<\/p>\n<p>&nbsp;<\/p>\n","protected":false},"excerpt":{"rendered":"<div class=\"tmnf_excerpt\"><p>Fulda. Im Keller des Medicum im M\u00fcnsterfeld befindet sich eine Geheimwaffe. Sie ist neun Meter breit, sechs Meter hoch und therapeutischer Art. F\u00fcr das Team der Physiotherapie-Praxis Meissner-Helmkamp-Lindemann ist sie oft der Joker im Behandlungsplan: die Kletterwand, die nicht nur Sportlerherzen h\u00f6her schlagen l\u00e4sst, sondern auch viele Patienten dazu motiviert, \u00fcber sich hinaus zu wachsen. &hellip;<\/p>\n<\/div>","protected":false},"author":1,"featured_media":0,"comment_status":"closed","ping_status":"closed","sticky":false,"template":"","format":"standard","meta":{"footnotes":""},"categories":[1,51,46,78],"tags":[],"class_list":["post-114556","post","type-post","status-publish","format-standard","hentry","category-startseite","category-medizin","category-sport","category-topthema"],"_links":{"self":[{"href":"https:\/\/www.fuldaernachrichten.de\/index.php?rest_route=\/wp\/v2\/posts\/114556","targetHints":{"allow":["GET"]}}],"collection":[{"href":"https:\/\/www.fuldaernachrichten.de\/index.php?rest_route=\/wp\/v2\/posts"}],"about":[{"href":"https:\/\/www.fuldaernachrichten.de\/index.php?rest_route=\/wp\/v2\/types\/post"}],"author":[{"embeddable":true,"href":"https:\/\/www.fuldaernachrichten.de\/index.php?rest_route=\/wp\/v2\/users\/1"}],"replies":[{"embeddable":true,"href":"https:\/\/www.fuldaernachrichten.de\/index.php?rest_route=%2Fwp%2Fv2%2Fcomments&post=114556"}],"version-history":[{"count":1,"href":"https:\/\/www.fuldaernachrichten.de\/index.php?rest_route=\/wp\/v2\/posts\/114556\/revisions"}],"predecessor-version":[{"id":114558,"href":"https:\/\/www.fuldaernachrichten.de\/index.php?rest_route=\/wp\/v2\/posts\/114556\/revisions\/114558"}],"wp:attachment":[{"href":"https:\/\/www.fuldaernachrichten.de\/index.php?rest_route=%2Fwp%2Fv2%2Fmedia&parent=114556"}],"wp:term":[{"taxonomy":"category","embeddable":true,"href":"https:\/\/www.fuldaernachrichten.de\/index.php?rest_route=%2Fwp%2Fv2%2Fcategories&post=114556"},{"taxonomy":"post_tag","embeddable":true,"href":"https:\/\/www.fuldaernachrichten.de\/index.php?rest_route=%2Fwp%2Fv2%2Ftags&post=114556"}],"curies":[{"name":"wp","href":"https:\/\/api.w.org\/{rel}","templated":true}]}}