{"id":114463,"date":"2013-09-26T00:10:33","date_gmt":"2013-09-26T00:10:33","guid":{"rendered":"http:\/\/www.fuldaer-nachrichten.de\/?p=114463"},"modified":"2013-09-25T13:09:14","modified_gmt":"2013-09-25T13:09:14","slug":"rhoen-super-cup-2013-fand-seinen-abschluss-in-burghaun-steinbach-erneut-ueber-6-000-aktive-laeufer-und-nordic-walker-dabei","status":"publish","type":"post","link":"https:\/\/www.fuldaernachrichten.de\/?p=114463","title":{"rendered":"\u201eRh\u00f6n-Super-Cup\u201c 2013 fand seinen Abschluss in Burghaun-Steinbach &#8211; Erneut \u00fcber 6 000 aktive L\u00e4ufer und Nordic-Walker dabei"},"content":{"rendered":"<p><img fetchpriority=\"high\" decoding=\"async\" class=\"alignnone size-full wp-image-114466\" alt=\"rh\u00f6n super cup_ehrung2\" src=\"http:\/\/www.fuldaer-nachrichten.de\/wp-content\/uploads\/2013\/09\/rh\u00f6n-super-cup_ehrung2.jpg\" width=\"560\" height=\"280\" \/><\/p>\n<p>Burghaun-Steinbach. Mit 464 L\u00e4ufern und Nordic-Walkern fand am 21. September die diesj\u00e4hrige \u201eRh\u00f6n-Super-Cup\u201c-Serie, gesponsert vom MineralBrunnen Rh\u00f6nSprudel und der Sparkasse Fulda, ihren Abschluss. Ausrichter des Finaltages war der SV Steinbach, der\u00c2\u00a0 in diesem Zusammenhang auch seinen 17. Salzberg-Lauf durchf\u00fchrte.<\/p>\n<p>\u201eDamit haben wir zum zweiten Mal in der Geschichte des Cups mit insgesamt 6 096 L\u00e4ufern und L\u00e4uferinnen die Teilnehmerzahl von 6 000 Aktiven \u00fcberschritten\u201c, freute sich der Vorsitzende des Rh\u00f6n Super Cup e.V., Walter Heinemann. Im Schnitt h\u00e4tten somit 508 L\u00e4ufer an den insgesamt 12 Veranstaltungen teilgenommen.<\/p>\n<p><img decoding=\"async\" class=\"alignleft size-thumbnail wp-image-114468\" alt=\"rh\u00f6n super cup_start\" src=\"http:\/\/www.fuldaer-nachrichten.de\/wp-content\/uploads\/2013\/09\/rh\u00f6n-super-cup_start-265x167.jpg\" width=\"265\" height=\"167\" \/><\/p>\n<p>Bereits vor mehr als 20 Jahren hatte der MineralBrunnen Rh\u00f6nSprudel den \u201eRh\u00f6n-Super-Cup\u201c ins Leben gerufen. \u201eWir waren und sind dem Sport eng verbunden, und um gerade den Laufsport in der Region attraktiver zu machen, haben wir diese Cup-Serie damals aus der Taufe gehoben\u201c, sagt Martin G\u00e4rtner vom MineralBrunnen Rh\u00f6nSprudel, der f\u00fcr die Organisation der Gro\u00dfveranstaltung verantwortlich ist.<\/p>\n<p>P\u00fcnktlich um 13.30 Uhr wurde das Signal zum Start der L\u00e4ufer (11,2 Kilometer und 5 Kilometer), der Nordic Walker (8 Kilometer) und bereits 15 Minuten vorher des Bambini-Laufs (ca. 250 Meter) f\u00fcr Kinder bis zehn Jahre gegeben. Die 11,2 km-Strecke f\u00fcr die L\u00e4uferinnen und\u00c2\u00a0 L\u00e4ufer begann zun\u00e4chst relativ eben, nach Kilometer 1 abfallend hinab ins Haunetal. Am tiefsten Punkt (255 m \u00fcber NN bei ca. Kilometer 3) folgte eine lang gezogene Steigung. Bei Kilometer 7 verlie\u00dfen die Teilnehmer den Wald und erreichten zugleich den mit 360 m \u00fcber NN h\u00f6chsten Punkt des Streckenverlaufs. Die Strecke verlief danach relativ eben weiter. Die 5-Kilometer-Strecke f\u00fchrte \u00fcber Feldwege mit nur leichter Steigung bis zum Waldrand am Salzberg, danach ging es eben bzw. leicht abfallend zum Ziel weiter. Die Nordic Walking Strecke von rund acht Kilometern L\u00e4nge f\u00fchrte fast ausschlie\u00dflich \u00fcber Feld- und Waldwege und gr\u00f6\u00dftenteils auf der 11,2 Kilometer langen Strecke der Langl\u00e4ufer entlang.<\/p>\n<p><img decoding=\"async\" class=\"alignleft size-thumbnail wp-image-114465\" alt=\"rh\u00f6n super cup_ehrung\" src=\"http:\/\/www.fuldaer-nachrichten.de\/wp-content\/uploads\/2013\/09\/rh\u00f6n-super-cup_ehrung-265x165.jpg\" width=\"265\" height=\"165\" \/> <img loading=\"lazy\" decoding=\"async\" class=\"alignleft size-thumbnail wp-image-114469\" alt=\"rh\u00f6n super cup_ziel\" src=\"http:\/\/www.fuldaer-nachrichten.de\/wp-content\/uploads\/2013\/09\/rh\u00f6n-super-cup_ziel-265x174.jpg\" width=\"248\" height=\"164\" \/><\/p>\n<p>Das im Laufe des Tages immer angenehmer werdende Herbstwetter hatte vor allem auch viele Familien mit Kindern angelockt, sich an den L\u00e4ufen zu beteiligen. Der \u201eRh\u00f6n-Super-Cup\u201c, unterstrich Martin G\u00e4rtner, wende sich an die breite Masse der Bev\u00f6lkerung, auch wenn die einzelnen L\u00e4ufe zeitlich erfasst werden. \u201eDer Cup ist eine sehr gute Gelegenheit, gerade junge Menschen an sportliche Bet\u00e4tigung und gesunde Bewegung in der Natur heranzuf\u00fchren.\u201c<\/p>\n<p>Der Vorsitzende des Rh\u00f6n Super Cup e.V., Walter Heinemann (SV H\u00fcnfeld), dankte w\u00e4hrend seiner Ansprache zu Beginn der Siegerehrung, die er zusammen mit J\u00fcrgen Schuck (LG Fulda) und Peter Weigel (SV Poppenhausen) durchf\u00fchrte,\u00c2\u00a0 in erster Linie dem MineralBrunnen Rh\u00f6nSprudel und der Sparkasse Fulda f\u00fcr deren finanzielles Engagement. Au\u00dferdem richtete er seinen besonderen Dank an die zahlreichen ehrenamtlichen Helfer des SV Steinbach und des Vereins Rh\u00f6n Super Cup e.V., ohne die die L\u00e4ufe nicht durchzuf\u00fchren seien. Seit zwei Jahren sorge zudem ein etwa f\u00fcnf K\u00f6pfe starkes Auswertungsteam mit Hilfe bester technischer Ausstattung f\u00fcr eine enorme Verk\u00fcrzung der Zeit von der Zeiterfassung aller L\u00e4ufer bis zur Siegerehrung.<\/p>\n<p><img loading=\"lazy\" decoding=\"async\" class=\"alignleft size-thumbnail wp-image-114467\" alt=\"rh\u00f6n super cup_g\u00e4ste\" src=\"http:\/\/www.fuldaer-nachrichten.de\/wp-content\/uploads\/2013\/09\/rh\u00f6n-super-cup_g\u00e4ste-265x168.jpg\" width=\"265\" height=\"168\" \/>Die Kreisbeigeordnete des Landkreises Fulda, Dr. Friederike Lang,\u00c2\u00a0 \u00fcberreichte die Pokale f\u00fcr die drei teilnehmerst\u00e4rksten Teams. Die Siegerehrung des 17. Salzberglaufes nahmen der Vorsitzende des SV Steinbach, Dr. Helmut Zentgraf, und der Abteilungsleiter \u201eLustige L\u00e4ufer\u201c des SV Steinbach, Manfred Weigand, vor. Alle Ergebnisse sind im Detail unter <a href=\"http:\/\/www.rhoen-super-cup.de\">www.rhoen-super-cup.de<\/a> nachzulesen.<\/p>\n","protected":false},"excerpt":{"rendered":"<div class=\"tmnf_excerpt\"><p>Burghaun-Steinbach. Mit 464 L\u00e4ufern und Nordic-Walkern fand am 21. September die diesj\u00e4hrige \u201eRh\u00f6n-Super-Cup\u201c-Serie, gesponsert vom MineralBrunnen Rh\u00f6nSprudel und der Sparkasse Fulda, ihren Abschluss. Ausrichter des Finaltages war der SV Steinbach, der\u00c2\u00a0 in diesem Zusammenhang auch seinen 17. Salzberg-Lauf durchf\u00fchrte. \u201eDamit haben wir zum zweiten Mal in der Geschichte des Cups mit insgesamt 6 096 L\u00e4ufern &hellip;<\/p>\n<\/div>","protected":false},"author":1,"featured_media":0,"comment_status":"closed","ping_status":"closed","sticky":false,"template":"","format":"standard","meta":{"footnotes":""},"categories":[1,46,78],"tags":[],"class_list":["post-114463","post","type-post","status-publish","format-standard","hentry","category-startseite","category-sport","category-topthema"],"_links":{"self":[{"href":"https:\/\/www.fuldaernachrichten.de\/index.php?rest_route=\/wp\/v2\/posts\/114463","targetHints":{"allow":["GET"]}}],"collection":[{"href":"https:\/\/www.fuldaernachrichten.de\/index.php?rest_route=\/wp\/v2\/posts"}],"about":[{"href":"https:\/\/www.fuldaernachrichten.de\/index.php?rest_route=\/wp\/v2\/types\/post"}],"author":[{"embeddable":true,"href":"https:\/\/www.fuldaernachrichten.de\/index.php?rest_route=\/wp\/v2\/users\/1"}],"replies":[{"embeddable":true,"href":"https:\/\/www.fuldaernachrichten.de\/index.php?rest_route=%2Fwp%2Fv2%2Fcomments&post=114463"}],"version-history":[{"count":1,"href":"https:\/\/www.fuldaernachrichten.de\/index.php?rest_route=\/wp\/v2\/posts\/114463\/revisions"}],"predecessor-version":[{"id":114470,"href":"https:\/\/www.fuldaernachrichten.de\/index.php?rest_route=\/wp\/v2\/posts\/114463\/revisions\/114470"}],"wp:attachment":[{"href":"https:\/\/www.fuldaernachrichten.de\/index.php?rest_route=%2Fwp%2Fv2%2Fmedia&parent=114463"}],"wp:term":[{"taxonomy":"category","embeddable":true,"href":"https:\/\/www.fuldaernachrichten.de\/index.php?rest_route=%2Fwp%2Fv2%2Fcategories&post=114463"},{"taxonomy":"post_tag","embeddable":true,"href":"https:\/\/www.fuldaernachrichten.de\/index.php?rest_route=%2Fwp%2Fv2%2Ftags&post=114463"}],"curies":[{"name":"wp","href":"https:\/\/api.w.org\/{rel}","templated":true}]}}