{"id":114443,"date":"2013-09-25T00:09:10","date_gmt":"2013-09-25T00:09:10","guid":{"rendered":"http:\/\/www.fuldaer-nachrichten.de\/?p=114443"},"modified":"2013-09-25T05:44:21","modified_gmt":"2013-09-25T05:44:21","slug":"tagsueber-betreut-abends-zu-hause-hkp-dienst-eroeffnet-am-01-november-2013-seniorentagespflegestaette","status":"publish","type":"post","link":"https:\/\/www.fuldaernachrichten.de\/?p=114443","title":{"rendered":"Tags\u00fcber betreut, abends zu Hause &#8211; HKP-Dienst er\u00f6ffnet am 01. November 2013 Seniorentagespflegest\u00e4tte"},"content":{"rendered":"<p><img fetchpriority=\"high\" decoding=\"async\" class=\"alignnone size-full wp-image-114444\" alt=\"130923_Gutermuth\" src=\"http:\/\/www.fuldaer-nachrichten.de\/wp-content\/uploads\/2013\/09\/130923_Gutermuth-e1380087758645.jpg\" width=\"560\" height=\"343\" \/><\/p>\n<p>K\u00fcnzell. Das regionale Pflegenetz f\u00fcr \u00e4ltere und pflegebed\u00fcrftige Menschen wird dichter. In wenigen Wochen er\u00f6ffnet in K\u00fcnzells neuer Ortsmitte eine Seniorentagespflegest\u00e4tte. Tr\u00e4ger ist die HKP-Dienst, H\u00e4usliche Krankenpflege GmbH mit Sitz in K\u00fcnzell. Das neue Angebot des Pflegedienstes richtet sich an pflege- und hilfebed\u00fcrftige Seniorinnen und Senioren, die in der eigenen Wohnung oder bei den Angeh\u00f6rigen leben, tags\u00fcber jedoch Betreuung, unterst\u00fctzende Hilfe oder aktivierende Pflege ben\u00f6tigen.<\/p>\n<p>\u201eWir verstehen unsere Tagespflegeeinrichtung als wichtige Erg\u00e4nzung zur ambulanten Pflege. Die Einrichtung soll der Vereinsamung \u00e4lterer Menschen entgegenwirken und ma\u00dfgeblich zur Entlastung pflegender Angeh\u00f6riger beitragen\u201c, erl\u00e4utert Petra Gutermuth, Gesch\u00e4ftsf\u00fchrerin des HKP-Dienstes (Foto).\u00c2\u00a0<!--more--><\/p>\n<p><b>Platz f\u00fcr 15 G\u00e4ste <\/b><\/p>\n<p>Die Seniorentagesst\u00e4tte befindet sich in der Friedrich-Dietz-Stra\u00dfe 1. Im Erdgeschoss des Neubaus hat der HKP-Dienst eine 261 Quadratmeter gro\u00dfe Fl\u00e4che angemietet. Ausreichend Platz also f\u00fcr die Betreuung und Pflege von 15 G\u00e4sten, die die Einrichtung aufnehmen kann. Neben zwei Gemeinschafts- und zwei Ruher\u00e4umen, die bei Bedarf zu Gruppenr\u00e4umen umfunktioniert werden k\u00f6nnen, verf\u00fcgt die Einrichtung auch \u00fcber eine K\u00fcche, Sanit\u00e4r- sowie Lagerr\u00e4ume.<\/p>\n<p>\u201eWir legen sehr viel Wert auf gro\u00dfz\u00fcgige, helle und \u00fcbersichtliche R\u00e4ume. Die Farbgebung in Rot-, Gelb- und Orange-T\u00f6nen d\u00fcrfte f\u00fcr eine angenehme Atmosph\u00e4re sorgen\u201c, erkl\u00e4rt Petra Gutermuth. \u201eDar\u00fcber hinaus haben wir auf Barrierefreiheit, gro\u00dfe Lauffl\u00e4chen und eine altersgerechte Ausstattung geachtet, damit sich unsere G\u00e4ste uneingeschr\u00e4nkt bewegen und richtig wohl f\u00fchlen k\u00f6nnen.\u201c<\/p>\n<p><b>Feste Tagesstruktur und wechselnde Angebote<\/b><\/p>\n<p>Das versierte HKP-Pflegepersonal hat ein durchdachtes Pflege- und Betreuungsmodell f\u00fcr die Tagespflegeg\u00e4ste entwickelt. Dazu geh\u00f6ren unter anderem eine Tagesstruktur mit drei gemeinsamen Mahlzeiten sowie t\u00e4glich wechselnde Besch\u00e4ftigungsangebote, die stimulierend und f\u00f6rdernd gleicherma\u00dfen wirken.<\/p>\n<p>\u201eKochen und Backen, Singen und Tanzen, kreatives Gestalten, Ged\u00e4chtnistraining, Biografiearbeit, Filmvorf\u00fchrungen oder religi\u00f6se Angebote \u2013 das ist nur ein kleiner Ausschnitt der M\u00f6glichkeiten, die wir in unserer Tagespflegest\u00e4tte haben\u201c, betont die HKP-Gesch\u00e4ftsf\u00fchrerin. \u201eZus\u00e4tzliche Leistungen sind beispielsweise die Organisation von Therapiema\u00dfnahmen, die Vermittlung von Dienstleistungen wie Friseur oder Fu\u00dfpflege oder die Pflegeberatung. Hilfen bei der K\u00f6rperpflege, der Mobilit\u00e4t oder der Nahrungsaufnahme sowie medizinische Behandlungspflege z\u00e4hlen zu unseren allgemeinen Pflegeleistungen.\u201c \u00c2\u00a0Laut Petra Gutermuth \u00fcbernimmt de Pflegekasse einen Teil der<b> <\/b>Kosten.<b><\/b><\/p>\n<p><b>Fahrdienst \u00fcbernimmt Hin- und R\u00fccktransport<\/b><\/p>\n<p>Ge\u00f6ffnet ist die Einrichtung montags bis freitags jeweils von 8:30 bis 16.00 Uhr. Ein ortsans\u00e4ssiger Fahrdienst wird den Hin- und R\u00fccktransport der G\u00e4ste \u00fcbernehmen. \u201eDas entlastet die Angeh\u00f6rigen, die wir grunds\u00e4tzlich in die Pflegplanung einbeziehen und denen wir beratend und unterst\u00fctzend zur Seite stehen wollen\u201c, so Gutermuth.<\/p>\n<p>Ob es spezielle Aufnahmekriterien gibt? \u201eBettl\u00e4gerige und psychisch stark ver\u00e4nderte G\u00e4ste mit Weglauftendenzen oder stark pflegebed\u00fcrftige und gruppenunf\u00e4hige Menschen k\u00f6nnen nicht aufgenommen werden\u201c, erkl\u00e4rt Petra Gutermuth. \u201eUnsere Zielgruppe sind alte, pflege- und hilfebed\u00fcrftige Menschen, die an somatischen oder degenerativen Einschr\u00e4nkungen leiden, aber das Ziel haben, m\u00f6glichst lange selbstst\u00e4ndig bleiben zu wollen. Ein Interesse am Gemeinschaftsleben setzen wir voraus.\u201c Um sicher zu gehen, dass Einrichtung, Pflegepersonal und G\u00e4ste gut harmonieren, bietet das\u00c2\u00a0 HKP-Leitungsteam Interessierten sogar einen Probetag in der Seniorentagespflegest\u00e4tte an.<\/p>\n<p>Am Freitag, dem 1. November 2013, soll die Einrichtung offiziell eingeweiht werden. Am darauffolgenden Mittwoch, 06.11.2013, startet dann der regul\u00e4re Betrieb. Wer weitere Informationen w\u00fcnscht, kann sich im Internet unter <a href=\"http:\/\/www.hkp-seniorentagespflege.de\">www.hkp-seniorentagespflege.de<\/a> schlau machen oder Petra Gutermuth telefonisch unter 0661-934400 kontaktieren.<\/p>\n","protected":false},"excerpt":{"rendered":"<div class=\"tmnf_excerpt\"><p>K\u00fcnzell. Das regionale Pflegenetz f\u00fcr \u00e4ltere und pflegebed\u00fcrftige Menschen wird dichter. In wenigen Wochen er\u00f6ffnet in K\u00fcnzells neuer Ortsmitte eine Seniorentagespflegest\u00e4tte. Tr\u00e4ger ist die HKP-Dienst, H\u00e4usliche Krankenpflege GmbH mit Sitz in K\u00fcnzell. Das neue Angebot des Pflegedienstes richtet sich an pflege- und hilfebed\u00fcrftige Seniorinnen und Senioren, die in der eigenen Wohnung oder bei den Angeh\u00f6rigen &hellip;<\/p>\n<\/div>","protected":false},"author":1,"featured_media":0,"comment_status":"closed","ping_status":"closed","sticky":false,"template":"","format":"standard","meta":{"footnotes":""},"categories":[1,78],"tags":[],"class_list":["post-114443","post","type-post","status-publish","format-standard","hentry","category-startseite","category-topthema"],"_links":{"self":[{"href":"https:\/\/www.fuldaernachrichten.de\/index.php?rest_route=\/wp\/v2\/posts\/114443","targetHints":{"allow":["GET"]}}],"collection":[{"href":"https:\/\/www.fuldaernachrichten.de\/index.php?rest_route=\/wp\/v2\/posts"}],"about":[{"href":"https:\/\/www.fuldaernachrichten.de\/index.php?rest_route=\/wp\/v2\/types\/post"}],"author":[{"embeddable":true,"href":"https:\/\/www.fuldaernachrichten.de\/index.php?rest_route=\/wp\/v2\/users\/1"}],"replies":[{"embeddable":true,"href":"https:\/\/www.fuldaernachrichten.de\/index.php?rest_route=%2Fwp%2Fv2%2Fcomments&post=114443"}],"version-history":[{"count":3,"href":"https:\/\/www.fuldaernachrichten.de\/index.php?rest_route=\/wp\/v2\/posts\/114443\/revisions"}],"predecessor-version":[{"id":114462,"href":"https:\/\/www.fuldaernachrichten.de\/index.php?rest_route=\/wp\/v2\/posts\/114443\/revisions\/114462"}],"wp:attachment":[{"href":"https:\/\/www.fuldaernachrichten.de\/index.php?rest_route=%2Fwp%2Fv2%2Fmedia&parent=114443"}],"wp:term":[{"taxonomy":"category","embeddable":true,"href":"https:\/\/www.fuldaernachrichten.de\/index.php?rest_route=%2Fwp%2Fv2%2Fcategories&post=114443"},{"taxonomy":"post_tag","embeddable":true,"href":"https:\/\/www.fuldaernachrichten.de\/index.php?rest_route=%2Fwp%2Fv2%2Ftags&post=114443"}],"curies":[{"name":"wp","href":"https:\/\/api.w.org\/{rel}","templated":true}]}}