{"id":114223,"date":"2013-09-20T00:14:55","date_gmt":"2013-09-20T00:14:55","guid":{"rendered":"http:\/\/www.fuldaer-nachrichten.de\/?p=114223"},"modified":"2013-09-19T18:51:22","modified_gmt":"2013-09-19T18:51:22","slug":"leistungsspangenabnahme-der-deutschen-jugendfeuerwehr-in-eichenzell-rothemann","status":"publish","type":"post","link":"https:\/\/www.fuldaernachrichten.de\/?p=114223","title":{"rendered":"Leistungsspangenabnahme der Deutschen Jugendfeuerwehr in Eichenzell-Rothemann"},"content":{"rendered":"<p><img decoding=\"async\" class=\"alignleft size-thumbnail wp-image-114224\" alt=\"_DSC0478\" src=\"http:\/\/www.fuldaer-nachrichten.de\/wp-content\/uploads\/2013\/09\/DSC0478-265x175.jpg\" width=\"265\" height=\"175\" srcset=\"https:\/\/www.fuldaernachrichten.de\/wp-content\/uploads\/2013\/09\/DSC0478-265x175.jpg 265w, https:\/\/www.fuldaernachrichten.de\/wp-content\/uploads\/2013\/09\/DSC0478.jpg 600w\" sizes=\"(max-width: 265px) 100vw, 265px\" \/>Eichenzell. Die Leistungsspangenabnahme der Deutschen Jugendfeuerwehr am vergangenen Sonntag (15. September 2013) in Eichenzell-Rothemann war f\u00fcr alle teilnehmenden Jugendlichen ein voller Erfolg. Die insgesamt 112 teilnehmenden Jugendfeuerwehrmitglieder, davon 18 M\u00e4dchen,\u00c2\u00a0 haben alle die geforderten Leistungen erfolgreich bestanden. Die Leistungsspange ist die h\u00f6chste Auszeichnung, die ein Mitglied der Jugendfeuerwehr erreichen kann. Ein Jugendlicher, der die Leistungsspange erwerben m\u00f6chte, muss mindestens ein Jahr Mitglied in der Jugendfeuerwehr und mindestens 15 Jahre alt sein. Nach erfolgreicher Teilnahme \u00c2\u00a0haben die jungen Feuerwehrleute die M\u00f6glichkeit, mit der Grundausbildung zur Feuerwehrfrau bzw. Feuerwehrmann zu beginnen.<!--more--><\/p>\n<p>Die Veranstaltung begann mit der offiziellen Begr\u00fc\u00dfung durch Kreisjugendfeuerwehrwart Steffen Hohmann. Er begr\u00fc\u00dfte alle Jugendfeuerwehrmitglieder, Jugendfeuerwehren, Stadt- und Gemeindejugendfeuerwehrwarte und F\u00fchrungskr\u00e4fte der Feuerwehr. Er w\u00fcnschte den 15 antretenden Mannschaften, um gemeinsam im Team die h\u00f6chste Auszeichnung in der Jugendfeuerwehr zu erlangen, viel Spa\u00df und einen guten Verlauf. Abnahmeberechtigter Werner Pilger aus Waldeck-Sachsenhausen motivierte mit den Worten \u201eTeamgeist und Zusammenhalt helfen beim gemeinsamen Erreichen des Ziels\u201c, der diese Worte auch im Namen seines Kollegen und Abnahmeberechtigten Stefan Albrecht aus Ludwigsau-Rohrbach aussprach. Jan Diegelmann,\u00c2\u00a0 Gemeindejugendfeuerwehrwart aus Eichenzell, begr\u00fc\u00dfte ebenfalls die Gruppen und hoffte auf einen fairen und kameradschaftlichen Wettkampf.<\/p>\n<p><img decoding=\"async\" class=\"alignleft size-thumbnail wp-image-114230\" alt=\"DSC_0096\" src=\"http:\/\/www.fuldaer-nachrichten.de\/wp-content\/uploads\/2013\/09\/DSC_0096-265x175.jpg\" width=\"265\" height=\"175\" srcset=\"https:\/\/www.fuldaernachrichten.de\/wp-content\/uploads\/2013\/09\/DSC_0096-265x175.jpg 265w, https:\/\/www.fuldaernachrichten.de\/wp-content\/uploads\/2013\/09\/DSC_0096.jpg 600w\" sizes=\"(max-width: 265px) 100vw, 265px\" \/> <img decoding=\"async\" class=\"alignleft size-thumbnail wp-image-114232\" alt=\"DSC_0129\" src=\"http:\/\/www.fuldaer-nachrichten.de\/wp-content\/uploads\/2013\/09\/DSC_0129-265x175.jpg\" width=\"265\" height=\"175\" srcset=\"https:\/\/www.fuldaernachrichten.de\/wp-content\/uploads\/2013\/09\/DSC_0129-265x175.jpg 265w, https:\/\/www.fuldaernachrichten.de\/wp-content\/uploads\/2013\/09\/DSC_0129.jpg 600w\" sizes=\"(max-width: 265px) 100vw, 265px\" \/><\/p>\n<p>Insgesamt gab es 5 verschiedene Disziplinen, die durchlaufen werden mussten. Diese bestehen aus der Schnelligkeits\u00fcbung , bei der eine Schlauchleitung \u00c2\u00a0von 120 Metern in mindestens 75 Sekunden\u00c2\u00a0 ausgelegt werden muss. Weiter galt es beim Kugelsto\u00dfen mit der gesamten Gruppe eine Strecke von 55 Metern zu \u00fcberwinden. \u00c2\u00a0Um die sportliche Fitness zu demonstrieren stand anschlie\u00dfend der Staffellauf \u00fcber 1500 Meter auf dem Plan. Zur Pr\u00fcfung geh\u00f6rte weiterhin die Vorf\u00fchrung eines L\u00f6schangriffs nach Feuerwehrdienstvorschrift 3 (FwDV 3) bei dem die Wasserentnahmestelle aus einem offenen Gew\u00e4sser wie beispielsweise einem Fluss darzustellen war. Abschlie\u00dfend wurde das feuerwehrtechnische und allgemeine Wissen in einer Beantwortung von Fragen getestet. Selbstverst\u00e4ndlich wurde jede teilnehmende Mannschaft zus\u00e4tzlich nach ihrem Gesamteindruck im Bezug auf das Verhalten und die Disziplin w\u00e4hrend der \u00dcbungen bewertet.<\/p>\n<p><img loading=\"lazy\" decoding=\"async\" class=\"alignleft size-thumbnail wp-image-114229\" alt=\"DSC_0095\" src=\"http:\/\/www.fuldaer-nachrichten.de\/wp-content\/uploads\/2013\/09\/DSC_0095-265x398.jpg\" width=\"265\" height=\"398\" srcset=\"https:\/\/www.fuldaernachrichten.de\/wp-content\/uploads\/2013\/09\/DSC_0095-265x398.jpg 265w, https:\/\/www.fuldaernachrichten.de\/wp-content\/uploads\/2013\/09\/DSC_0095-176x265.jpg 176w, https:\/\/www.fuldaernachrichten.de\/wp-content\/uploads\/2013\/09\/DSC_0095-399x600.jpg 399w, https:\/\/www.fuldaernachrichten.de\/wp-content\/uploads\/2013\/09\/DSC_0095.jpg 600w\" sizes=\"(max-width: 265px) 100vw, 265px\" \/> <img loading=\"lazy\" decoding=\"async\" class=\"alignleft size-thumbnail wp-image-114233\" alt=\"DSC_0138\" src=\"http:\/\/www.fuldaer-nachrichten.de\/wp-content\/uploads\/2013\/09\/DSC_0138-265x175.jpg\" width=\"265\" height=\"175\" srcset=\"https:\/\/www.fuldaernachrichten.de\/wp-content\/uploads\/2013\/09\/DSC_0138-265x175.jpg 265w, https:\/\/www.fuldaernachrichten.de\/wp-content\/uploads\/2013\/09\/DSC_0138.jpg 600w\" sizes=\"(max-width: 265px) 100vw, 265px\" \/><\/p>\n<p>Am sp\u00e4ten Nachmittag stand fest, dass alle Bewerber die Pr\u00fcfungen bestanden hatten. Doch bevor diese verliehen wurden, begr\u00fc\u00dfte Kreisjugendfeuerwehrwart Steffen Hohmann alle Jugendfeuerwehrmitgliede, F\u00fchrungskr\u00e4fte der Feuerwehrten und alle G\u00e4ste, die zur Verleihung nach Eichenzell-Rothemann gekommen sind. Besonders begr\u00fc\u00dfte er das\u00c2\u00a0 Mitglied des Deutschen Bundestages Michael Brand, \u00c2\u00a0Eichenzells B\u00fcrgermeister Dieter Kolb, Hermann Frohnapfel von der Gemeindevertretung Eichenzell, die Ortsvorsteherin aus Rothemann Barbara Kl\u00f6ppner , Kreisbrandmeister \u00c2\u00a0Klaus Blum, den Stellv. Landesjugendfeuerwehrwart Michael Kittel, Gesch\u00e4ftsf\u00fchrerin und 2. Vorsitzende des Kreisfeuerwehrverbandes Fulda Julia Roeschies, Gemeindebrandinspektor Martin Fischer und Gemeindejugendfeuerwehrwart Jan Diegelmann. \u00c2\u00a0Au\u00dferdem dankte er der Jugendfeuerwehrwartin Susanne Baier und den Feuerwehrleuten aus\u00c2\u00a0 Rothemann f\u00fcr die Ausrichtung und den guten Vorbereitungen der Veranstaltung. Zudem dankte er den Wertungsrichtern und den beiden Abnahmeberechtigten der Deutschen Jugendfeuerwehr \u00c2\u00a0Werner Pilger aus Waldeck-Sachsenhausen \u00c2\u00a0und Stephan Albracht aus Ludwigsau-Rohrbach f\u00fcr den fairen Verlauf der Veranstaltung.<\/p>\n<p>Ortsvorsteherin Barbara Kl\u00f6ppner dankte allen Jugendlichen f\u00fcr die Teilnahme und hoffte auf ein gutes und faires Ergebnis. Der Stellv. Landesjugendfeuerwehrwart Michael Kittel hoffte, dass die Jugendlichen in die Einsatzabteilung \u00fcbergehen, um ihr dortiges Wissen weiter zu best\u00e4rken. Julia Roeschies, Gesch\u00e4ftsf\u00fchrerin und 2. Vorsitzende des Kreisfeuerwehrverbandes Fulda freute es sehr, dass alle Bewerber die Leistungsspange erhalten haben. Dies sei ein gro\u00dfer Baustein in der jungen Karriere der Jugendfeuerwehrmitglieder, so Roeschies.<\/p>\n<p><img loading=\"lazy\" decoding=\"async\" class=\"alignleft size-thumbnail wp-image-114240\" alt=\"DSC_0305\" src=\"http:\/\/www.fuldaer-nachrichten.de\/wp-content\/uploads\/2013\/09\/DSC_0305-265x175.jpg\" width=\"265\" height=\"175\" srcset=\"https:\/\/www.fuldaernachrichten.de\/wp-content\/uploads\/2013\/09\/DSC_0305-265x175.jpg 265w, https:\/\/www.fuldaernachrichten.de\/wp-content\/uploads\/2013\/09\/DSC_0305.jpg 600w\" sizes=\"(max-width: 265px) 100vw, 265px\" \/> <img loading=\"lazy\" decoding=\"async\" class=\"alignleft size-thumbnail wp-image-114243\" alt=\"IMG_1815\" src=\"http:\/\/www.fuldaer-nachrichten.de\/wp-content\/uploads\/2013\/09\/IMG_1815-265x148.jpg\" width=\"265\" height=\"148\" srcset=\"https:\/\/www.fuldaernachrichten.de\/wp-content\/uploads\/2013\/09\/IMG_1815-265x148.jpg 265w, https:\/\/www.fuldaernachrichten.de\/wp-content\/uploads\/2013\/09\/IMG_1815.jpg 600w\" sizes=\"(max-width: 265px) 100vw, 265px\" \/><\/p>\n<p>Der Bundestagsabgeordnete Michael Brand hat gro\u00dfen Respekt vor dieser Leistung der Jugendlichen, die keine Selbstverst\u00e4ndlichkeit ist. Der Dank ist die versch\u00e4rfte der Form der Bitte, so Brand und bat alle Jugendfeuerwehrmitglieder der Feuerwehr treu zu bleiben. Zudem forderte er auf, dass das Image der Feuerwehr bei den Arbeitgebern verbessert werden muss. Ihr macht echt \u201eeinen Klasse Job\u201c, so Brand. B\u00fcrgermeister Dieter Kolb dankte allen die das organisiert haben. Ein besonderer Dank geht auch an die tolle Jugendarbeit, die insgesamt geleistet wird. Ohne euch Jugendfeuerwehren w\u00fcrde es in der Zukunft keine Feuerwehr mehr geben, so Kolb. Das Bestehen aller Teilnehmer zeigt den guten Ausbildungsstand in der Jugendfeuerwehr. Er sagte allen herzlichen Gl\u00fcckwunsch und hofft dass alle treu bleiben, denn dies hei\u00dft soziale Kompetenzen aufweisen, wie z.B. Teamgeist, und vieles mehr, was einem Jugendlichen bei sp\u00e4teren Bewerbungen Vorteile schafft.<\/p>\n<p>Bei Gleichstand w\u00fcrde er immer diese Bewerbung bevorzugen. Werner Pilger, Abnahmeberechtigter der Deutschen Jugendfeuerwehr sagte, dass es alle Gruppen geschafft haben, aber spannend gemacht haben, denn 4 von 15 Gruppen mussten einige Disziplinen wiederholen, aber letzten Endes haben es alle geschafft, so Pilger. Nun haben die Jugendlichen den \u201eGesellenbrief der Jugendfeuerwehr erreicht und k\u00f6nnen somit in der Einsatzabteilung mit der Grundausbildung beginnen. Zwischendurch wurden 3 Wertungsrichter der Kreisjugendfeuerwehr Fulda f\u00fcr 10 und 20 Jahre geehrt. Dieter Schiffhauer wurde f\u00fcr seine 20-j\u00e4hrige Mitarbeit im Wertungsrichterteam geehrt und Nils Waschke und Marc Ide wurden f\u00fcr jeweils 10 Jahre \u00c2\u00a0geehrt. Am Ende aller Reden und Ehrungen dankte Steffen Hohmann vielmals f\u00fcr die Teilnahme und Disziplin. (Ramona Schwendner)<\/p>\n<p><img loading=\"lazy\" decoding=\"async\" class=\"alignleft size-thumbnail wp-image-114242\" alt=\"IMG_1742\" src=\"http:\/\/www.fuldaer-nachrichten.de\/wp-content\/uploads\/2013\/09\/IMG_1742-265x148.jpg\" width=\"265\" height=\"148\" srcset=\"https:\/\/www.fuldaernachrichten.de\/wp-content\/uploads\/2013\/09\/IMG_1742-265x148.jpg 265w, https:\/\/www.fuldaernachrichten.de\/wp-content\/uploads\/2013\/09\/IMG_1742.jpg 600w\" sizes=\"(max-width: 265px) 100vw, 265px\" \/> <img loading=\"lazy\" decoding=\"async\" class=\"alignleft size-thumbnail wp-image-114228\" alt=\"DSC_0070\" src=\"http:\/\/www.fuldaer-nachrichten.de\/wp-content\/uploads\/2013\/09\/DSC_0070-265x175.jpg\" width=\"265\" height=\"175\" srcset=\"https:\/\/www.fuldaernachrichten.de\/wp-content\/uploads\/2013\/09\/DSC_0070-265x175.jpg 265w, https:\/\/www.fuldaernachrichten.de\/wp-content\/uploads\/2013\/09\/DSC_0070.jpg 600w\" sizes=\"(max-width: 265px) 100vw, 265px\" \/> <img loading=\"lazy\" decoding=\"async\" class=\"alignleft size-thumbnail wp-image-114241\" alt=\"IMG_1728\" src=\"http:\/\/www.fuldaer-nachrichten.de\/wp-content\/uploads\/2013\/09\/IMG_1728-265x148.jpg\" width=\"265\" height=\"148\" srcset=\"https:\/\/www.fuldaernachrichten.de\/wp-content\/uploads\/2013\/09\/IMG_1728-265x148.jpg 265w, https:\/\/www.fuldaernachrichten.de\/wp-content\/uploads\/2013\/09\/IMG_1728.jpg 600w\" sizes=\"(max-width: 265px) 100vw, 265px\" \/> <img loading=\"lazy\" decoding=\"async\" class=\"alignleft size-thumbnail wp-image-114239\" alt=\"DSC_0283\" src=\"http:\/\/www.fuldaer-nachrichten.de\/wp-content\/uploads\/2013\/09\/DSC_0283-265x175.jpg\" width=\"265\" height=\"175\" srcset=\"https:\/\/www.fuldaernachrichten.de\/wp-content\/uploads\/2013\/09\/DSC_0283-265x175.jpg 265w, https:\/\/www.fuldaernachrichten.de\/wp-content\/uploads\/2013\/09\/DSC_0283.jpg 600w\" sizes=\"(max-width: 265px) 100vw, 265px\" \/> <img loading=\"lazy\" decoding=\"async\" class=\"alignleft size-thumbnail wp-image-114238\" alt=\"DSC_0282\" src=\"http:\/\/www.fuldaer-nachrichten.de\/wp-content\/uploads\/2013\/09\/DSC_0282-265x175.jpg\" width=\"265\" height=\"175\" srcset=\"https:\/\/www.fuldaernachrichten.de\/wp-content\/uploads\/2013\/09\/DSC_0282-265x175.jpg 265w, https:\/\/www.fuldaernachrichten.de\/wp-content\/uploads\/2013\/09\/DSC_0282.jpg 600w\" sizes=\"(max-width: 265px) 100vw, 265px\" \/> <img loading=\"lazy\" decoding=\"async\" class=\"alignleft size-thumbnail wp-image-114227\" alt=\"_DSC0555\" src=\"http:\/\/www.fuldaer-nachrichten.de\/wp-content\/uploads\/2013\/09\/DSC0555-265x175.jpg\" width=\"265\" height=\"175\" srcset=\"https:\/\/www.fuldaernachrichten.de\/wp-content\/uploads\/2013\/09\/DSC0555-265x175.jpg 265w, https:\/\/www.fuldaernachrichten.de\/wp-content\/uploads\/2013\/09\/DSC0555.jpg 600w\" sizes=\"(max-width: 265px) 100vw, 265px\" \/> <img loading=\"lazy\" decoding=\"async\" class=\"alignleft size-thumbnail wp-image-114237\" alt=\"DSC_0233\" src=\"http:\/\/www.fuldaer-nachrichten.de\/wp-content\/uploads\/2013\/09\/DSC_0233-265x175.jpg\" width=\"265\" height=\"175\" srcset=\"https:\/\/www.fuldaernachrichten.de\/wp-content\/uploads\/2013\/09\/DSC_0233-265x175.jpg 265w, https:\/\/www.fuldaernachrichten.de\/wp-content\/uploads\/2013\/09\/DSC_0233.jpg 600w\" sizes=\"(max-width: 265px) 100vw, 265px\" \/> <img loading=\"lazy\" decoding=\"async\" class=\"alignleft size-thumbnail wp-image-114236\" alt=\"DSC_0231\" src=\"http:\/\/www.fuldaer-nachrichten.de\/wp-content\/uploads\/2013\/09\/DSC_0231-265x175.jpg\" width=\"265\" height=\"175\" srcset=\"https:\/\/www.fuldaernachrichten.de\/wp-content\/uploads\/2013\/09\/DSC_0231-265x175.jpg 265w, https:\/\/www.fuldaernachrichten.de\/wp-content\/uploads\/2013\/09\/DSC_0231.jpg 600w\" sizes=\"(max-width: 265px) 100vw, 265px\" \/> <img loading=\"lazy\" decoding=\"async\" class=\"alignleft size-thumbnail wp-image-114234\" alt=\"DSC_0153\" src=\"http:\/\/www.fuldaer-nachrichten.de\/wp-content\/uploads\/2013\/09\/DSC_0153-265x175.jpg\" width=\"265\" height=\"175\" srcset=\"https:\/\/www.fuldaernachrichten.de\/wp-content\/uploads\/2013\/09\/DSC_0153-265x175.jpg 265w, https:\/\/www.fuldaernachrichten.de\/wp-content\/uploads\/2013\/09\/DSC_0153.jpg 600w\" sizes=\"(max-width: 265px) 100vw, 265px\" \/> <img loading=\"lazy\" decoding=\"async\" class=\"alignleft size-thumbnail wp-image-114235\" alt=\"DSC_0154\" src=\"http:\/\/www.fuldaer-nachrichten.de\/wp-content\/uploads\/2013\/09\/DSC_0154-265x175.jpg\" width=\"265\" height=\"175\" srcset=\"https:\/\/www.fuldaernachrichten.de\/wp-content\/uploads\/2013\/09\/DSC_0154-265x175.jpg 265w, https:\/\/www.fuldaernachrichten.de\/wp-content\/uploads\/2013\/09\/DSC_0154.jpg 600w\" sizes=\"(max-width: 265px) 100vw, 265px\" \/><\/p>\n","protected":false},"excerpt":{"rendered":"<div class=\"tmnf_excerpt\"><p>Eichenzell. Die Leistungsspangenabnahme der Deutschen Jugendfeuerwehr am vergangenen Sonntag (15. September 2013) in Eichenzell-Rothemann war f\u00fcr alle teilnehmenden Jugendlichen ein voller Erfolg. Die insgesamt 112 teilnehmenden Jugendfeuerwehrmitglieder, davon 18 M\u00e4dchen,\u00c2\u00a0 haben alle die geforderten Leistungen erfolgreich bestanden. Die Leistungsspange ist die h\u00f6chste Auszeichnung, die ein Mitglied der Jugendfeuerwehr erreichen kann. Ein Jugendlicher, der die Leistungsspange &hellip;<\/p>\n<\/div>","protected":false},"author":1,"featured_media":0,"comment_status":"closed","ping_status":"closed","sticky":false,"template":"","format":"standard","meta":{"footnotes":""},"categories":[1,71],"tags":[],"class_list":["post-114223","post","type-post","status-publish","format-standard","hentry","category-startseite","category-feuerwehr"],"_links":{"self":[{"href":"https:\/\/www.fuldaernachrichten.de\/index.php?rest_route=\/wp\/v2\/posts\/114223","targetHints":{"allow":["GET"]}}],"collection":[{"href":"https:\/\/www.fuldaernachrichten.de\/index.php?rest_route=\/wp\/v2\/posts"}],"about":[{"href":"https:\/\/www.fuldaernachrichten.de\/index.php?rest_route=\/wp\/v2\/types\/post"}],"author":[{"embeddable":true,"href":"https:\/\/www.fuldaernachrichten.de\/index.php?rest_route=\/wp\/v2\/users\/1"}],"replies":[{"embeddable":true,"href":"https:\/\/www.fuldaernachrichten.de\/index.php?rest_route=%2Fwp%2Fv2%2Fcomments&post=114223"}],"version-history":[{"count":1,"href":"https:\/\/www.fuldaernachrichten.de\/index.php?rest_route=\/wp\/v2\/posts\/114223\/revisions"}],"predecessor-version":[{"id":114244,"href":"https:\/\/www.fuldaernachrichten.de\/index.php?rest_route=\/wp\/v2\/posts\/114223\/revisions\/114244"}],"wp:attachment":[{"href":"https:\/\/www.fuldaernachrichten.de\/index.php?rest_route=%2Fwp%2Fv2%2Fmedia&parent=114223"}],"wp:term":[{"taxonomy":"category","embeddable":true,"href":"https:\/\/www.fuldaernachrichten.de\/index.php?rest_route=%2Fwp%2Fv2%2Fcategories&post=114223"},{"taxonomy":"post_tag","embeddable":true,"href":"https:\/\/www.fuldaernachrichten.de\/index.php?rest_route=%2Fwp%2Fv2%2Ftags&post=114223"}],"curies":[{"name":"wp","href":"https:\/\/api.w.org\/{rel}","templated":true}]}}