{"id":114151,"date":"2013-09-19T00:09:39","date_gmt":"2013-09-19T00:09:39","guid":{"rendered":"http:\/\/www.fuldaer-nachrichten.de\/?p=114151"},"modified":"2013-09-18T13:18:32","modified_gmt":"2013-09-18T13:18:32","slug":"hochschule-fulda-und-fft-edag-produktionssysteme-arbeiten-im-betrieblichen-gesundheitsmanagement-zusammen","status":"publish","type":"post","link":"https:\/\/www.fuldaernachrichten.de\/?p=114151","title":{"rendered":"Hochschule Fulda und FFT EDAG Produktionssysteme arbeiten im Betrieblichen Gesundheitsmanagement zusammen"},"content":{"rendered":"<div id=\"attachment_114152\" style=\"width: 570px\" class=\"wp-caption alignnone\"><img fetchpriority=\"high\" decoding=\"async\" aria-describedby=\"caption-attachment-114152\" class=\"size-full wp-image-114152\" alt=\"v.l. Melanie Milbich, Gesch\u00e4ftsf\u00fchrungsassistentin FFT EDAG Produktionssysteme, Manfred Hahl, Gesch\u00e4ftsf\u00fchrer der FFT EDAG Produktionssysteme, Hochschulpr\u00e4sident Prof. Dr. Karim Khakzar sowie Prof. Dr. Beate Bl\u00e4ttner und Silvia Heckenhahn vom Fachbereich Pflege und Gesundheit\" src=\"http:\/\/www.fuldaer-nachrichten.de\/wp-content\/uploads\/2013\/09\/BGM_Kooperationvertrag_Foto.jpg\" width=\"560\" height=\"360\" \/><p id=\"caption-attachment-114152\" class=\"wp-caption-text\">v.l. Melanie Milbich, Gesch\u00e4ftsf\u00fchrungsassistentin FFT EDAG Produktionssysteme, Manfred Hahl, Gesch\u00e4ftsf\u00fchrer der FFT EDAG Produktionssysteme, Hochschulpr\u00e4sident Prof. Dr. Karim Khakzar sowie Prof. Dr. Beate Bl\u00e4ttner und Silvia Heckenhahn vom Fachbereich Pflege und Gesundheit<\/p><\/div>\n<p>Fulda. Der Fachbereich Pflege und Gesundheit und die FFT EDAG Produktionssysteme GmbH &amp; Co. KG wollen k\u00fcnftig im Betrieblichen Gesundheitsmanagement zusammenarbeiten. Am Mittwoch dieser Woche unterzeichneten beide Partner eine entsprechende Kooperationsvereinbarung. Danach werden sich in den kommenden drei Jahren kontinuierlich zwei bis drei Studierende mit der Weiterf\u00fchrung und Weiterentwicklung des Betrieblichen Gesundheitsmanagements in der FFT besch\u00e4ftigen. Das Projekt soll sich zun\u00e4chst auf die rund 500 Besch\u00e4ftigten am Standort Fulda-West konzentrieren.<\/p>\n<p>\u201eEs ist uns sehr wichtig, die Kooperation zwischen Hochschule und regionalen Unternehmen weiter auszubauen\u201c, sagte Hochschulpr\u00e4sident Prof. Dr. Karim Khakzar bei der Vertragsunterzeichnung. Die Studierenden k\u00f6nnten auf diese Weise bereits w\u00e4hrend des Studiums Erfahrungen in der Unternehmenspraxis sammeln. Im besten Fall blieben sie auch nach dem Studienabschluss als qualifizierte Arbeitskr\u00e4fte in der Region.<!--more--><\/p>\n<p>&#8220;Die schnelllebige und globale Entwicklung verlangt von unseren Mitarbeitern immer mehr in k\u00fcrzerer Zeit. Neue Technologien, Fachwissen, Flexibilit\u00e4t sowie globale Vernetzung stellen hohe Anspr\u00fcche an unsere Besch\u00e4ftigten\u201c, betonte Manfred Hahl, Gesch\u00e4ftsf\u00fchrer der FFT EDAG Produktionssysteme GmbH &amp; Co. KG und erl\u00e4uterte die Beweggr\u00fcnde der Zusammenarbeit aus Sicht der FFT: \u201eUns ist wichtig, dass die Gesundheit unserer Mitarbeiter nicht unter den steigenden Anforderungen leidet. Deshalb haben wir das Betriebliche Gesundheitsmanagement zur Firmenphilosophie gemacht. Auf diese Weise hoffen wir, unsere Mitarbeiter zu unterst\u00fctzen. Wir freuen uns, dass FFT auf die Kompetenz der Hochschule Fulda zugreifen kann.&#8221;<\/p>\n<p>Eine Qualifizierungsm\u00f6glichkeit f\u00fcr eine T\u00e4tigkeit im Betrieblichen Gesundheits-management bieten an der Hochschule Fulda die Studieng\u00e4nge Gesundheits-f\u00f6rderung und Gesundheitsmanagement. \u201eBetriebliches Gesundheitsmanagement ist ein sehr gefragter Schwerpunkt\u201c, sagte Prof. Dr. Beate Bl\u00e4ttner, die als Professorin f\u00fcr Gesundheitsf\u00f6rderung fachlich f\u00fcr die Lehre im Betrieblichen Gesundheits-management verantwortlich ist. \u201eUnsere Studierenden absolvieren ihre Praktika \u00fcberdurchschnittlich h\u00e4ufig in diesem Feld.\u201c Absolventinnen und Absolventen f\u00e4nden oft in der Betrieblichen Gesundheitsf\u00f6rderung einen Einstieg in das Arbeitsleben.<\/p>\n<p>&nbsp;<\/p>\n<p>&nbsp;<\/p>\n","protected":false},"excerpt":{"rendered":"<div class=\"tmnf_excerpt\"><p>Fulda. Der Fachbereich Pflege und Gesundheit und die FFT EDAG Produktionssysteme GmbH &amp; Co. KG wollen k\u00fcnftig im Betrieblichen Gesundheitsmanagement zusammenarbeiten. Am Mittwoch dieser Woche unterzeichneten beide Partner eine entsprechende Kooperationsvereinbarung. Danach werden sich in den kommenden drei Jahren kontinuierlich zwei bis drei Studierende mit der Weiterf\u00fchrung und Weiterentwicklung des Betrieblichen Gesundheitsmanagements in der FFT &hellip;<\/p>\n<\/div>","protected":false},"author":1,"featured_media":0,"comment_status":"closed","ping_status":"closed","sticky":false,"template":"","format":"standard","meta":{"footnotes":""},"categories":[1,51,78],"tags":[],"class_list":["post-114151","post","type-post","status-publish","format-standard","hentry","category-startseite","category-medizin","category-topthema"],"_links":{"self":[{"href":"https:\/\/www.fuldaernachrichten.de\/index.php?rest_route=\/wp\/v2\/posts\/114151","targetHints":{"allow":["GET"]}}],"collection":[{"href":"https:\/\/www.fuldaernachrichten.de\/index.php?rest_route=\/wp\/v2\/posts"}],"about":[{"href":"https:\/\/www.fuldaernachrichten.de\/index.php?rest_route=\/wp\/v2\/types\/post"}],"author":[{"embeddable":true,"href":"https:\/\/www.fuldaernachrichten.de\/index.php?rest_route=\/wp\/v2\/users\/1"}],"replies":[{"embeddable":true,"href":"https:\/\/www.fuldaernachrichten.de\/index.php?rest_route=%2Fwp%2Fv2%2Fcomments&post=114151"}],"version-history":[{"count":2,"href":"https:\/\/www.fuldaernachrichten.de\/index.php?rest_route=\/wp\/v2\/posts\/114151\/revisions"}],"predecessor-version":[{"id":114182,"href":"https:\/\/www.fuldaernachrichten.de\/index.php?rest_route=\/wp\/v2\/posts\/114151\/revisions\/114182"}],"wp:attachment":[{"href":"https:\/\/www.fuldaernachrichten.de\/index.php?rest_route=%2Fwp%2Fv2%2Fmedia&parent=114151"}],"wp:term":[{"taxonomy":"category","embeddable":true,"href":"https:\/\/www.fuldaernachrichten.de\/index.php?rest_route=%2Fwp%2Fv2%2Fcategories&post=114151"},{"taxonomy":"post_tag","embeddable":true,"href":"https:\/\/www.fuldaernachrichten.de\/index.php?rest_route=%2Fwp%2Fv2%2Ftags&post=114151"}],"curies":[{"name":"wp","href":"https:\/\/api.w.org\/{rel}","templated":true}]}}