{"id":113993,"date":"2013-09-13T06:08:45","date_gmt":"2013-09-13T06:08:45","guid":{"rendered":"http:\/\/www.fuldaer-nachrichten.de\/?p=113993"},"modified":"2013-09-13T06:08:45","modified_gmt":"2013-09-13T06:08:45","slug":"prof-dr-ing-regine-mallwitz-uebernimmt-neues-fachgebiet-erneuerbare-energien-und-elektromobilitaet","status":"publish","type":"post","link":"https:\/\/www.fuldaernachrichten.de\/?p=113993","title":{"rendered":"Prof. Dr.-Ing. Regine Mallwitz \u00fcbernimmt neues Fachgebiet \u201eErneuerbare Energien und Elektromobilit\u00e4t\u201c"},"content":{"rendered":"<p><img fetchpriority=\"high\" decoding=\"async\" class=\"alignleft size-thumbnail wp-image-113994\" alt=\"Prof. Mallwitz\" src=\"http:\/\/www.fuldaer-nachrichten.de\/wp-content\/uploads\/2013\/09\/Prof.-Mallwitz-265x343.jpg\" width=\"265\" height=\"343\" srcset=\"https:\/\/www.fuldaernachrichten.de\/wp-content\/uploads\/2013\/09\/Prof.-Mallwitz-265x343.jpg 265w, https:\/\/www.fuldaernachrichten.de\/wp-content\/uploads\/2013\/09\/Prof.-Mallwitz-204x265.jpg 204w, https:\/\/www.fuldaernachrichten.de\/wp-content\/uploads\/2013\/09\/Prof.-Mallwitz-462x600.jpg 462w, https:\/\/www.fuldaernachrichten.de\/wp-content\/uploads\/2013\/09\/Prof.-Mallwitz.jpg 600w\" sizes=\"(max-width: 265px) 100vw, 265px\" \/>Fulda. Dr.-Ing. Regine Mallwitz wird zum Wintersemester 2013\/14 als Professorin an die Hochschule Fulda berufen. Sie \u00fcbernimmt das neu geschaffene Fachgebiet \u201eErneuerbare Energien und Elektromobilit\u00e4t\u201c im Fachbereich Elektrotechnik und Informationstechnik.<\/p>\n<p>Ihr Studium der Elektrotechnik an der Otto-von-Guericke-Universit\u00e4t Magdeburg mit dem Schwerpunkt Leistungselektronik schloss sie 1994 mit einer Diplomarbeit \u00fcber den Einsatz von hochsperrenden Halbleiterschaltern in Excimer Lasern, durchgef\u00fchrt bei der LAMBDA PHYSIK GmbH G\u00f6ttingen, ab. Nach T\u00e4tigkeiten als Entwicklungsingenieurin f\u00fcr Festk\u00f6rper-Laser bei der LISA Laser Products OHG Katlenburg-Lindau promovierte sie an der Universit\u00e4t Kassel auf dem Gebiet der elektromagnetischen Messtechnik. Sie war mehrere Jahre als Entwicklungsingenieurin bei der Infineon-Tochter eupec GmbH Warstein t\u00e4tig und dort u.a. f\u00fcr die 1700V IGBT Modul-Familie verantwortlich. Bei der SMA Solar Technology AG, dem Weltmarktf\u00fchrer f\u00fcr Photovoltaik-Wechselrichter, war sie in verschiedenen Positionen im Entwicklungsbereich t\u00e4tig \u2013 zuletzt als Abteilungsleiterin f\u00fcr die Abteilung Inverter Systems Technology mit dem Schwerpunkt \u00c2\u00a0Technologieentwicklung in der Leistungselektronik, Geh\u00e4use- sowie Rechnertechnik.<!--more--><\/p>\n<p>Dr.-Ing. Regine Mallwitz hat in zahlreichen Beitr\u00e4gen auf internationaler und nationaler Ebene sowie einer Vielzahl von Patenten ihre Expertise auf dem Gebiet der leistungselektronischen Energiewandler, speziell f\u00fcr erneuerbare Energien und insbesondere f\u00fcr die Photovoltaik, nachgewiesen. Ihr Forschungsinteresse liegt auf den Gebieten Leistungswandler f\u00fcr erneuerbare Energien und dem Einsatz neuartiger Leistungshalbleiter. Dr.-Ing. Regine Mallwitz ist Mitglied des Tagungsausschusses f\u00fcr die Fachtagung &#8220;Leistungselektronik in der Energieversorgung\u201c anl\u00e4sslich des ETG Kongresses 2013 in Berlin.<\/p>\n","protected":false},"excerpt":{"rendered":"<div class=\"tmnf_excerpt\"><p>Fulda. Dr.-Ing. Regine Mallwitz wird zum Wintersemester 2013\/14 als Professorin an die Hochschule Fulda berufen. Sie \u00fcbernimmt das neu geschaffene Fachgebiet \u201eErneuerbare Energien und Elektromobilit\u00e4t\u201c im Fachbereich Elektrotechnik und Informationstechnik. Ihr Studium der Elektrotechnik an der Otto-von-Guericke-Universit\u00e4t Magdeburg mit dem Schwerpunkt Leistungselektronik schloss sie 1994 mit einer Diplomarbeit \u00fcber den Einsatz von hochsperrenden Halbleiterschaltern in &hellip;<\/p>\n<\/div>","protected":false},"author":1,"featured_media":0,"comment_status":"closed","ping_status":"closed","sticky":false,"template":"","format":"standard","meta":{"footnotes":""},"categories":[1,48],"tags":[],"class_list":["post-113993","post","type-post","status-publish","format-standard","hentry","category-startseite","category-forschung"],"_links":{"self":[{"href":"https:\/\/www.fuldaernachrichten.de\/index.php?rest_route=\/wp\/v2\/posts\/113993","targetHints":{"allow":["GET"]}}],"collection":[{"href":"https:\/\/www.fuldaernachrichten.de\/index.php?rest_route=\/wp\/v2\/posts"}],"about":[{"href":"https:\/\/www.fuldaernachrichten.de\/index.php?rest_route=\/wp\/v2\/types\/post"}],"author":[{"embeddable":true,"href":"https:\/\/www.fuldaernachrichten.de\/index.php?rest_route=\/wp\/v2\/users\/1"}],"replies":[{"embeddable":true,"href":"https:\/\/www.fuldaernachrichten.de\/index.php?rest_route=%2Fwp%2Fv2%2Fcomments&post=113993"}],"version-history":[{"count":1,"href":"https:\/\/www.fuldaernachrichten.de\/index.php?rest_route=\/wp\/v2\/posts\/113993\/revisions"}],"predecessor-version":[{"id":113995,"href":"https:\/\/www.fuldaernachrichten.de\/index.php?rest_route=\/wp\/v2\/posts\/113993\/revisions\/113995"}],"wp:attachment":[{"href":"https:\/\/www.fuldaernachrichten.de\/index.php?rest_route=%2Fwp%2Fv2%2Fmedia&parent=113993"}],"wp:term":[{"taxonomy":"category","embeddable":true,"href":"https:\/\/www.fuldaernachrichten.de\/index.php?rest_route=%2Fwp%2Fv2%2Fcategories&post=113993"},{"taxonomy":"post_tag","embeddable":true,"href":"https:\/\/www.fuldaernachrichten.de\/index.php?rest_route=%2Fwp%2Fv2%2Ftags&post=113993"}],"curies":[{"name":"wp","href":"https:\/\/api.w.org\/{rel}","templated":true}]}}