{"id":113845,"date":"2013-09-11T00:09:08","date_gmt":"2013-09-11T00:09:08","guid":{"rendered":"http:\/\/www.fuldaer-nachrichten.de\/?p=113845"},"modified":"2013-09-11T05:58:26","modified_gmt":"2013-09-11T05:58:26","slug":"fuldaer-tafel-registriert-steigende-altersarmut","status":"publish","type":"post","link":"https:\/\/www.fuldaernachrichten.de\/?p=113845","title":{"rendered":"Fuldaer Tafel registriert steigende Altersarmut"},"content":{"rendered":"<p><img fetchpriority=\"high\" decoding=\"async\" class=\"alignnone size-full wp-image-113846\" alt=\"Verkaufsraum Fuldaer Tafel\" src=\"http:\/\/www.fuldaer-nachrichten.de\/wp-content\/uploads\/2013\/09\/Verkaufsraum-Fuldaer-Tafel.jpg\" width=\"560\" height=\"358\" \/><\/p>\n<p>Fulda. Bei rund 19.000 Abholungen nutzten im vergangenen Jahr bed\u00fcrftige Menschen die Gelegenheit, bei der Fuldaer Tafel frische Lebensmittel einzukaufen, die ohne das Engagement dieser Organisation und ihrer vielen freiwilligen Helfer vernichtet worden w\u00e4ren. Rund 2500 Menschen leistete die Tafel damit existentielle Hilfe, darunter fast 1000 Kindern. Im Laden der Fuldaer Tafel in der Weserstra\u00dfe wurden in jeder Woche an jeweils drei Verkaufstagen rund 8 bis 10 Tonnen Lebensmittel verteilt. Dieses Fazit zog der erste Vorsitzende Heinz Steege bei der Mitgliederversammlung der Fuldaer Tafel im Haus Oranien.<!--more--><\/p>\n<p>Die Zahl der Abholungen ist im Jahr 2012 nach Angaben Steeges im Vergleich zum Vorjahr damit stabil geblieben. Dies wertete er als Beleg f\u00fcr den verantwortungsbewussten Umgang der Kunden mit dem Hilfsangebot der Tafel: \u201eDie Menschen kommen nur zu uns, wenn sie wirklich darauf angewiesen sind.\u201c So spiegele sich die Arbeitslosenzahl in der Stadt und im Landkreis Fulda direkt in der Zahl der Tafelkunden wider. Prozentual verdoppelt hat sich die Kundenzahl der Fuldaer Tafel allerdings bei Rentnerinnen und Rentnern, die nur geringe Renten bez\u00f6gen oder auf Grundsicherung angewiesen sind. \u201eDies ist ein Indiz f\u00fcr das wachsende Problem der Altersarmut\u201c, konstatierte Steege.<\/p>\n<p>Den 130 ehrenamtlichen Helfern der Fuldaer Tafel galt Heinz Steeges \u00c2\u00a0besonderer Dank: \u201cOhne diesen gro\u00dfartigen Einsatz ginge gar nichts\u201c, betonte er. An jedem Verkaufstag werden, so Steege, 30 aktive Helferinnen und Helfer gebraucht, um den reibungslosen Ablauf der Lebensmittelausgabe bew\u00e4ltigen zu k\u00f6nnen.<\/p>\n<p>Als besonders erfreuliche Ereignisse des Jahres 2012 nannte Steege die \u201eSternennacht\u201c mit vier Spitzenk\u00f6chen als karitativen Event zu Gunsten der Fuldaer Tafel, die vorweihnachtliche Spielzeugaktion f\u00fcr die Tafel-Kinder sowie die Unterst\u00fctzung der Schulkinder mit Schulmaterialien und B\u00fcchern durch die Hilfe der Sponsoren jollydent e.V., des STAPLES-Fachmarktes, der Stiftung Selbst-Los, der rotaract-Mitglieder und des Fachmarktes DSBO. Mit gro\u00dfz\u00fcgiger Unterst\u00fctzung aus den LIDL-Kundenspenden \u00fcber den Pfandspendenknopf konnten im vergangenen Jahr ein neues K\u00fchlaggregat f\u00fcr leicht verderbliche Lebensmittel und eine neue Industrie-Sp\u00fclmaschine finanziert werden.<\/p>\n<p>Mit Bedauern teilte Heinz Steege der Mitgliederversammlung mit, dass Rechtsanwalt Klaus Hutzel, Gr\u00fcndungsmitglied der Fuldaer Tafel und von Beginn an in der Tafelarbeit und im Vorstand engagiert, seine Vorstandst\u00e4tigkeit beendet. F\u00fcr ihn wird k\u00fcnftig Professor Winfried Fassbinder, ebenfalls seit 2004 Mitglied und F\u00f6rderer der Fuldaer Tafel, dem erweiterten Vorstand angeh\u00f6ren.<\/p>\n<p>Die Gr\u00fc\u00dfe und den Dank des Schirmherrn der Fuldaer Tafel e.V., Oberb\u00fcrgermeister Gerhard M\u00f6ller, \u00fcberbrachte mit einer engagierten Rede Stadtrat Wolfgang Arnold, der selbst regelm\u00e4\u00dfig in jeder Woche als ehrenamtlicher Helfer bei der Fuldaer Tafel t\u00e4tig ist.<\/p>\n<p>Schatzmeisterin Barbara Hermann berichtete von einer stabilen finanziellen Situation der Fuldaer Tafel, zu der erneut mehrere Gro\u00dfspenden beigetragen haben. Die Kassenpr\u00fcfer bescheinigten der Schatzmeisterin eine sehr sorgf\u00e4ltige Kassenf\u00fchrung und beantragten ihre Entlastung. Auf Antrag eines Mitglieds wurde dem gesamten Vorstand mit den Stimmen aller anwesenden Mitglieder Entlastung erteilt.<\/p>\n<p>&nbsp;<\/p>\n<p>&nbsp;<\/p>\n<p>&nbsp;<\/p>\n","protected":false},"excerpt":{"rendered":"<div class=\"tmnf_excerpt\"><p>Fulda. Bei rund 19.000 Abholungen nutzten im vergangenen Jahr bed\u00fcrftige Menschen die Gelegenheit, bei der Fuldaer Tafel frische Lebensmittel einzukaufen, die ohne das Engagement dieser Organisation und ihrer vielen freiwilligen Helfer vernichtet worden w\u00e4ren. Rund 2500 Menschen leistete die Tafel damit existentielle Hilfe, darunter fast 1000 Kindern. Im Laden der Fuldaer Tafel in der Weserstra\u00dfe &hellip;<\/p>\n<\/div>","protected":false},"author":1,"featured_media":0,"comment_status":"closed","ping_status":"closed","sticky":false,"template":"","format":"standard","meta":{"footnotes":""},"categories":[1,78],"tags":[],"class_list":["post-113845","post","type-post","status-publish","format-standard","hentry","category-startseite","category-topthema"],"_links":{"self":[{"href":"https:\/\/www.fuldaernachrichten.de\/index.php?rest_route=\/wp\/v2\/posts\/113845","targetHints":{"allow":["GET"]}}],"collection":[{"href":"https:\/\/www.fuldaernachrichten.de\/index.php?rest_route=\/wp\/v2\/posts"}],"about":[{"href":"https:\/\/www.fuldaernachrichten.de\/index.php?rest_route=\/wp\/v2\/types\/post"}],"author":[{"embeddable":true,"href":"https:\/\/www.fuldaernachrichten.de\/index.php?rest_route=\/wp\/v2\/users\/1"}],"replies":[{"embeddable":true,"href":"https:\/\/www.fuldaernachrichten.de\/index.php?rest_route=%2Fwp%2Fv2%2Fcomments&post=113845"}],"version-history":[{"count":1,"href":"https:\/\/www.fuldaernachrichten.de\/index.php?rest_route=\/wp\/v2\/posts\/113845\/revisions"}],"predecessor-version":[{"id":113847,"href":"https:\/\/www.fuldaernachrichten.de\/index.php?rest_route=\/wp\/v2\/posts\/113845\/revisions\/113847"}],"wp:attachment":[{"href":"https:\/\/www.fuldaernachrichten.de\/index.php?rest_route=%2Fwp%2Fv2%2Fmedia&parent=113845"}],"wp:term":[{"taxonomy":"category","embeddable":true,"href":"https:\/\/www.fuldaernachrichten.de\/index.php?rest_route=%2Fwp%2Fv2%2Fcategories&post=113845"},{"taxonomy":"post_tag","embeddable":true,"href":"https:\/\/www.fuldaernachrichten.de\/index.php?rest_route=%2Fwp%2Fv2%2Ftags&post=113845"}],"curies":[{"name":"wp","href":"https:\/\/api.w.org\/{rel}","templated":true}]}}