{"id":113533,"date":"2013-09-04T00:38:23","date_gmt":"2013-09-04T00:38:23","guid":{"rendered":"http:\/\/www.fuldaer-nachrichten.de\/?p=113533"},"modified":"2013-09-04T05:44:28","modified_gmt":"2013-09-04T05:44:28","slug":"5-wochen-5-trails-hessen-2013-das-groesste-wanderabenteuer-deutschlands-mitwandertag-auf-der-haubentour","status":"publish","type":"post","link":"https:\/\/www.fuldaernachrichten.de\/?p=113533","title":{"rendered":"5 Wochen \u2013 5 Trails Hessen 2013: Das gr\u00f6\u00dfte Wanderabenteuer Deutschlands &#8211; Mitwandertag auf der Haubentour"},"content":{"rendered":"<p><img fetchpriority=\"high\" decoding=\"async\" class=\"alignnone size-full wp-image-113537\" alt=\"DSC_4647\" src=\"http:\/\/www.fuldaer-nachrichten.de\/wp-content\/uploads\/2013\/09\/DSC_4647.jpg\" width=\"560\" height=\"353\" \/><\/p>\n<p>Wiesbaden\/Rh\u00f6n. \u201e5 Wochen \u2013 5 Trails Hessen 2013\u201c ist das gr\u00f6\u00dfte Wanderabenteuer Deutschlands: F\u00fcnf Menschen wandern f\u00fcnf Wochen lang durch Hessen und lernen so die hessischen Regionen von ihren spannendsten und reizvollsten Seiten kennen: Vom 08. bis 11.09.2013 entdecken die f\u00fcnf Abenteurer die Rh\u00f6n.\u00c2\u00a0 Am Sonntag, den 8. September, kann man gemeinsam mit den Teilnehmern auf der Haubentour wandern. Start ist um 9:30 Uhr am Hotel \u201eZum Taufstein\u201c in Kalbach Sparhof, in Heubach wird die alte Synagoge besichtigt mit anschlie\u00dfender Mittagsrast im Landgasthof Rh\u00f6nsicht. Gef\u00fchrt wird die ca. 20 km lange Rundtour vom Heimatverein Heubach. Die Teilnahme ist kostenlos Anmeldungen bei der Rh\u00f6n Tourismus &amp; Service GmbH Tel. 06654 918340. In den n\u00e4chsten Tagen erwandern die 5 Akteure die Extratouren \u201eRotes Moor\u201c und \u201eGuckaisee\u201c, um am Mittwoch, die Rh\u00f6n mit dem Fahrrad auf \u00c2\u00a0dem Fuldaradweg R1 Richtung Schlitz zu verlassen.<\/p>\n<p><strong>Foto:<\/strong> Max Colin Heydenreich<br \/>\n<!--more--><\/p>\n<p>\u201eMit dem Event machen wir deutschlandweit auf das abwechslungsreiche Angebot der hessischen Regionen und St\u00e4dte aufmerksam und zeigen, wie lohnenswert ein Besuch vor Ort ist. Dabei setzen wir auch auf soziale Netzwerke wie Facebook, wo die f\u00fcnf Teilnehmer live \u00fcber ihre Erlebnisse berichten werden. Au\u00dferdem wird ein Filmteam das Abenteuer dokumentieren und \u00fcber YouTube einem breiten Publikum zug\u00e4nglich machen\u201c, so Stefan Zindler, Leiter Tourismus- und Kongressmarketing der Hessen Agentur. \u201eWandern macht gl\u00fccklich, ist gesund und entstresst ungemein \u2013 und die hessischen Regionen verf\u00fcgen \u00fcber wunderbare Landschaften und qualitativ hochwertige Wanderwege, um diesem Vergn\u00fcgen nachzukommen\u201c, sagt Wandermagazin-Chefradakteur Michael S\u00e4nger.<\/p>\n<p>\u201eWir freuen uns deshalb \u00fcber die Kooperation mit der Hessen Agentur und auf die interessanten und originellen hessischen Wanderregionen. Besonders freuen wir uns dar\u00fcber, dass wir VAUDE Sport erneut als Ausr\u00fcstungspartner sowie Buchbinder als Mobilit\u00e4tspartner gewinnen konnten und dass die Sendung \u201ehessentipp\u201c im hr-Fernsehen das Event vom Start im Odenwald bis zum Ziel in Nordhessen begleiten wird.\u201c Bereits zum dritten Mal realisiert die Hessen Agentur in Kooperation mit der Zeitschrift Wandermagazin das Wanderabenteuer \u201e5 Wochen \u2013 5 Trails Hessen\u201c. Vom 31. August bis zum 1. Oktober 2013 legen die f\u00fcnf Wanderlustigen, die in einem deutschlandweiten Bewerbungsverfahren aus rund 100 Kandidaten ausgew\u00e4hlt wurden, t\u00e4glich Strecken von bis zu 20 Kilometern zur\u00fcck. Hautnah und authentisch k\u00f6nnen sie sich von dem hohen Erlebniswert der hessischen Wanderwege \u00fcberzeugen, besuchen die kulturellen Sehensw\u00fcrdigkeiten entlang der Routenf\u00fchrung und entspannen in Thermen. F\u00fcr das Team der Entdecker stehen der Odenwald, das Lahntal, die Rh\u00f6n, der Vogelsberg, die Hessischen Heilb\u00e4der und Kurorte, Frankfurt am Main und die GrimmHeimat NordHessen auf dem Programm.<\/p>\n<p>Auf <a href=\"http:\/\/www.5wochen5trails.de\" target=\"_blank\"><span style=\"text-decoration: underline;\">www.5wochen5trails.de<\/span><\/a> wird der komplette Wegeverlauf im \u00dcberblick gezeigt. Dort finden Interessierte auch Details zu den jeweiligen Tagesetappen, den Gastgebern entlang der Routen sowie die Einbindung des st\u00e4ndig aktualisierten Wandertagebuches der Abenteurer.<\/p>\n<p>Weitere Informationen unter: <a href=\"http:\/\/www.5wochen5trails.de\" target=\"_blank\"><span style=\"text-decoration: underline;\">www.5wochen5trails.de<\/span><\/a> und <a href=\"http:\/\/www.rhoen.de\" target=\"_blank\"><span style=\"text-decoration: underline;\">www.rhoen.de<\/span><\/a><\/p>\n<p>\u201e5 Wochen \u2013 5 Trails Hessen 2013 bei Facebook:<\/p>\n<p><a href=\"http:\/\/www.facebook.com\/5wochen5trails\">www.facebook.com\/5wochen5trails<\/a><\/p>\n<p>\u201e5 Wochen \u2013 5 Trails Hessen 2013 bei Youtube:<\/p>\n<p><a href=\"http:\/\/www.youtube.com\/5wochen5trails\">www.youtube.com\/5wochen5trails<\/a><\/p>\n","protected":false},"excerpt":{"rendered":"<div class=\"tmnf_excerpt\"><p>Wiesbaden\/Rh\u00f6n. \u201e5 Wochen \u2013 5 Trails Hessen 2013\u201c ist das gr\u00f6\u00dfte Wanderabenteuer Deutschlands: F\u00fcnf Menschen wandern f\u00fcnf Wochen lang durch Hessen und lernen so die hessischen Regionen von ihren spannendsten und reizvollsten Seiten kennen: Vom 08. bis 11.09.2013 entdecken die f\u00fcnf Abenteurer die Rh\u00f6n.\u00c2\u00a0 Am Sonntag, den 8. September, kann man gemeinsam mit den Teilnehmern &hellip;<\/p>\n<\/div>","protected":false},"author":1,"featured_media":0,"comment_status":"closed","ping_status":"closed","sticky":false,"template":"","format":"standard","meta":{"footnotes":""},"categories":[1,78,52],"tags":[],"class_list":["post-113533","post","type-post","status-publish","format-standard","hentry","category-startseite","category-topthema","category-umwelt"],"_links":{"self":[{"href":"https:\/\/www.fuldaernachrichten.de\/index.php?rest_route=\/wp\/v2\/posts\/113533","targetHints":{"allow":["GET"]}}],"collection":[{"href":"https:\/\/www.fuldaernachrichten.de\/index.php?rest_route=\/wp\/v2\/posts"}],"about":[{"href":"https:\/\/www.fuldaernachrichten.de\/index.php?rest_route=\/wp\/v2\/types\/post"}],"author":[{"embeddable":true,"href":"https:\/\/www.fuldaernachrichten.de\/index.php?rest_route=\/wp\/v2\/users\/1"}],"replies":[{"embeddable":true,"href":"https:\/\/www.fuldaernachrichten.de\/index.php?rest_route=%2Fwp%2Fv2%2Fcomments&post=113533"}],"version-history":[{"count":3,"href":"https:\/\/www.fuldaernachrichten.de\/index.php?rest_route=\/wp\/v2\/posts\/113533\/revisions"}],"predecessor-version":[{"id":113538,"href":"https:\/\/www.fuldaernachrichten.de\/index.php?rest_route=\/wp\/v2\/posts\/113533\/revisions\/113538"}],"wp:attachment":[{"href":"https:\/\/www.fuldaernachrichten.de\/index.php?rest_route=%2Fwp%2Fv2%2Fmedia&parent=113533"}],"wp:term":[{"taxonomy":"category","embeddable":true,"href":"https:\/\/www.fuldaernachrichten.de\/index.php?rest_route=%2Fwp%2Fv2%2Fcategories&post=113533"},{"taxonomy":"post_tag","embeddable":true,"href":"https:\/\/www.fuldaernachrichten.de\/index.php?rest_route=%2Fwp%2Fv2%2Ftags&post=113533"}],"curies":[{"name":"wp","href":"https:\/\/api.w.org\/{rel}","templated":true}]}}