{"id":113408,"date":"2013-09-01T00:54:58","date_gmt":"2013-09-01T00:54:58","guid":{"rendered":"http:\/\/www.fuldaer-nachrichten.de\/?p=113408"},"modified":"2013-09-01T15:00:12","modified_gmt":"2013-09-01T15:00:12","slug":"toller-liederabend-mit-gaensehaut-feeling-endlich-maenner-live-im-barockgarten-von-schloss-fasanerie","status":"publish","type":"post","link":"https:\/\/www.fuldaernachrichten.de\/?p=113408","title":{"rendered":"Toller Liederabend mit G\u00e4nsehaut-Feeling &#8211; \u201eEndlich M\u00e4nner live\u201c im Barockgarten von Schloss Fasanerie"},"content":{"rendered":"<p><img fetchpriority=\"high\" decoding=\"async\" class=\"alignnone size-full wp-image-113410\" alt=\"k-DSC01038\" src=\"http:\/\/www.fuldaer-nachrichten.de\/wp-content\/uploads\/2013\/09\/k-DSC01038.jpg\" width=\"560\" height=\"300\" \/><\/p>\n<p>Eichenzell. Am Samstagabend fanden sich namhafte M\u00e4nnerch\u00f6re in der wundersch\u00f6nen Kulisse des illuminierten Barockgartens von Schloss Fasanerie zu einem klangvollen und gelungenen Chorereignis ein. Zwar \u00fcberraschte ein Regenschauer kurz vor der Veranstaltung das gro\u00dfartigen Event, aber Petrus hatte ein Einsehen und schob die Regenwolken p\u00fcnktlich zum Veranstaltungsbeginn weiter.<!--more--><\/p>\n<p><img decoding=\"async\" class=\"alignleft size-thumbnail wp-image-113409\" alt=\"k-DSC01025\" src=\"http:\/\/www.fuldaer-nachrichten.de\/wp-content\/uploads\/2013\/09\/k-DSC01025-265x148.jpg\" width=\"265\" height=\"148\" srcset=\"https:\/\/www.fuldaernachrichten.de\/wp-content\/uploads\/2013\/09\/k-DSC01025-265x148.jpg 265w, https:\/\/www.fuldaernachrichten.de\/wp-content\/uploads\/2013\/09\/k-DSC01025.jpg 600w\" sizes=\"(max-width: 265px) 100vw, 265px\" \/> <img decoding=\"async\" class=\"alignleft size-thumbnail wp-image-113411\" alt=\"k-DSC01044\" src=\"http:\/\/www.fuldaer-nachrichten.de\/wp-content\/uploads\/2013\/09\/k-DSC01044-265x148.jpg\" width=\"265\" height=\"148\" srcset=\"https:\/\/www.fuldaernachrichten.de\/wp-content\/uploads\/2013\/09\/k-DSC01044-265x148.jpg 265w, https:\/\/www.fuldaernachrichten.de\/wp-content\/uploads\/2013\/09\/k-DSC01044.jpg 600w\" sizes=\"(max-width: 265px) 100vw, 265px\" \/><\/p>\n<p>&nbsp;<\/p>\n<p>&nbsp;<\/p>\n<p>&nbsp;<\/p>\n<p>&nbsp;<\/p>\n<p>Der M\u00e4nnergesangverein Loreley Engelhelms hatte anl\u00e4sslich seines 90-j\u00e4hrigen Geburtstages zu \u201eEndlich M\u00e4nner live\u201c geladen. Der Einladung zu dem Chorevent der besonderen Art waren aus dem benachbarten Bundesland Rheinland-Pfalz \u2013 MGV Germania Saulheim, aus Nordrhein-Westfalen der M\u00e4nnerchor \u201eMozart\u201c Niederdresselndorf,\u00c2\u00a0 aus dem Landkreis Gie\u00dfen der MGV Liederkranz Cleeberg, aus der Wetterau der MGV Liederkranz Gedern und aus der Region Fulda der Polizeichor Fulda, der S\u00e4ngerchor Harmonie Steinbach, der Knabenchor Marianum Fulda und der MGV Landenhausen gefolgt.<\/p>\n<p>Der Gastgeber selbst stand nat\u00fcrlich auch auf der B\u00fchne und er\u00f6ffnete das Konzert unter Leitung von Gregor Botzet mit dem Lied \u201eMusik verbindet alle Welt\u201c.<\/p>\n<p><img loading=\"lazy\" decoding=\"async\" class=\"alignleft size-thumbnail wp-image-113415\" alt=\"k-DSC01061\" src=\"http:\/\/www.fuldaer-nachrichten.de\/wp-content\/uploads\/2013\/09\/k-DSC01061-265x148.jpg\" width=\"265\" height=\"148\" srcset=\"https:\/\/www.fuldaernachrichten.de\/wp-content\/uploads\/2013\/09\/k-DSC01061-265x148.jpg 265w, https:\/\/www.fuldaernachrichten.de\/wp-content\/uploads\/2013\/09\/k-DSC01061.jpg 600w\" sizes=\"(max-width: 265px) 100vw, 265px\" \/>\u00c2\u00a0 <img loading=\"lazy\" decoding=\"async\" class=\"alignleft size-thumbnail wp-image-113413\" alt=\"k-DSC01077\" src=\"http:\/\/www.fuldaer-nachrichten.de\/wp-content\/uploads\/2013\/09\/k-DSC01077-265x148.jpg\" width=\"265\" height=\"148\" srcset=\"https:\/\/www.fuldaernachrichten.de\/wp-content\/uploads\/2013\/09\/k-DSC01077-265x148.jpg 265w, https:\/\/www.fuldaernachrichten.de\/wp-content\/uploads\/2013\/09\/k-DSC01077.jpg 600w\" sizes=\"(max-width: 265px) 100vw, 265px\" \/><\/p>\n<p>&nbsp;<\/p>\n<p>&nbsp;<\/p>\n<p>&nbsp;<\/p>\n<p>&nbsp;<\/p>\n<p>Das Repertoire der einzelnen Vortr\u00e4ge umfassten alte Hymnen wie \u201eAve Maria Stella\u201c, ein Pinzgauer Wallfahrtslied, Volkslieder aus verschiedenen L\u00e4ndern, Spirituals und \u00c2\u00a0Gospels wie \u201eLord hold me\u201c vorgetragen von dem Knabenchor des Marianums, deren Musicis durch Konzertreisen in viele St\u00e4dte Deutschlands und Europas bekannt sind. Auf M\u00e4nnerch\u00f6re umgearbeitete Hits von bekannten S\u00e4ngers oder S\u00e4ngergruppen und nat\u00fcrlich auch Lieder von bekannten Komponisten wie Franz Schubert, Herrmann Bruckner, Klaus Ochs und Friedrich Silcher erklangen. Es wurde der Chiantiwein besungen und nat\u00fcrlich einige echte Ohrw\u00fcrmer wie das Montanara-Lied f\u00fcr M\u00e4nnerch\u00f6re vorgetragen.<\/p>\n<p>Besonders zu erw\u00e4hnen ist, das der am weitest gereiste Chor, der Saulheimer M\u00e4nnerchor, vierfacher Meisterchor im Chorverbund Rheinland-Pfalz ist und im November dieses Jahres zum f\u00fcnften Mal diesen Titel nach Hause nehmen will. Ebenso ist der M\u00e4nnerchor Mozart aus Niederdresselndorf mit sieben Meistertiteln im Chorverband Nordrhein-Westfalen eine feste Gr\u00f6\u00dfe. Ein absoluter H\u00f6rgenuss war der M\u00e4nnerchor Liederkranz Cleeberg, der im vergangenem Jahr als Sieger hessisches Chorstudio hervorging.<\/p>\n<p><img loading=\"lazy\" decoding=\"async\" class=\"alignleft size-thumbnail wp-image-113414\" alt=\"k-DSC01096\" src=\"http:\/\/www.fuldaer-nachrichten.de\/wp-content\/uploads\/2013\/09\/k-DSC01096-265x148.jpg\" width=\"265\" height=\"148\" srcset=\"https:\/\/www.fuldaernachrichten.de\/wp-content\/uploads\/2013\/09\/k-DSC01096-265x148.jpg 265w, https:\/\/www.fuldaernachrichten.de\/wp-content\/uploads\/2013\/09\/k-DSC01096.jpg 600w\" sizes=\"(max-width: 265px) 100vw, 265px\" \/>Neben den Gru\u00dfworten vom Schirmherr Michael Brand, der ein geb\u00fcrtiger Engelhelmser ist, hat Brigitte Griebel als stellvertretende Vorsitzende des Rh\u00f6ns\u00e4ngerbundes Gregor Botzet f\u00fcr\u00c2\u00a0 25 Jahre als Dirigent geehrt. Herr Botzet hat in seinem urspr\u00fcnglichen Heimatort in Graach an der Mosel seit 1987 einen Chor geleitet. Durch den Wechsel ins Fuldaer Land gr\u00fcndete er im Jahre 1993 den jungen Chor in Bachrain, in 1997 \u00fcbernahm er dann den Liederkranz in \u00c2\u00a0K\u00fcnzell und seit 1999 den Engelhelmser M\u00e4nnerchor.<\/p>\n<p>Insgesamt war es f\u00fcr die ann\u00e4hernd fast 1000 Besucher ein toller Liederabend mit G\u00e4nsehaut-Feeling und zum kr\u00f6nenden Abschluss fanden sich nochmals alle ca. 300 mitwirkenden M\u00e4nner f\u00fcr das Hessenlied auf der B\u00fchne ein, das mit einem kleinen Feuerwerk hinter der B\u00fchne umrahmt wurde.<\/p>\n<p>&nbsp;<\/p>\n<p>&nbsp;<\/p>\n","protected":false},"excerpt":{"rendered":"<div class=\"tmnf_excerpt\"><p>Eichenzell. Am Samstagabend fanden sich namhafte M\u00e4nnerch\u00f6re in der wundersch\u00f6nen Kulisse des illuminierten Barockgartens von Schloss Fasanerie zu einem klangvollen und gelungenen Chorereignis ein. Zwar \u00fcberraschte ein Regenschauer kurz vor der Veranstaltung das gro\u00dfartigen Event, aber Petrus hatte ein Einsehen und schob die Regenwolken p\u00fcnktlich zum Veranstaltungsbeginn weiter.<\/p>\n<\/div>","protected":false},"author":1,"featured_media":0,"comment_status":"closed","ping_status":"closed","sticky":false,"template":"","format":"standard","meta":{"footnotes":""},"categories":[1,78],"tags":[],"class_list":["post-113408","post","type-post","status-publish","format-standard","hentry","category-startseite","category-topthema"],"_links":{"self":[{"href":"https:\/\/www.fuldaernachrichten.de\/index.php?rest_route=\/wp\/v2\/posts\/113408","targetHints":{"allow":["GET"]}}],"collection":[{"href":"https:\/\/www.fuldaernachrichten.de\/index.php?rest_route=\/wp\/v2\/posts"}],"about":[{"href":"https:\/\/www.fuldaernachrichten.de\/index.php?rest_route=\/wp\/v2\/types\/post"}],"author":[{"embeddable":true,"href":"https:\/\/www.fuldaernachrichten.de\/index.php?rest_route=\/wp\/v2\/users\/1"}],"replies":[{"embeddable":true,"href":"https:\/\/www.fuldaernachrichten.de\/index.php?rest_route=%2Fwp%2Fv2%2Fcomments&post=113408"}],"version-history":[{"count":1,"href":"https:\/\/www.fuldaernachrichten.de\/index.php?rest_route=\/wp\/v2\/posts\/113408\/revisions"}],"predecessor-version":[{"id":113416,"href":"https:\/\/www.fuldaernachrichten.de\/index.php?rest_route=\/wp\/v2\/posts\/113408\/revisions\/113416"}],"wp:attachment":[{"href":"https:\/\/www.fuldaernachrichten.de\/index.php?rest_route=%2Fwp%2Fv2%2Fmedia&parent=113408"}],"wp:term":[{"taxonomy":"category","embeddable":true,"href":"https:\/\/www.fuldaernachrichten.de\/index.php?rest_route=%2Fwp%2Fv2%2Fcategories&post=113408"},{"taxonomy":"post_tag","embeddable":true,"href":"https:\/\/www.fuldaernachrichten.de\/index.php?rest_route=%2Fwp%2Fv2%2Ftags&post=113408"}],"curies":[{"name":"wp","href":"https:\/\/api.w.org\/{rel}","templated":true}]}}