{"id":113231,"date":"2013-09-05T00:09:20","date_gmt":"2013-09-05T00:09:20","guid":{"rendered":"http:\/\/www.fuldaer-nachrichten.de\/?p=113231"},"modified":"2015-05-04T11:13:16","modified_gmt":"2015-05-04T09:13:16","slug":"fachtag-kindertagespflege-landkreis-fulda-2013","status":"publish","type":"post","link":"https:\/\/www.fuldaernachrichten.de\/?p=113231","title":{"rendered":"Gesund Aufwachsen in der Kindertagespflege &#8211;  Tagesm\u00fctter und -v\u00e4ter bildeten sich fort &#8211; Erster Fachtag rundum gelungen"},"content":{"rendered":"<p><img fetchpriority=\"high\" decoding=\"async\" class=\"alignnone size-full wp-image-113566\" src=\"http:\/\/www.fuldaer-nachrichten.de\/wp-content\/uploads\/2012\/08\/394-Fachtag.jpg\" alt=\"394-Fachtag\" width=\"560\" height=\"359\" \/><\/p>\n<p>Fulda. Sprach- und Bewegungsf\u00f6rderung, gesunde Ern\u00e4hrung und Sinneswahrnehmung \u2013 vier spannende Workshops standen am vergangenen Samstag beim ersten Fachtag f\u00fcr Tagesm\u00fctter und -v\u00e4ter auf dem Programm. Unter der \u00dcberschrift \u201eGesund Aufwachsen in der Kindertagespflege\u201c hatten die Fachstellen Kindertagespflege von Landkreis und Stadt Fulda die in der Kindertagespflege t\u00e4tigen Personen zur Weiterbildungsveranstaltung in die Volkshochschule des Landkreises Fulda eingeladen. Mit rund 80 Teilnehmer\/-innen war die Resonanz sehr gro\u00df.<b> <\/b><\/p>\n<p><strong>Fotos:<\/strong> Max Colin Heydenreich<!--more--><\/p>\n<p><a title=\"Foto: Max Colin Heydenreich\" href=\"http:\/\/www.fuldaer-nachrichten.de\/wp-content\/uploads\/2013\/08\/130828_tagung_001.jpg\" target=\"_blank\" rel=\"lightbox[roadtrip]\"><img decoding=\"async\" src=\"http:\/\/www.fuldaer-nachrichten.de\/wp-content\/uploads\/2013\/08\/130828_tagung_001.thumbnail.jpg\" alt=\"130828_tagung_001.jpg\" width=\"250\" \/><\/a> <a title=\"Foto: Max Colin Heydenreich\" href=\"http:\/\/www.fuldaer-nachrichten.de\/wp-content\/uploads\/2013\/08\/130828_tagung_002.jpg\" target=\"_blank\" rel=\"lightbox[roadtrip]\"><img decoding=\"async\" src=\"http:\/\/www.fuldaer-nachrichten.de\/wp-content\/uploads\/2013\/08\/130828_tagung_002.thumbnail.jpg\" alt=\"130828_tagung_002.jpg\" width=\"250\" \/><\/a><\/p>\n<p>Auf die Bedeutung der Gesundheitsf\u00f6rderung im fr\u00fchen Kindesalter ging Christiane Becker-Ott von der Fachstelle Kindertagespflege der Stadt Fulda bei der Begr\u00fc\u00dfung ein. Sie pr\u00e4sentierte die Ergebnisse aktueller Untersuchungen zur Kindergesundheit und verdeutlichte, wie wichtig eine gezielte F\u00f6rderung im Rahmen der Kindertagespflege ist. \u201eDiese Tagung soll den Tagesm\u00fcttern und -v\u00e4tern zeigen, mit welchen Anregungen und Methoden sie die Gesundheit des Tageskindes im Alltag konkret und m\u00f6glichst nachhaltig f\u00f6rdern k\u00f6nnen\u201c, betonte Becker-Ott.<\/p>\n<p><a title=\"Foto: Max Colin Heydenreich\" href=\"http:\/\/www.fuldaer-nachrichten.de\/wp-content\/uploads\/2013\/08\/130828_tagung_003.jpg\" target=\"_blank\" rel=\"lightbox[roadtrip]\"><img decoding=\"async\" src=\"http:\/\/www.fuldaer-nachrichten.de\/wp-content\/uploads\/2013\/08\/130828_tagung_003.thumbnail.jpg\" alt=\"130828_tagung_003.jpg\" width=\"250\" \/><\/a> <a title=\"Foto: Max Colin Heydenreich\" href=\"http:\/\/www.fuldaer-nachrichten.de\/wp-content\/uploads\/2013\/08\/130828_tagung_004.jpg\" target=\"_blank\" rel=\"lightbox[roadtrip]\"><img decoding=\"async\" src=\"http:\/\/www.fuldaer-nachrichten.de\/wp-content\/uploads\/2013\/08\/130828_tagung_004.thumbnail.jpg\" alt=\"130828_tagung_004.jpg\" width=\"250\" \/><\/a><\/p>\n<p>Gesundheitsdezernent und Erster Kreisbeigeordneter Dr. Heiko Wingenfeld, der Gru\u00dfworte f\u00fcr den Landkreis und stellvertretend f\u00fcr die Stadt Fulda \u00fcberbrachte, dankte den Tagesm\u00fcttern und -v\u00e4tern herzlich f\u00fcr ihren Einsatz. \u201eWir sind sehr froh, dass es Sie gibt und dass wir inzwischen eine so gro\u00dfe Vielfalt in der Kinderbetreuung erreicht haben.\u201c Die Kindertagespflege in Stadt und Landkreis Fulda genie\u00dfe hessenweit einen guten Ruf. \u201eDass liegt daran, dass Sie gut qualifiziert sind, sich selbst weiterentwickeln m\u00f6chten und kontinuierlich weiterbilden\u201c, betonte der Erste Kreisbeigeordnete.<\/p>\n<p><a title=\"Foto: Max Colin Heydenreich\" href=\"http:\/\/www.fuldaer-nachrichten.de\/wp-content\/uploads\/2013\/08\/130828_tagung_005.jpg\" target=\"_blank\" rel=\"lightbox[roadtrip]\"><img decoding=\"async\" src=\"http:\/\/www.fuldaer-nachrichten.de\/wp-content\/uploads\/2013\/08\/130828_tagung_005.thumbnail.jpg\" alt=\"130828_tagung_005.jpg\" width=\"250\" \/><\/a> <a title=\"Foto: Max Colin Heydenreich\" href=\"http:\/\/www.fuldaer-nachrichten.de\/wp-content\/uploads\/2013\/08\/130828_tagung_006.jpg\" target=\"_blank\" rel=\"lightbox[roadtrip]\"><img decoding=\"async\" src=\"http:\/\/www.fuldaer-nachrichten.de\/wp-content\/uploads\/2013\/08\/130828_tagung_006.thumbnail.jpg\" alt=\"130828_tagung_006.jpg\" width=\"250\" \/><\/a><\/p>\n<p>Er\u00f6ffnet wurde die Tagung mit einem Impulsvortrag von Elisabeth Kortmann. Die Kindertherapeutin und entwicklungspsychologische Beraterin lebt in Berlin und hat sich spezialisiert auf die Themen Fr\u00fche F\u00f6rderung und Inklusion. Kortmann vermittelte in ihrem Vortrag Basiswissen aus Neurobiologie und Entwicklungspsychologie. Dar\u00fcber hinaus gab sie wertvolle Tipps\u00c2\u00a0 zur Fr\u00fchf\u00f6rderung im Alltag.<\/p>\n<p><a title=\"Foto: Max Colin Heydenreich\" href=\"http:\/\/www.fuldaer-nachrichten.de\/wp-content\/uploads\/2013\/08\/130828_tagung_007.jpg\" target=\"_blank\" rel=\"lightbox[roadtrip]\"><img decoding=\"async\" src=\"http:\/\/www.fuldaer-nachrichten.de\/wp-content\/uploads\/2013\/08\/130828_tagung_007.thumbnail.jpg\" alt=\"130828_tagung_007.jpg\" width=\"250\" \/><\/a> <a title=\"Foto: Max Colin Heydenreich\" href=\"http:\/\/www.fuldaer-nachrichten.de\/wp-content\/uploads\/2013\/08\/130828_tagung_008.jpg\" target=\"_blank\" rel=\"lightbox[roadtrip]\"><img decoding=\"async\" src=\"http:\/\/www.fuldaer-nachrichten.de\/wp-content\/uploads\/2013\/08\/130828_tagung_008.thumbnail.jpg\" alt=\"130828_tagung_008.jpg\" width=\"250\" \/><\/a><\/p>\n<p>\u201eBildung\u201c, sagte die Expertin, \u201ef\u00e4ngt sehr fr\u00fch an. Es geht aber nicht darum, Wissen in das Kind hinein zu f\u00fcttern, sondern darum, dass ein ganzheitliches Lernen stattfindet. Dabei ist der liebevolle Kontakt zum Kind mindestens so wichtig wie Sprachf\u00f6rder- oder Bewegungsprogramme.\u201c Die Therapeutin unterstrich die Bedeutung der sicheren Bindung zu den Eltern als entscheidende Komponente, damit ein Kind die Welt erkunden und eine gute Beziehung zur Betreuungsperson aufbauen kann. \u201eDie Voraussetzung f\u00fcr die au\u00dferfamili\u00e4re Betreuung ist zwingend die sichere Bindung\u201c, betonte Kortmann. Anschlie\u00dfend streifte die Referentin wichtige\u00c2\u00a0 Themen wie Ern\u00e4hrung, Wahrnehmung und Bewegung, die Erziehungspartnerschaft mit den Eltern und die eigene Gesundheit der Kindertagespflegepersonen.<\/p>\n<p><a title=\"Foto: Max Colin Heydenreich\" href=\"http:\/\/www.fuldaer-nachrichten.de\/wp-content\/uploads\/2013\/08\/130828_tagung_009.jpg\" target=\"_blank\" rel=\"lightbox[roadtrip]\"><img decoding=\"async\" src=\"http:\/\/www.fuldaer-nachrichten.de\/wp-content\/uploads\/2013\/08\/130828_tagung_009.thumbnail.jpg\" alt=\"130828_tagung_009.jpg\" width=\"250\" \/><\/a> <a title=\"Foto: Max Colin Heydenreich\" href=\"http:\/\/www.fuldaer-nachrichten.de\/wp-content\/uploads\/2013\/08\/130828_tagung_010.jpg\" target=\"_blank\" rel=\"lightbox[roadtrip]\"><img decoding=\"async\" src=\"http:\/\/www.fuldaer-nachrichten.de\/wp-content\/uploads\/2013\/08\/130828_tagung_010.thumbnail.jpg\" alt=\"130828_tagung_010.jpg\" width=\"250\" \/><\/a><\/p>\n<p>Bevor die Schwerpunktthemen in den Workshops vertieft wurden, sorgte eine Comedy-Einlage f\u00fcr beste Unterhaltung und viele Lacher. Drei Tagesm\u00fctter hatten mit Unterst\u00fctzung der Kommunikationstrainerin und Dozentin Heike Pchalek-Michaelsen ein Kabarettst\u00fcck einstudiert, mit dem die\u00c2\u00a0 eigene \u201eZunft\u201c launig auf die Schippe genommen wurde.<\/p>\n<p><a title=\"Foto: Max Colin Heydenreich\" href=\"http:\/\/www.fuldaer-nachrichten.de\/wp-content\/uploads\/2013\/08\/130828_tagung_011.jpg\" target=\"_blank\" rel=\"lightbox[roadtrip]\"><img decoding=\"async\" src=\"http:\/\/www.fuldaer-nachrichten.de\/wp-content\/uploads\/2013\/08\/130828_tagung_011.thumbnail.jpg\" alt=\"130828_tagung_011.jpg\" width=\"250\" \/><\/a> <a title=\"Foto: Max Colin Heydenreich\" href=\"http:\/\/www.fuldaer-nachrichten.de\/wp-content\/uploads\/2013\/08\/130828_tagung_012.jpg\" target=\"_blank\" rel=\"lightbox[roadtrip]\"><img decoding=\"async\" src=\"http:\/\/www.fuldaer-nachrichten.de\/wp-content\/uploads\/2013\/08\/130828_tagung_012.thumbnail.jpg\" alt=\"130828_tagung_012.jpg\" width=\"250\" \/><\/a><\/p>\n<p>Die Verkn\u00fcpfung von Theorie und Praxis folgte in den einzelnen Workshops. Diplom-Oecotrophologin Bettina Meints-Korinth stellte Basiswissen zur gesunden Ern\u00e4hrung im S\u00e4uglings- und Kleinkindalter vor. So wurden Fertigprodukte unter die Lupe genommen, Rezepte f\u00fcr selbstgemachte Breie weitergegeben und gesunde Snacks wie Obstspie\u00dfe, Gem\u00fcselutscher oder Kr\u00e4uterdips selbst zubereitet.<\/p>\n<p><a title=\"Foto: Max Colin Heydenreich\" href=\"http:\/\/www.fuldaer-nachrichten.de\/wp-content\/uploads\/2013\/08\/130828_tagung_013.jpg\" target=\"_blank\" rel=\"lightbox[roadtrip]\"><img decoding=\"async\" src=\"http:\/\/www.fuldaer-nachrichten.de\/wp-content\/uploads\/2013\/08\/130828_tagung_013.thumbnail.jpg\" alt=\"130828_tagung_013.jpg\" width=\"250\" \/><\/a> <a title=\"Foto: Max Colin Heydenreich\" href=\"http:\/\/www.fuldaer-nachrichten.de\/wp-content\/uploads\/2013\/08\/130828_tagung_014.jpg\" target=\"_blank\" rel=\"lightbox[roadtrip]\"><img decoding=\"async\" src=\"http:\/\/www.fuldaer-nachrichten.de\/wp-content\/uploads\/2013\/08\/130828_tagung_014.thumbnail.jpg\" alt=\"130828_tagung_014.jpg\" width=\"250\" \/><\/a><\/p>\n<p>In die W\u00f6rterwelten der unter Dreij\u00e4hrigen tauchten die Teilnehmer des Workshops \u201eSprachentwicklung und Sprachf\u00f6rderung\u201c ein. Dozentin Alexandra Kehl erl\u00e4uterte den Sprachentwicklungsprozess und sprachf\u00f6rderliche Rahmenbedingungen. Dar\u00fcber hinaus zeigte sie, mit welchen Methoden \u2013 wie Lieder, Fingerspiele oder Bilderb\u00fccher &#8211; Sprachf\u00f6rderung im Alltag stattfinden kann.<\/p>\n<p><a title=\"Foto: Max Colin Heydenreich\" href=\"http:\/\/www.fuldaer-nachrichten.de\/wp-content\/uploads\/2013\/08\/130828_tagung_015.jpg\" target=\"_blank\" rel=\"lightbox[roadtrip]\"><img decoding=\"async\" src=\"http:\/\/www.fuldaer-nachrichten.de\/wp-content\/uploads\/2013\/08\/130828_tagung_015.thumbnail.jpg\" alt=\"130828_tagung_015.jpg\" width=\"250\" \/><\/a> <a title=\"Foto: Max Colin Heydenreich\" href=\"http:\/\/www.fuldaer-nachrichten.de\/wp-content\/uploads\/2013\/08\/130828_tagung_016.jpg\" target=\"_blank\" rel=\"lightbox[roadtrip]\"><img decoding=\"async\" src=\"http:\/\/www.fuldaer-nachrichten.de\/wp-content\/uploads\/2013\/08\/130828_tagung_016.thumbnail.jpg\" alt=\"130828_tagung_016.jpg\" width=\"250\" \/><\/a><\/p>\n<p>Dass die Bewegung die Grundlage f\u00fcr die gesamte Pers\u00f6nlichkeitsentwicklung des Kindes bildet, machte Dozentin Angelika B\u00e4rwinkel im Workshop \u201eBewegung mit Kleinkindern\u201c deutlich. So durften die Teilnehmerinnen die Bewegungsabl\u00e4ufe und Meilensteine der motorischen Entwicklung im fr\u00fchen Kindesalter quasi am eigenen Leib erfahren.<\/p>\n<p><a title=\"Foto: Max Colin Heydenreich\" href=\"http:\/\/www.fuldaer-nachrichten.de\/wp-content\/uploads\/2013\/08\/130828_tagung_017.jpg\" target=\"_blank\" rel=\"lightbox[roadtrip]\"><img decoding=\"async\" src=\"http:\/\/www.fuldaer-nachrichten.de\/wp-content\/uploads\/2013\/08\/130828_tagung_017.thumbnail.jpg\" alt=\"130828_tagung_017.jpg\" width=\"250\" \/><\/a> <a title=\"Foto: Max Colin Heydenreich\" href=\"http:\/\/www.fuldaer-nachrichten.de\/wp-content\/uploads\/2013\/08\/130828_tagung_018.jpg\" target=\"_blank\" rel=\"lightbox[roadtrip]\"><img decoding=\"async\" src=\"http:\/\/www.fuldaer-nachrichten.de\/wp-content\/uploads\/2013\/08\/130828_tagung_018.thumbnail.jpg\" alt=\"130828_tagung_018.jpg\" width=\"250\" \/><\/a><\/p>\n<p>Um die kindliche Entwicklung und Bedeutung der Sinneswahrnehmung drehte es sich im vierten Workshop, der von dem Ergotherapeuten Stefan Heinz geleitet wurde. Mit den Teilnehmerinnen erarbeitete er, wie man die Sinne des Kindes entwickeln, deren Wahrnehmung schulen und mit Spa\u00df und Freude lernen kann. Im anschlie\u00dfenden Plenum wurden die Ergebnisse der einzelnen Workshops vorgestellt.<\/p>\n<p>Sowohl die Teilnehmer\/-innen als auch die Organisatoren des Fachtags waren mit dem Ablauf und den Ergebnissen sehr zufrieden. \u201eWir haben ausschlie\u00dflich positive Resonanz erfahren\u201c, erkl\u00e4rte Falko Jana von der Fachstelle Kindertagespflege der Stadt Fulda. \u201eDas komprimierte Weiterbildungsangebot zu einem spannenden Oberthema und die kurzweilige Verkn\u00fcpfung von Theorie und Praxis im Rahmen der Workshops sind sehr gut bei den Kindertagespflegepersonen angekommen &#8211; so gut, dass ein zweiter Fachtag wohl nicht sehr lange auf sich warten lassen wird\u201c, erg\u00e4nzten Elke Krack-Drinnenberg und Kerstin Hohmann, Fachstelle Kindertagespflege Landkreis Fulda. (Dorit Heydenreich)<\/p>\n<p><a title=\"Foto: Max Colin Heydenreich\" href=\"http:\/\/www.fuldaer-nachrichten.de\/wp-content\/uploads\/2013\/08\/130828_tagung_019.jpg\" target=\"_blank\" rel=\"lightbox[roadtrip]\"><img decoding=\"async\" src=\"http:\/\/www.fuldaer-nachrichten.de\/wp-content\/uploads\/2013\/08\/130828_tagung_019.thumbnail.jpg\" alt=\"130828_tagung_019.jpg\" width=\"250\" \/><\/a> <a title=\"Foto: Max Colin Heydenreich\" href=\"http:\/\/www.fuldaer-nachrichten.de\/wp-content\/uploads\/2013\/08\/130828_tagung_020.jpg\" target=\"_blank\" rel=\"lightbox[roadtrip]\"><img decoding=\"async\" src=\"http:\/\/www.fuldaer-nachrichten.de\/wp-content\/uploads\/2013\/08\/130828_tagung_020.thumbnail.jpg\" alt=\"130828_tagung_020.jpg\" width=\"250\" \/><\/a><\/p>\n<p><a title=\"Foto: Max Colin Heydenreich\" href=\"http:\/\/www.fuldaer-nachrichten.de\/wp-content\/uploads\/2013\/08\/130828_tagung_021.jpg\" target=\"_blank\" rel=\"lightbox[roadtrip]\"><img decoding=\"async\" src=\"http:\/\/www.fuldaer-nachrichten.de\/wp-content\/uploads\/2013\/08\/130828_tagung_021.thumbnail.jpg\" alt=\"130828_tagung_021.jpg\" width=\"250\" \/><\/a> <a title=\"Foto: Max Colin Heydenreich\" href=\"http:\/\/www.fuldaer-nachrichten.de\/wp-content\/uploads\/2013\/08\/130828_tagung_022.jpg\" target=\"_blank\" rel=\"lightbox[roadtrip]\"><img decoding=\"async\" src=\"http:\/\/www.fuldaer-nachrichten.de\/wp-content\/uploads\/2013\/08\/130828_tagung_022.thumbnail.jpg\" alt=\"130828_tagung_022.jpg\" width=\"250\" \/><\/a><\/p>\n<p><a title=\"Foto: Max Colin Heydenreich\" href=\"http:\/\/www.fuldaer-nachrichten.de\/wp-content\/uploads\/2013\/08\/130828_tagung_023.jpg\" target=\"_blank\" rel=\"lightbox[roadtrip]\"><img decoding=\"async\" src=\"http:\/\/www.fuldaer-nachrichten.de\/wp-content\/uploads\/2013\/08\/130828_tagung_023.thumbnail.jpg\" alt=\"130828_tagung_023.jpg\" width=\"250\" \/><\/a> <a title=\"Foto: Max Colin Heydenreich\" href=\"http:\/\/www.fuldaer-nachrichten.de\/wp-content\/uploads\/2013\/08\/130828_tagung_024.jpg\" target=\"_blank\" rel=\"lightbox[roadtrip]\"><img decoding=\"async\" src=\"http:\/\/www.fuldaer-nachrichten.de\/wp-content\/uploads\/2013\/08\/130828_tagung_024.thumbnail.jpg\" alt=\"130828_tagung_024.jpg\" width=\"250\" \/><\/a><\/p>\n<p><a title=\"Foto: Max Colin Heydenreich\" href=\"http:\/\/www.fuldaer-nachrichten.de\/wp-content\/uploads\/2013\/08\/130828_tagung_025.jpg\" target=\"_blank\" rel=\"lightbox[roadtrip]\"><img decoding=\"async\" src=\"http:\/\/www.fuldaer-nachrichten.de\/wp-content\/uploads\/2013\/08\/130828_tagung_025.thumbnail.jpg\" alt=\"130828_tagung_025.jpg\" width=\"250\" \/><\/a> <a title=\"Foto: Max Colin Heydenreich\" href=\"http:\/\/www.fuldaer-nachrichten.de\/wp-content\/uploads\/2013\/08\/130828_tagung_026.jpg\" target=\"_blank\" rel=\"lightbox[roadtrip]\"><img decoding=\"async\" src=\"http:\/\/www.fuldaer-nachrichten.de\/wp-content\/uploads\/2013\/08\/130828_tagung_026.thumbnail.jpg\" alt=\"130828_tagung_026.jpg\" width=\"250\" \/><\/a><\/p>\n<p><a title=\"Foto: Max Colin Heydenreich\" href=\"http:\/\/www.fuldaer-nachrichten.de\/wp-content\/uploads\/2013\/08\/130828_tagung_027.jpg\" target=\"_blank\" rel=\"lightbox[roadtrip]\"><img decoding=\"async\" src=\"http:\/\/www.fuldaer-nachrichten.de\/wp-content\/uploads\/2013\/08\/130828_tagung_027.thumbnail.jpg\" alt=\"130828_tagung_027.jpg\" width=\"250\" \/><\/a> <a title=\"Foto: Max Colin Heydenreich\" href=\"http:\/\/www.fuldaer-nachrichten.de\/wp-content\/uploads\/2013\/08\/130828_tagung_028.jpg\" target=\"_blank\" rel=\"lightbox[roadtrip]\"><img decoding=\"async\" src=\"http:\/\/www.fuldaer-nachrichten.de\/wp-content\/uploads\/2013\/08\/130828_tagung_028.thumbnail.jpg\" alt=\"130828_tagung_028.jpg\" width=\"250\" \/><\/a><\/p>\n<p><a title=\"Foto: Max Colin Heydenreich\" href=\"http:\/\/www.fuldaer-nachrichten.de\/wp-content\/uploads\/2013\/08\/130828_tagung_029.jpg\" target=\"_blank\" rel=\"lightbox[roadtrip]\"><img decoding=\"async\" src=\"http:\/\/www.fuldaer-nachrichten.de\/wp-content\/uploads\/2013\/08\/130828_tagung_029.thumbnail.jpg\" alt=\"130828_tagung_029.jpg\" width=\"250\" \/><\/a> <a title=\"Foto: Max Colin Heydenreich\" href=\"http:\/\/www.fuldaer-nachrichten.de\/wp-content\/uploads\/2013\/08\/130828_tagung_030.jpg\" target=\"_blank\" rel=\"lightbox[roadtrip]\"><img decoding=\"async\" src=\"http:\/\/www.fuldaer-nachrichten.de\/wp-content\/uploads\/2013\/08\/130828_tagung_030.thumbnail.jpg\" alt=\"130828_tagung_030.jpg\" width=\"250\" \/><\/a><\/p>\n<p><a title=\"Foto: Max Colin Heydenreich\" href=\"http:\/\/www.fuldaer-nachrichten.de\/wp-content\/uploads\/2013\/08\/130828_tagung_031.jpg\" target=\"_blank\" rel=\"lightbox[roadtrip]\"><img decoding=\"async\" src=\"http:\/\/www.fuldaer-nachrichten.de\/wp-content\/uploads\/2013\/08\/130828_tagung_031.thumbnail.jpg\" alt=\"130828_tagung_031.jpg\" width=\"250\" \/><\/a> <a title=\"Foto: Max Colin Heydenreich\" href=\"http:\/\/www.fuldaer-nachrichten.de\/wp-content\/uploads\/2013\/08\/130828_tagung_032.jpg\" target=\"_blank\" rel=\"lightbox[roadtrip]\"><img decoding=\"async\" src=\"http:\/\/www.fuldaer-nachrichten.de\/wp-content\/uploads\/2013\/08\/130828_tagung_032.thumbnail.jpg\" alt=\"130828_tagung_032.jpg\" width=\"250\" \/><\/a><\/p>\n<p><a title=\"Foto: Max Colin Heydenreich\" href=\"http:\/\/www.fuldaer-nachrichten.de\/wp-content\/uploads\/2013\/08\/130828_tagung_033.jpg\" target=\"_blank\" rel=\"lightbox[roadtrip]\"><img decoding=\"async\" src=\"http:\/\/www.fuldaer-nachrichten.de\/wp-content\/uploads\/2013\/08\/130828_tagung_033.thumbnail.jpg\" alt=\"130828_tagung_033.jpg\" width=\"250\" \/><\/a> <a title=\"Foto: Max Colin Heydenreich\" href=\"http:\/\/www.fuldaer-nachrichten.de\/wp-content\/uploads\/2013\/08\/130828_tagung_034.jpg\" target=\"_blank\" rel=\"lightbox[roadtrip]\"><img decoding=\"async\" src=\"http:\/\/www.fuldaer-nachrichten.de\/wp-content\/uploads\/2013\/08\/130828_tagung_034.thumbnail.jpg\" alt=\"130828_tagung_034.jpg\" width=\"250\" \/><\/a><\/p>\n<p><a title=\"Foto: Max Colin Heydenreich\" href=\"http:\/\/www.fuldaer-nachrichten.de\/wp-content\/uploads\/2013\/08\/130828_tagung_035.jpg\" target=\"_blank\" rel=\"lightbox[roadtrip]\"><img decoding=\"async\" src=\"http:\/\/www.fuldaer-nachrichten.de\/wp-content\/uploads\/2013\/08\/130828_tagung_035.thumbnail.jpg\" alt=\"130828_tagung_035.jpg\" width=\"250\" \/><\/a> <a title=\"Foto: Max Colin Heydenreich\" href=\"http:\/\/www.fuldaer-nachrichten.de\/wp-content\/uploads\/2013\/08\/130828_tagung_036.jpg\" target=\"_blank\" rel=\"lightbox[roadtrip]\"><img decoding=\"async\" src=\"http:\/\/www.fuldaer-nachrichten.de\/wp-content\/uploads\/2013\/08\/130828_tagung_036.thumbnail.jpg\" alt=\"130828_tagung_036.jpg\" width=\"250\" \/><\/a><\/p>\n<p><a title=\"Foto: Max Colin Heydenreich\" href=\"http:\/\/www.fuldaer-nachrichten.de\/wp-content\/uploads\/2013\/08\/130828_tagung_037.jpg\" target=\"_blank\" rel=\"lightbox[roadtrip]\"><img decoding=\"async\" src=\"http:\/\/www.fuldaer-nachrichten.de\/wp-content\/uploads\/2013\/08\/130828_tagung_037.thumbnail.jpg\" alt=\"130828_tagung_037.jpg\" width=\"250\" \/><\/a> <a title=\"Foto: Max Colin Heydenreich\" href=\"http:\/\/www.fuldaer-nachrichten.de\/wp-content\/uploads\/2013\/08\/130828_tagung_038.jpg\" target=\"_blank\" rel=\"lightbox[roadtrip]\"><img decoding=\"async\" src=\"http:\/\/www.fuldaer-nachrichten.de\/wp-content\/uploads\/2013\/08\/130828_tagung_038.thumbnail.jpg\" alt=\"130828_tagung_038.jpg\" width=\"250\" \/><\/a><\/p>\n<p><a title=\"Foto: Max Colin Heydenreich\" href=\"http:\/\/www.fuldaer-nachrichten.de\/wp-content\/uploads\/2013\/08\/130828_tagung_039.jpg\" target=\"_blank\" rel=\"lightbox[roadtrip]\"><img decoding=\"async\" src=\"http:\/\/www.fuldaer-nachrichten.de\/wp-content\/uploads\/2013\/08\/130828_tagung_039.thumbnail.jpg\" alt=\"130828_tagung_039.jpg\" width=\"250\" \/><\/a> <a title=\"Foto: Max Colin Heydenreich\" href=\"http:\/\/www.fuldaer-nachrichten.de\/wp-content\/uploads\/2013\/08\/130828_tagung_040.jpg\" target=\"_blank\" rel=\"lightbox[roadtrip]\"><img decoding=\"async\" src=\"http:\/\/www.fuldaer-nachrichten.de\/wp-content\/uploads\/2013\/08\/130828_tagung_040.thumbnail.jpg\" alt=\"130828_tagung_040.jpg\" width=\"250\" \/><\/a><\/p>\n<p><a title=\"Foto: Max Colin Heydenreich\" href=\"http:\/\/www.fuldaer-nachrichten.de\/wp-content\/uploads\/2013\/08\/130828_tagung_041.jpg\" target=\"_blank\" rel=\"lightbox[roadtrip]\"><img decoding=\"async\" src=\"http:\/\/www.fuldaer-nachrichten.de\/wp-content\/uploads\/2013\/08\/130828_tagung_041.thumbnail.jpg\" alt=\"130828_tagung_041.jpg\" width=\"250\" \/><\/a> <a title=\"Foto: Max Colin Heydenreich\" href=\"http:\/\/www.fuldaer-nachrichten.de\/wp-content\/uploads\/2013\/08\/130828_tagung_042.jpg\" target=\"_blank\" rel=\"lightbox[roadtrip]\"><img decoding=\"async\" src=\"http:\/\/www.fuldaer-nachrichten.de\/wp-content\/uploads\/2013\/08\/130828_tagung_042.thumbnail.jpg\" alt=\"130828_tagung_042.jpg\" width=\"250\" \/><\/a><\/p>\n<p><a title=\"Foto: Max Colin Heydenreich\" href=\"http:\/\/www.fuldaer-nachrichten.de\/wp-content\/uploads\/2013\/08\/130828_tagung_043.jpg\" target=\"_blank\" rel=\"lightbox[roadtrip]\"><img decoding=\"async\" src=\"http:\/\/www.fuldaer-nachrichten.de\/wp-content\/uploads\/2013\/08\/130828_tagung_043.thumbnail.jpg\" alt=\"130828_tagung_043.jpg\" width=\"250\" \/><\/a> <a title=\"Foto: Max Colin Heydenreich\" href=\"http:\/\/www.fuldaer-nachrichten.de\/wp-content\/uploads\/2013\/08\/130828_tagung_044.jpg\" target=\"_blank\" rel=\"lightbox[roadtrip]\"><img decoding=\"async\" src=\"http:\/\/www.fuldaer-nachrichten.de\/wp-content\/uploads\/2013\/08\/130828_tagung_044.thumbnail.jpg\" alt=\"130828_tagung_044.jpg\" width=\"250\" \/><\/a><\/p>\n<p><a title=\"Foto: Max Colin Heydenreich\" href=\"http:\/\/www.fuldaer-nachrichten.de\/wp-content\/uploads\/2013\/08\/130828_tagung_045.jpg\" target=\"_blank\" rel=\"lightbox[roadtrip]\"><img decoding=\"async\" src=\"http:\/\/www.fuldaer-nachrichten.de\/wp-content\/uploads\/2013\/08\/130828_tagung_045.thumbnail.jpg\" alt=\"130828_tagung_045.jpg\" width=\"250\" \/><\/a> <a title=\"Foto: Max Colin Heydenreich\" href=\"http:\/\/www.fuldaer-nachrichten.de\/wp-content\/uploads\/2013\/08\/130828_tagung_046.jpg\" target=\"_blank\" rel=\"lightbox[roadtrip]\"><img decoding=\"async\" src=\"http:\/\/www.fuldaer-nachrichten.de\/wp-content\/uploads\/2013\/08\/130828_tagung_046.thumbnail.jpg\" alt=\"130828_tagung_046.jpg\" width=\"250\" \/><\/a><\/p>\n<p><a title=\"Foto: Max Colin Heydenreich\" href=\"http:\/\/www.fuldaer-nachrichten.de\/wp-content\/uploads\/2013\/08\/130828_tagung_047.jpg\" target=\"_blank\" rel=\"lightbox[roadtrip]\"><img decoding=\"async\" src=\"http:\/\/www.fuldaer-nachrichten.de\/wp-content\/uploads\/2013\/08\/130828_tagung_047.thumbnail.jpg\" alt=\"130828_tagung_047.jpg\" width=\"250\" \/><\/a> <a title=\"Foto: Max Colin Heydenreich\" href=\"http:\/\/www.fuldaer-nachrichten.de\/wp-content\/uploads\/2013\/08\/130828_tagung_048.jpg\" target=\"_blank\" rel=\"lightbox[roadtrip]\"><img decoding=\"async\" src=\"http:\/\/www.fuldaer-nachrichten.de\/wp-content\/uploads\/2013\/08\/130828_tagung_048.thumbnail.jpg\" alt=\"130828_tagung_048.jpg\" width=\"250\" \/><\/a><\/p>\n<p><a title=\"Foto: Max Colin Heydenreich\" href=\"http:\/\/www.fuldaer-nachrichten.de\/wp-content\/uploads\/2013\/08\/130828_tagung_049.jpg\" target=\"_blank\" rel=\"lightbox[roadtrip]\"><img decoding=\"async\" src=\"http:\/\/www.fuldaer-nachrichten.de\/wp-content\/uploads\/2013\/08\/130828_tagung_049.thumbnail.jpg\" alt=\"130828_tagung_049.jpg\" width=\"250\" \/><\/a> <a title=\"Foto: Max Colin Heydenreich\" href=\"http:\/\/www.fuldaer-nachrichten.de\/wp-content\/uploads\/2013\/08\/130828_tagung_050.jpg\" target=\"_blank\" rel=\"lightbox[roadtrip]\"><img decoding=\"async\" src=\"http:\/\/www.fuldaer-nachrichten.de\/wp-content\/uploads\/2013\/08\/130828_tagung_050.thumbnail.jpg\" alt=\"130828_tagung_050.jpg\" width=\"250\" \/><\/a><\/p>\n<p><a title=\"Foto: Max Colin Heydenreich\" href=\"http:\/\/www.fuldaer-nachrichten.de\/wp-content\/uploads\/2013\/08\/130828_tagung_051.jpg\" target=\"_blank\" rel=\"lightbox[roadtrip]\"><img decoding=\"async\" src=\"http:\/\/www.fuldaer-nachrichten.de\/wp-content\/uploads\/2013\/08\/130828_tagung_051.thumbnail.jpg\" alt=\"130828_tagung_051.jpg\" width=\"250\" \/><\/a> <a title=\"Foto: Max Colin Heydenreich\" href=\"http:\/\/www.fuldaer-nachrichten.de\/wp-content\/uploads\/2013\/08\/130828_tagung_052.jpg\" target=\"_blank\" rel=\"lightbox[roadtrip]\"><img decoding=\"async\" src=\"http:\/\/www.fuldaer-nachrichten.de\/wp-content\/uploads\/2013\/08\/130828_tagung_052.thumbnail.jpg\" alt=\"130828_tagung_052.jpg\" width=\"250\" \/><\/a><\/p>\n<p><a title=\"Foto: Max Colin Heydenreich\" href=\"http:\/\/www.fuldaer-nachrichten.de\/wp-content\/uploads\/2013\/08\/130828_tagung_053.jpg\" target=\"_blank\" rel=\"lightbox[roadtrip]\"><img decoding=\"async\" src=\"http:\/\/www.fuldaer-nachrichten.de\/wp-content\/uploads\/2013\/08\/130828_tagung_053.thumbnail.jpg\" alt=\"130828_tagung_053.jpg\" width=\"250\" \/><\/a> <a title=\"Foto: Max Colin Heydenreich\" href=\"http:\/\/www.fuldaer-nachrichten.de\/wp-content\/uploads\/2013\/08\/130828_tagung_054.jpg\" target=\"_blank\" rel=\"lightbox[roadtrip]\"><img decoding=\"async\" src=\"http:\/\/www.fuldaer-nachrichten.de\/wp-content\/uploads\/2013\/08\/130828_tagung_054.thumbnail.jpg\" alt=\"130828_tagung_054.jpg\" width=\"250\" \/><\/a><\/p>\n<p><a title=\"Foto: Max Colin Heydenreich\" href=\"http:\/\/www.fuldaer-nachrichten.de\/wp-content\/uploads\/2013\/08\/130828_tagung_055.jpg\" target=\"_blank\" rel=\"lightbox[roadtrip]\"><img decoding=\"async\" src=\"http:\/\/www.fuldaer-nachrichten.de\/wp-content\/uploads\/2013\/08\/130828_tagung_055.thumbnail.jpg\" alt=\"130828_tagung_055.jpg\" width=\"250\" \/><\/a> <a title=\"Foto: Max Colin Heydenreich\" href=\"http:\/\/www.fuldaer-nachrichten.de\/wp-content\/uploads\/2013\/08\/130828_tagung_056.jpg\" target=\"_blank\" rel=\"lightbox[roadtrip]\"><img decoding=\"async\" src=\"http:\/\/www.fuldaer-nachrichten.de\/wp-content\/uploads\/2013\/08\/130828_tagung_056.thumbnail.jpg\" alt=\"130828_tagung_056.jpg\" width=\"250\" \/><\/a><\/p>\n<p><a title=\"Foto: Max Colin Heydenreich\" href=\"http:\/\/www.fuldaer-nachrichten.de\/wp-content\/uploads\/2013\/08\/130828_tagung_057.jpg\" target=\"_blank\" rel=\"lightbox[roadtrip]\"><img decoding=\"async\" src=\"http:\/\/www.fuldaer-nachrichten.de\/wp-content\/uploads\/2013\/08\/130828_tagung_057.thumbnail.jpg\" alt=\"130828_tagung_057.jpg\" width=\"250\" \/><\/a> <a title=\"Foto: Max Colin Heydenreich\" href=\"http:\/\/www.fuldaer-nachrichten.de\/wp-content\/uploads\/2013\/08\/130828_tagung_058.jpg\" target=\"_blank\" rel=\"lightbox[roadtrip]\"><img decoding=\"async\" src=\"http:\/\/www.fuldaer-nachrichten.de\/wp-content\/uploads\/2013\/08\/130828_tagung_058.thumbnail.jpg\" alt=\"130828_tagung_058.jpg\" width=\"250\" \/><\/a><\/p>\n<p><a title=\"Foto: Max Colin Heydenreich\" href=\"http:\/\/www.fuldaer-nachrichten.de\/wp-content\/uploads\/2013\/08\/130828_tagung_059.jpg\" target=\"_blank\" rel=\"lightbox[roadtrip]\"><img decoding=\"async\" src=\"http:\/\/www.fuldaer-nachrichten.de\/wp-content\/uploads\/2013\/08\/130828_tagung_059.thumbnail.jpg\" alt=\"130828_tagung_059.jpg\" width=\"250\" \/><\/a> <a title=\"Foto: Max Colin Heydenreich\" href=\"http:\/\/www.fuldaer-nachrichten.de\/wp-content\/uploads\/2013\/08\/130828_tagung_060.jpg\" target=\"_blank\" rel=\"lightbox[roadtrip]\"><img decoding=\"async\" src=\"http:\/\/www.fuldaer-nachrichten.de\/wp-content\/uploads\/2013\/08\/130828_tagung_060.thumbnail.jpg\" alt=\"130828_tagung_060.jpg\" width=\"250\" \/><\/a><\/p>\n<p><a title=\"Foto: Max Colin Heydenreich\" href=\"http:\/\/www.fuldaer-nachrichten.de\/wp-content\/uploads\/2013\/08\/130828_tagung_061.jpg\" target=\"_blank\" rel=\"lightbox[roadtrip]\"><img decoding=\"async\" src=\"http:\/\/www.fuldaer-nachrichten.de\/wp-content\/uploads\/2013\/08\/130828_tagung_061.thumbnail.jpg\" alt=\"130828_tagung_061.jpg\" width=\"250\" \/><\/a> <a title=\"Foto: Max Colin Heydenreich\" href=\"http:\/\/www.fuldaer-nachrichten.de\/wp-content\/uploads\/2013\/08\/130828_tagung_062.jpg\" target=\"_blank\" rel=\"lightbox[roadtrip]\"><img decoding=\"async\" src=\"http:\/\/www.fuldaer-nachrichten.de\/wp-content\/uploads\/2013\/08\/130828_tagung_062.thumbnail.jpg\" alt=\"130828_tagung_062.jpg\" width=\"250\" \/><\/a><\/p>\n<p><a title=\"Foto: Max Colin Heydenreich\" href=\"http:\/\/www.fuldaer-nachrichten.de\/wp-content\/uploads\/2013\/08\/130828_tagung_063.jpg\" target=\"_blank\" rel=\"lightbox[roadtrip]\"><img decoding=\"async\" src=\"http:\/\/www.fuldaer-nachrichten.de\/wp-content\/uploads\/2013\/08\/130828_tagung_063.thumbnail.jpg\" alt=\"130828_tagung_063.jpg\" width=\"250\" \/><\/a> <a title=\"Foto: Max Colin Heydenreich\" href=\"http:\/\/www.fuldaer-nachrichten.de\/wp-content\/uploads\/2013\/08\/130828_tagung_064.jpg\" target=\"_blank\" rel=\"lightbox[roadtrip]\"><img decoding=\"async\" src=\"http:\/\/www.fuldaer-nachrichten.de\/wp-content\/uploads\/2013\/08\/130828_tagung_064.thumbnail.jpg\" alt=\"130828_tagung_064.jpg\" width=\"250\" \/><\/a><\/p>\n<p><a title=\"Foto: Max Colin Heydenreich\" href=\"http:\/\/www.fuldaer-nachrichten.de\/wp-content\/uploads\/2013\/08\/130828_tagung_065.jpg\" target=\"_blank\" rel=\"lightbox[roadtrip]\"><img decoding=\"async\" src=\"http:\/\/www.fuldaer-nachrichten.de\/wp-content\/uploads\/2013\/08\/130828_tagung_065.thumbnail.jpg\" alt=\"130828_tagung_065.jpg\" width=\"250\" \/><\/a> <a title=\"Foto: Max Colin Heydenreich\" href=\"http:\/\/www.fuldaer-nachrichten.de\/wp-content\/uploads\/2013\/08\/130828_tagung_066.jpg\" target=\"_blank\" rel=\"lightbox[roadtrip]\"><img decoding=\"async\" src=\"http:\/\/www.fuldaer-nachrichten.de\/wp-content\/uploads\/2013\/08\/130828_tagung_066.thumbnail.jpg\" alt=\"130828_tagung_066.jpg\" width=\"250\" \/><\/a><\/p>\n<p><a title=\"Foto: Max Colin Heydenreich\" href=\"http:\/\/www.fuldaer-nachrichten.de\/wp-content\/uploads\/2013\/08\/130828_tagung_067.jpg\" target=\"_blank\" rel=\"lightbox[roadtrip]\"><img decoding=\"async\" src=\"http:\/\/www.fuldaer-nachrichten.de\/wp-content\/uploads\/2013\/08\/130828_tagung_067.thumbnail.jpg\" alt=\"130828_tagung_067.jpg\" width=\"250\" \/><\/a> <a title=\"Foto: Max Colin Heydenreich\" href=\"http:\/\/www.fuldaer-nachrichten.de\/wp-content\/uploads\/2013\/08\/130828_tagung_068.jpg\" target=\"_blank\" rel=\"lightbox[roadtrip]\"><img decoding=\"async\" src=\"http:\/\/www.fuldaer-nachrichten.de\/wp-content\/uploads\/2013\/08\/130828_tagung_068.thumbnail.jpg\" alt=\"130828_tagung_068.jpg\" width=\"250\" \/><\/a><\/p>\n<p><a title=\"Foto: Max Colin Heydenreich\" href=\"http:\/\/www.fuldaer-nachrichten.de\/wp-content\/uploads\/2013\/08\/130828_tagung_069.jpg\" target=\"_blank\" rel=\"lightbox[roadtrip]\"><img decoding=\"async\" src=\"http:\/\/www.fuldaer-nachrichten.de\/wp-content\/uploads\/2013\/08\/130828_tagung_069.thumbnail.jpg\" alt=\"130828_tagung_069.jpg\" width=\"250\" \/><\/a> <a title=\"Foto: Max Colin Heydenreich\" href=\"http:\/\/www.fuldaer-nachrichten.de\/wp-content\/uploads\/2013\/08\/130828_tagung_070.jpg\" target=\"_blank\" rel=\"lightbox[roadtrip]\"><img decoding=\"async\" src=\"http:\/\/www.fuldaer-nachrichten.de\/wp-content\/uploads\/2013\/08\/130828_tagung_070.thumbnail.jpg\" alt=\"130828_tagung_070.jpg\" width=\"250\" \/><\/a><\/p>\n<p><a title=\"Foto: Max Colin Heydenreich\" href=\"http:\/\/www.fuldaer-nachrichten.de\/wp-content\/uploads\/2013\/08\/130828_tagung_071.jpg\" target=\"_blank\" rel=\"lightbox[roadtrip]\"><img decoding=\"async\" src=\"http:\/\/www.fuldaer-nachrichten.de\/wp-content\/uploads\/2013\/08\/130828_tagung_071.thumbnail.jpg\" alt=\"130828_tagung_071.jpg\" width=\"250\" \/><\/a> <a title=\"Foto: Max Colin Heydenreich\" href=\"http:\/\/www.fuldaer-nachrichten.de\/wp-content\/uploads\/2013\/08\/130828_tagung_072.jpg\" target=\"_blank\" rel=\"lightbox[roadtrip]\"><img decoding=\"async\" src=\"http:\/\/www.fuldaer-nachrichten.de\/wp-content\/uploads\/2013\/08\/130828_tagung_072.thumbnail.jpg\" alt=\"130828_tagung_072.jpg\" width=\"250\" \/><\/a><\/p>\n<p><a title=\"Foto: Max Colin Heydenreich\" href=\"http:\/\/www.fuldaer-nachrichten.de\/wp-content\/uploads\/2013\/08\/130828_tagung_073.jpg\" target=\"_blank\" rel=\"lightbox[roadtrip]\"><img decoding=\"async\" src=\"http:\/\/www.fuldaer-nachrichten.de\/wp-content\/uploads\/2013\/08\/130828_tagung_073.thumbnail.jpg\" alt=\"130828_tagung_073.jpg\" width=\"250\" \/><\/a> <a title=\"Foto: Max Colin Heydenreich\" href=\"http:\/\/www.fuldaer-nachrichten.de\/wp-content\/uploads\/2013\/08\/130828_tagung_074.jpg\" target=\"_blank\" rel=\"lightbox[roadtrip]\"><img decoding=\"async\" src=\"http:\/\/www.fuldaer-nachrichten.de\/wp-content\/uploads\/2013\/08\/130828_tagung_074.thumbnail.jpg\" alt=\"130828_tagung_074.jpg\" width=\"250\" \/><\/a><\/p>\n<p><a title=\"Foto: Max Colin Heydenreich\" href=\"http:\/\/www.fuldaer-nachrichten.de\/wp-content\/uploads\/2013\/08\/130828_tagung_075.jpg\" target=\"_blank\" rel=\"lightbox[roadtrip]\"><img decoding=\"async\" src=\"http:\/\/www.fuldaer-nachrichten.de\/wp-content\/uploads\/2013\/08\/130828_tagung_075.thumbnail.jpg\" alt=\"130828_tagung_075.jpg\" width=\"250\" \/><\/a> <a title=\"Foto: Max Colin Heydenreich\" href=\"http:\/\/www.fuldaer-nachrichten.de\/wp-content\/uploads\/2013\/08\/130828_tagung_076.jpg\" target=\"_blank\" rel=\"lightbox[roadtrip]\"><img decoding=\"async\" src=\"http:\/\/www.fuldaer-nachrichten.de\/wp-content\/uploads\/2013\/08\/130828_tagung_076.thumbnail.jpg\" alt=\"130828_tagung_076.jpg\" width=\"250\" \/><\/a><\/p>\n<p><a title=\"Foto: Max Colin Heydenreich\" href=\"http:\/\/www.fuldaer-nachrichten.de\/wp-content\/uploads\/2013\/08\/130828_tagung_077.jpg\" target=\"_blank\" rel=\"lightbox[roadtrip]\"><img decoding=\"async\" src=\"http:\/\/www.fuldaer-nachrichten.de\/wp-content\/uploads\/2013\/08\/130828_tagung_077.thumbnail.jpg\" alt=\"130828_tagung_077.jpg\" width=\"250\" \/><\/a> <a title=\"Foto: Max Colin Heydenreich\" href=\"http:\/\/www.fuldaer-nachrichten.de\/wp-content\/uploads\/2013\/08\/130828_tagung_078.jpg\" target=\"_blank\" rel=\"lightbox[roadtrip]\"><img decoding=\"async\" src=\"http:\/\/www.fuldaer-nachrichten.de\/wp-content\/uploads\/2013\/08\/130828_tagung_078.thumbnail.jpg\" alt=\"130828_tagung_078.jpg\" width=\"250\" \/><\/a><\/p>\n<p><a title=\"Foto: Max Colin Heydenreich\" href=\"http:\/\/www.fuldaer-nachrichten.de\/wp-content\/uploads\/2013\/08\/130828_tagung_079.jpg\" target=\"_blank\" rel=\"lightbox[roadtrip]\"><img decoding=\"async\" src=\"http:\/\/www.fuldaer-nachrichten.de\/wp-content\/uploads\/2013\/08\/130828_tagung_079.thumbnail.jpg\" alt=\"130828_tagung_079.jpg\" width=\"250\" \/><\/a> <a title=\"Foto: Max Colin Heydenreich\" href=\"http:\/\/www.fuldaer-nachrichten.de\/wp-content\/uploads\/2013\/08\/130828_tagung_080.jpg\" target=\"_blank\" rel=\"lightbox[roadtrip]\"><img decoding=\"async\" src=\"http:\/\/www.fuldaer-nachrichten.de\/wp-content\/uploads\/2013\/08\/130828_tagung_080.thumbnail.jpg\" alt=\"130828_tagung_080.jpg\" width=\"250\" \/><\/a><\/p>\n<p><a title=\"Foto: Max Colin Heydenreich\" href=\"http:\/\/www.fuldaer-nachrichten.de\/wp-content\/uploads\/2013\/08\/130828_tagung_081.jpg\" target=\"_blank\" rel=\"lightbox[roadtrip]\"><img decoding=\"async\" src=\"http:\/\/www.fuldaer-nachrichten.de\/wp-content\/uploads\/2013\/08\/130828_tagung_081.thumbnail.jpg\" alt=\"130828_tagung_081.jpg\" width=\"250\" \/><\/a> <a title=\"Foto: Max Colin Heydenreich\" href=\"http:\/\/www.fuldaer-nachrichten.de\/wp-content\/uploads\/2013\/08\/130828_tagung_082.jpg\" target=\"_blank\" rel=\"lightbox[roadtrip]\"><img decoding=\"async\" src=\"http:\/\/www.fuldaer-nachrichten.de\/wp-content\/uploads\/2013\/08\/130828_tagung_082.thumbnail.jpg\" alt=\"130828_tagung_082.jpg\" width=\"250\" \/><\/a><\/p>\n<p><a title=\"Foto: Max Colin Heydenreich\" href=\"http:\/\/www.fuldaer-nachrichten.de\/wp-content\/uploads\/2013\/08\/130828_tagung_083.jpg\" target=\"_blank\" rel=\"lightbox[roadtrip]\"><img decoding=\"async\" src=\"http:\/\/www.fuldaer-nachrichten.de\/wp-content\/uploads\/2013\/08\/130828_tagung_083.thumbnail.jpg\" alt=\"130828_tagung_083.jpg\" width=\"250\" \/><\/a> <a title=\"Foto: Max Colin Heydenreich\" href=\"http:\/\/www.fuldaer-nachrichten.de\/wp-content\/uploads\/2013\/08\/130828_tagung_084.jpg\" target=\"_blank\" rel=\"lightbox[roadtrip]\"><img decoding=\"async\" src=\"http:\/\/www.fuldaer-nachrichten.de\/wp-content\/uploads\/2013\/08\/130828_tagung_084.thumbnail.jpg\" alt=\"130828_tagung_084.jpg\" width=\"250\" \/><\/a><\/p>\n<p><b>Info<\/b><\/p>\n<p><strong>Der n\u00e4chste Qualifizierungskurs zur\/zum Tagesmutter\/-vater startet Anfang des Jahres 2014.<\/strong><\/p>\n<p>Sie k\u00f6nnen Kindertagespflegeperson werden, wenn<\/p>\n<p>-\u00c2\u00a0\u00c2\u00a0\u00c2\u00a0\u00c2\u00a0\u00c2\u00a0\u00c2\u00a0 Sie Freude am Umgang mit Kindern haben<\/p>\n<p>-\u00c2\u00a0\u00c2\u00a0\u00c2\u00a0\u00c2\u00a0\u00c2\u00a0\u00c2\u00a0 Ihnen die Entwicklung, F\u00f6rderung und Bildung von Kindern am Herzen liegt<\/p>\n<p>-\u00c2\u00a0\u00c2\u00a0\u00c2\u00a0\u00c2\u00a0\u00c2\u00a0\u00c2\u00a0 Sie Kindern eine liebevolle, wertsch\u00e4tzende und famili\u00e4re Atmosph\u00e4re bieten k\u00f6nnen<\/p>\n<p>-\u00c2\u00a0\u00c2\u00a0\u00c2\u00a0\u00c2\u00a0\u00c2\u00a0\u00c2\u00a0 Verantwortung zu \u00fcbernehmen f\u00fcr Sie eine Selbstverst\u00e4ndlichkeit ist und Sie an p\u00e4dagogischen Themen interessiert sind<\/p>\n<p>-\u00c2\u00a0\u00c2\u00a0\u00c2\u00a0\u00c2\u00a0\u00c2\u00a0\u00c2\u00a0 Zusammenarbeit mit den Eltern der Tageskinder und den Mitarbeitern der Fachstelle f\u00fcr Sie dazu geh\u00f6ren<\/p>\n<p>-\u00c2\u00a0\u00c2\u00a0\u00c2\u00a0\u00c2\u00a0\u00c2\u00a0\u00c2\u00a0 Sie f\u00fcr einen Austausch mit anderen Tagesm\u00fcttern und Tagesv\u00e4tern offen sind<\/p>\n<p><b>Kontakt<\/b><\/p>\n<p>Telefonische Ausk\u00fcnfte zum Thema Kindertagespflege erteilen beim Landkreis Fulda Elke Krack-Drinnenberg, Telefon (06652)181-66, und Kerstin Hohmann, Telefon (0661)6006-328. Ansprechpartner bei der Stadt Fulda sind Christiane Becker-Ott, Telefon (0661)102-1960, und Falko Jana, Telefon (0661)102-1929. Der Verein Tages-Eltern-Fulda e.V. (TEF) hat seine Gesch\u00e4ftsstelle in der Kanalstra\u00dfe 52, Fulda. Die Telefonnummer lautet (0661)5005193. Die \u00d6ffnungszeiten sind Montag 9 bis 12 Uhr und Donnerstag 15 bis 17 Uhr.<\/p>\n","protected":false},"excerpt":{"rendered":"<div class=\"tmnf_excerpt\"><p>Fulda. Sprach- und Bewegungsf\u00f6rderung, gesunde Ern\u00e4hrung und Sinneswahrnehmung \u2013 vier spannende Workshops standen am vergangenen Samstag beim ersten Fachtag f\u00fcr Tagesm\u00fctter und -v\u00e4ter auf dem Programm. Unter der \u00dcberschrift \u201eGesund Aufwachsen in der Kindertagespflege\u201c hatten die Fachstellen Kindertagespflege von Landkreis und Stadt Fulda die in der Kindertagespflege t\u00e4tigen Personen zur Weiterbildungsveranstaltung in die Volkshochschule des &hellip;<\/p>\n<\/div>","protected":false},"author":1,"featured_media":0,"comment_status":"closed","ping_status":"closed","sticky":false,"template":"","format":"standard","meta":{"footnotes":""},"categories":[53,78],"tags":[],"class_list":["post-113231","post","type-post","status-publish","format-standard","hentry","category-bildung","category-topthema"],"_links":{"self":[{"href":"https:\/\/www.fuldaernachrichten.de\/index.php?rest_route=\/wp\/v2\/posts\/113231","targetHints":{"allow":["GET"]}}],"collection":[{"href":"https:\/\/www.fuldaernachrichten.de\/index.php?rest_route=\/wp\/v2\/posts"}],"about":[{"href":"https:\/\/www.fuldaernachrichten.de\/index.php?rest_route=\/wp\/v2\/types\/post"}],"author":[{"embeddable":true,"href":"https:\/\/www.fuldaernachrichten.de\/index.php?rest_route=\/wp\/v2\/users\/1"}],"replies":[{"embeddable":true,"href":"https:\/\/www.fuldaernachrichten.de\/index.php?rest_route=%2Fwp%2Fv2%2Fcomments&post=113231"}],"version-history":[{"count":3,"href":"https:\/\/www.fuldaernachrichten.de\/index.php?rest_route=\/wp\/v2\/posts\/113231\/revisions"}],"predecessor-version":[{"id":138075,"href":"https:\/\/www.fuldaernachrichten.de\/index.php?rest_route=\/wp\/v2\/posts\/113231\/revisions\/138075"}],"wp:attachment":[{"href":"https:\/\/www.fuldaernachrichten.de\/index.php?rest_route=%2Fwp%2Fv2%2Fmedia&parent=113231"}],"wp:term":[{"taxonomy":"category","embeddable":true,"href":"https:\/\/www.fuldaernachrichten.de\/index.php?rest_route=%2Fwp%2Fv2%2Fcategories&post=113231"},{"taxonomy":"post_tag","embeddable":true,"href":"https:\/\/www.fuldaernachrichten.de\/index.php?rest_route=%2Fwp%2Fv2%2Ftags&post=113231"}],"curies":[{"name":"wp","href":"https:\/\/api.w.org\/{rel}","templated":true}]}}