{"id":113154,"date":"2013-08-28T05:31:18","date_gmt":"2013-08-28T05:31:18","guid":{"rendered":"http:\/\/www.fuldaer-nachrichten.de\/?p=113154"},"modified":"2013-08-28T05:31:18","modified_gmt":"2013-08-28T05:31:18","slug":"neue-professorin-im-fachbereich-oecotrophologie-prof-dr-tonia-ruppenthal","status":"publish","type":"post","link":"https:\/\/www.fuldaernachrichten.de\/?p=113154","title":{"rendered":"Neue Professorin im Fachbereich Oecotrophologie: Prof. Dr. Tonia Ruppenthal"},"content":{"rendered":"<p><img decoding=\"async\" class=\"alignleft size-thumbnail wp-image-113155\" alt=\"Oe-neue-Prof-Ruppenthal\" src=\"http:\/\/www.fuldaer-nachrichten.de\/wp-content\/uploads\/2013\/08\/Oe-neue-Prof-Ruppenthal-265x176.jpg\" width=\"265\" height=\"176\" srcset=\"https:\/\/www.fuldaernachrichten.de\/wp-content\/uploads\/2013\/08\/Oe-neue-Prof-Ruppenthal-265x176.jpg 265w, https:\/\/www.fuldaernachrichten.de\/wp-content\/uploads\/2013\/08\/Oe-neue-Prof-Ruppenthal.jpg 600w\" sizes=\"(max-width: 265px) 100vw, 265px\" \/>Fulda. Dr. Tonia Ruppenthal (35) wurde als Professorin im Fachbereich Oecotrophologie berufen. Sie \u00fcbernimmt das Fachgebiet Betriebswirtschaftslehre. Nach ihrem Studium der Verwaltungswirtschaft an der Hochschule der Bundesagentur f\u00fcr Arbeit in Mannheim war die in Fulda geborene Tonia Ruppenthal zun\u00e4chst bei der Arbeitsagentur in Fulda t\u00e4tig. Danach erlangte sie das Diplom als Volkswirtin an der Universit\u00e4t Trier und der University of Tennessee, Knoxville (USA). Nach Abschluss ihrer Promotion (PhD) im Bereich des Strategischen Managements an der Jacobs University in Bremen \u00fcbernahm sie die Leitung des Vertragsbereichs (Gesundheits- und Versorgungsmanagement) bei der Knappschaft-Bahn-See in der Regionaldirektion Saarbr\u00fccken. Bevor sie als Professorin an die Hochschule Fulda wechselte, war Tonia Ruppenthal als Referentin im Leitungsstab (Zielsteuerung und Zielplanung) des Bundesministeriums f\u00fcr Arbeit und Soziales in Berlin t\u00e4tig.<\/p>\n","protected":false},"excerpt":{"rendered":"<div class=\"tmnf_excerpt\"><p>Fulda. Dr. Tonia Ruppenthal (35) wurde als Professorin im Fachbereich Oecotrophologie berufen. Sie \u00fcbernimmt das Fachgebiet Betriebswirtschaftslehre. Nach ihrem Studium der Verwaltungswirtschaft an der Hochschule der Bundesagentur f\u00fcr Arbeit in Mannheim war die in Fulda geborene Tonia Ruppenthal zun\u00e4chst bei der Arbeitsagentur in Fulda t\u00e4tig. Danach erlangte sie das Diplom als Volkswirtin an der Universit\u00e4t &hellip;<\/p>\n<\/div>","protected":false},"author":1,"featured_media":0,"comment_status":"closed","ping_status":"closed","sticky":false,"template":"","format":"standard","meta":{"footnotes":""},"categories":[1,48],"tags":[],"class_list":["post-113154","post","type-post","status-publish","format-standard","hentry","category-startseite","category-forschung"],"_links":{"self":[{"href":"https:\/\/www.fuldaernachrichten.de\/index.php?rest_route=\/wp\/v2\/posts\/113154","targetHints":{"allow":["GET"]}}],"collection":[{"href":"https:\/\/www.fuldaernachrichten.de\/index.php?rest_route=\/wp\/v2\/posts"}],"about":[{"href":"https:\/\/www.fuldaernachrichten.de\/index.php?rest_route=\/wp\/v2\/types\/post"}],"author":[{"embeddable":true,"href":"https:\/\/www.fuldaernachrichten.de\/index.php?rest_route=\/wp\/v2\/users\/1"}],"replies":[{"embeddable":true,"href":"https:\/\/www.fuldaernachrichten.de\/index.php?rest_route=%2Fwp%2Fv2%2Fcomments&post=113154"}],"version-history":[{"count":1,"href":"https:\/\/www.fuldaernachrichten.de\/index.php?rest_route=\/wp\/v2\/posts\/113154\/revisions"}],"predecessor-version":[{"id":113156,"href":"https:\/\/www.fuldaernachrichten.de\/index.php?rest_route=\/wp\/v2\/posts\/113154\/revisions\/113156"}],"wp:attachment":[{"href":"https:\/\/www.fuldaernachrichten.de\/index.php?rest_route=%2Fwp%2Fv2%2Fmedia&parent=113154"}],"wp:term":[{"taxonomy":"category","embeddable":true,"href":"https:\/\/www.fuldaernachrichten.de\/index.php?rest_route=%2Fwp%2Fv2%2Fcategories&post=113154"},{"taxonomy":"post_tag","embeddable":true,"href":"https:\/\/www.fuldaernachrichten.de\/index.php?rest_route=%2Fwp%2Fv2%2Ftags&post=113154"}],"curies":[{"name":"wp","href":"https:\/\/api.w.org\/{rel}","templated":true}]}}