{"id":113082,"date":"2013-08-26T00:07:42","date_gmt":"2013-08-26T00:07:42","guid":{"rendered":"http:\/\/www.fuldaer-nachrichten.de\/?p=113082"},"modified":"2013-08-26T15:15:37","modified_gmt":"2013-08-26T15:15:37","slug":"foerstina-brunnenfest-lockte-mit-umfangreichem-rahmenprogramm-tausende-besucher","status":"publish","type":"post","link":"https:\/\/www.fuldaernachrichten.de\/?p=113082","title":{"rendered":"F\u00f6rstina-Brunnenfest lockte mit umfangreichem Rahmenprogramm tausende Besucher"},"content":{"rendered":"<p><img fetchpriority=\"high\" decoding=\"async\" class=\"alignnone size-full wp-image-113094\" alt=\"1.-4500-Euro-wurden-als-Erlo\u00cc\u02c6s-aus-der-Brunnenfesttombola-an-die-FZ-Spendenaktion-'Ich-brauche-deine-Hilfe!'-u\u00cc\u02c6bergeben-(von-links-Fo\u00cc\u02c6rstina-Verkaufsleiter-Gerhard-Bub,-Fo\u00cc\u02c6rstina-Seniorc\" src=\"http:\/\/www.fuldaer-nachrichten.de\/wp-content\/uploads\/2013\/08\/1.-4500-Euro-wurden-als-Erlo\u00cc\u02c6s-aus-der-Brunnenfesttombola-an-die-FZ-Spendenaktion-Ich-brauche-deine-Hilfe-u\u00cc\u02c6bergeben-von-links-Fo\u00cc\u02c6rstina-Verkaufsleiter-Gerhard-Bub-Fo\u00cc\u02c6rstina-Seniorc.jpg\" width=\"560\" height=\"355\" \/><\/p>\n<p>Eichenzell-L\u00fctter. Drau\u00dfen Regen, drinnen gute Laune pur: Der Eichenzeller Mineralbrunnen F\u00f6rstina Sprudel \u00f6ffnete wie jedes Jahr Ende August seine T\u00fcren zum Brunnenfest \u2013 und das lockte auch am heutigen Sonntag wieder tausende Besucher an den Firmenstammsitz nach L\u00fctter. Ob die Sonne strahlt, ob es regnet, st\u00fcrmt oder schneit \u2013 in der riesigen Logistikhalle, die das Team des Mineralbrunnens F\u00f6rstina einmal im Jahr zum Festgel\u00e4nde umfunktioniert, ist die Stimmung am Brunnenfest immer ungebrochen. Daf\u00fcr sorgt in jedem Jahr das gewohnt umfangreiche Rahmenprogramm: Auf der gro\u00dfen B\u00fchne des F\u00f6rstina Show-Trucks f\u00fchrten unter anderem wieder die deutschen Vize-Meister 2013, die \u201eEichezeller Schreckschruwe\u201c, sowie die Hessenmeister 2013, die L\u00f6schenr\u00f6der Schoppengarde ihre Showt\u00e4nze auf.<\/p>\n<p><img decoding=\"async\" class=\"alignnone size-thumbnail wp-image-113084\" alt=\"4.-Der-Musikverein-Lu\u00cc\u02c6tter-sorgte-fu\u00cc\u02c6r-gute-Unterhaltung\" src=\"http:\/\/www.fuldaer-nachrichten.de\/wp-content\/uploads\/2013\/08\/4.-Der-Musikverein-Lu\u00cc\u02c6tter-sorgte-fu\u00cc\u02c6r-gute-Unterhaltung-265x176.jpg\" width=\"265\" height=\"176\" \/><img decoding=\"async\" class=\"alignnone size-thumbnail wp-image-113085\" alt=\"5.-Buntes-Rahmenprogramm-auf-der-Bu\u00cc\u02c6hne-des-Fo\u00cc\u02c6rstina-Showtrucks\" src=\"http:\/\/www.fuldaer-nachrichten.de\/wp-content\/uploads\/2013\/08\/5.-Buntes-Rahmenprogramm-auf-der-Bu\u00cc\u02c6hne-des-Fo\u00cc\u02c6rstina-Showtrucks-265x176.jpg\" width=\"265\" height=\"176\" \/><\/p>\n<p>\u201eEin frisches, k\u00fcnstlerisch umrahmendes Showprogramm\u201c hatte das Trio \u201eSabinett\u201c im Gep\u00e4ck. Martina Soult und Dieter Barnekow zeigten atemberaubende Balance-Kraftakte und eine einmalige Rollschuhakrobatik. Die Rettungshundestaffel Osthessen informierte \u00fcber ihr Wirken und zeigte das K\u00f6nnen der ausgebildeten Rettungshunde. \u201ePille und Palle\u201c boten mit ihrer Artistik und Comedyshow \u201eSchbass f\u00fcr Alle!\u201c und die Sch\u00fcler der Rh\u00f6nschule Gersfeld faszinierten mit \u201eLego Education\u201c \u2013 mit den kleinen bunten Techniksteinen bauen sie derzeit eine F\u00f6rstina-Produktionsanlage nach und stellten nun die Zwischenergebnisse vor.<\/p>\n<p><img loading=\"lazy\" decoding=\"async\" class=\"alignnone size-thumbnail wp-image-113086\" alt=\"6.-Kinderschminken---steht-immer-hoch-im-Kurs\" src=\"http:\/\/www.fuldaer-nachrichten.de\/wp-content\/uploads\/2013\/08\/6.-Kinderschminken-steht-immer-hoch-im-Kurs-265x397.jpg\" width=\"265\" height=\"397\" srcset=\"https:\/\/www.fuldaernachrichten.de\/wp-content\/uploads\/2013\/08\/6.-Kinderschminken-steht-immer-hoch-im-Kurs-265x397.jpg 265w, https:\/\/www.fuldaernachrichten.de\/wp-content\/uploads\/2013\/08\/6.-Kinderschminken-steht-immer-hoch-im-Kurs-176x265.jpg 176w, https:\/\/www.fuldaernachrichten.de\/wp-content\/uploads\/2013\/08\/6.-Kinderschminken-steht-immer-hoch-im-Kurs.jpg 399w\" sizes=\"(max-width: 265px) 100vw, 265px\" \/> <img loading=\"lazy\" decoding=\"async\" class=\"alignnone size-thumbnail wp-image-113088\" alt=\"8.-Alle-Ha\u00cc\u02c6nde-voll-zu-tun-gab-es-fu\u00cc\u02c6r-die-Fo\u00cc\u02c6rstina-Cocktail-Mixer\" src=\"http:\/\/www.fuldaer-nachrichten.de\/wp-content\/uploads\/2013\/08\/8.-Alle-Ha\u00cc\u02c6nde-voll-zu-tun-gab-es-fu\u00cc\u02c6r-die-Fo\u00cc\u02c6rstina-Cocktail-Mixer-265x397.jpg\" width=\"265\" height=\"397\" \/><\/p>\n<p>Die kleinen Besucher konnten sich in der \u201eSpa\u00dffabrik\u201c austoben oder zusammen mit den Gr\u00f6\u00dferen die gro\u00dfe Ausstellung historischer Landmaschinen begutachten. In einem eigenen Themenbereich konnten die Besucher in die faszinierende Welt der Mini-Trucks eintauchen. Die gro\u00dfe Tombola des Brunnenfests hielt tolle Preise (Hauptpreise 1 bis 3: Eine Fahrt mit dem F\u00f6rstina Hei\u00dfluftballon) bereit, und die Erl\u00f6se \u2013 in H\u00f6he von 4500 Euro \u2013 gehen zu Gunsten der FZ-Spendenaktion \u201eIch brauche deine Hilfe!\u201c. Beim Kinderquiz, organisiert durch den F\u00f6rderverein der Ahornschule L\u00fctter, gab es Eintrittskarten und Geburtstagspartys im Takka-Tukka-Land zu gewinnen. \u201eDas Brunnenfest ist ein Fest f\u00fcr die ganze Familie \u2013 egal ob jung oder alt, hier wird den Besuchern aller Generationen etwas geboten. Das Brunnenfest ist nach der Hochsaison im Sommer aber auch ein Dankesch\u00f6n an unsere Mitarbeiter, unsere Kunden und die Region\u201c, erkl\u00e4rte F\u00f6rstina-Verkaufsleiter Gerhard Bub.<\/p>\n<p><img loading=\"lazy\" decoding=\"async\" class=\"alignnone size-thumbnail wp-image-113089\" alt=\"9.-die-kostenlosen-Fo\u00cc\u02c6rstina-Getra\u00cc\u02c6nke-lo\u00cc\u02c6schten-tausende-durstiger-Kehlen\" src=\"http:\/\/www.fuldaer-nachrichten.de\/wp-content\/uploads\/2013\/08\/9.-die-kostenlosen-Fo\u00cc\u02c6rstina-Getra\u00cc\u02c6nke-lo\u00cc\u02c6schten-tausende-durstiger-Kehlen-265x176.jpg\" width=\"265\" height=\"176\" \/> <img loading=\"lazy\" decoding=\"async\" class=\"alignnone size-thumbnail wp-image-113090\" alt=\"10.-Voll-im-Einsatz---die-Maschinen-und-ihre-Fahrer-in-der-Welt-der-Mini-Trucks\" src=\"http:\/\/www.fuldaer-nachrichten.de\/wp-content\/uploads\/2013\/08\/10.-Voll-im-Einsatz-die-Maschinen-und-ihre-Fahrer-in-der-Welt-der-Mini-Trucks-265x176.jpg\" width=\"265\" height=\"176\" srcset=\"https:\/\/www.fuldaernachrichten.de\/wp-content\/uploads\/2013\/08\/10.-Voll-im-Einsatz-die-Maschinen-und-ihre-Fahrer-in-der-Welt-der-Mini-Trucks-265x176.jpg 265w, https:\/\/www.fuldaernachrichten.de\/wp-content\/uploads\/2013\/08\/10.-Voll-im-Einsatz-die-Maschinen-und-ihre-Fahrer-in-der-Welt-der-Mini-Trucks.jpg 592w\" sizes=\"(max-width: 265px) 100vw, 265px\" \/><\/p>\n<p>Neben der guten Unterhaltung bot das Brunnenfest den Besuchern nat\u00fcrlich auch Rh\u00f6ner Spezialit\u00e4ten von den Gastronomien Landgasthof Imhof (Rommerz), Sch\u00fctzenhof (Neuhof), Zum schwarzen Ross (L\u00fctter), der Stadtmetzgerei Dechant (Fulda) und dem Partyservice Ruppel (Motten) zu gewohnt familienfreundlichen Preisen. Und unz\u00e4hlige F\u00f6rstina-Getr\u00e4nke l\u00f6schten wie immer kostenlos die durstigen Kehlen der mehreren tausend Besucher.<\/p>\n<p><img loading=\"lazy\" decoding=\"async\" class=\"alignnone size-thumbnail wp-image-113092\" alt=\"12.-Betriebsfu\u00cc\u02c6hrungen-am-laufenden-Band---hier-mit-Eichenzells-Bu\u00cc\u02c6rgermeister-Dieter-Kolb-(Mitte)\" src=\"http:\/\/www.fuldaer-nachrichten.de\/wp-content\/uploads\/2013\/08\/12.-Betriebsfu\u00cc\u02c6hrungen-am-laufenden-Band-hier-mit-Eichenzells-Bu\u00cc\u02c6rgermeister-Dieter-Kolb-Mitte-265x176.jpg\" width=\"265\" height=\"176\" \/> <img loading=\"lazy\" decoding=\"async\" class=\"alignnone size-thumbnail wp-image-113093\" alt=\"13.-Leckereien-aus-der-heimischen-Gastronomie-zu-familienfreundlichen-Preisen\" src=\"http:\/\/www.fuldaer-nachrichten.de\/wp-content\/uploads\/2013\/08\/13.-Leckereien-aus-der-heimischen-Gastronomie-zu-familienfreundlichen-Preisen-265x176.jpg\" width=\"265\" height=\"176\" srcset=\"https:\/\/www.fuldaernachrichten.de\/wp-content\/uploads\/2013\/08\/13.-Leckereien-aus-der-heimischen-Gastronomie-zu-familienfreundlichen-Preisen-265x176.jpg 265w, https:\/\/www.fuldaernachrichten.de\/wp-content\/uploads\/2013\/08\/13.-Leckereien-aus-der-heimischen-Gastronomie-zu-familienfreundlichen-Preisen.jpg 592w\" sizes=\"(max-width: 265px) 100vw, 265px\" \/> <img loading=\"lazy\" decoding=\"async\" class=\"alignnone size-thumbnail wp-image-113083\" alt=\"3.-CDU-Landtagskandidat-Markus-Meysner--(links)-im-Gespra\u00cc\u02c6ch-mit-Fo\u00cc\u02c6rstina-Verkaufsleiter-Gerhard-Bub\" src=\"http:\/\/www.fuldaer-nachrichten.de\/wp-content\/uploads\/2013\/08\/3.-CDU-Landtagskandidat-Markus-Meysner-links-im-Gespra\u00cc\u02c6ch-mit-Fo\u00cc\u02c6rstina-Verkaufsleiter-Gerhard-Bub-265x176.jpg\" width=\"265\" height=\"176\" \/> <img loading=\"lazy\" decoding=\"async\" class=\"alignnone size-thumbnail wp-image-113095\" alt=\"2.-Gewohnt-volles-Haus---tausend-Besucher-am-Brunnenfest-von-Fo\u00cc\u02c6rstina.\" src=\"http:\/\/www.fuldaer-nachrichten.de\/wp-content\/uploads\/2013\/08\/2.-Gewohnt-volles-Haus-tausend-Besucher-am-Brunnenfest-von-Fo\u00cc\u02c6rstina.-265x176.jpg\" width=\"265\" height=\"176\" \/> <img loading=\"lazy\" decoding=\"async\" class=\"alignnone size-thumbnail wp-image-113087\" alt=\"7.-Strahlende-Gesichter-in-der-Spa\u00dffabrik\" src=\"http:\/\/www.fuldaer-nachrichten.de\/wp-content\/uploads\/2013\/08\/7.-Strahlende-Gesichter-in-der-Spa\u00dffabrik-265x397.jpg\" width=\"265\" height=\"397\" \/><\/p>\n<p>&nbsp;<\/p>\n<p><b>\u00c2\u00a0<\/b><\/p>\n","protected":false},"excerpt":{"rendered":"<div class=\"tmnf_excerpt\"><p>Eichenzell-L\u00fctter. Drau\u00dfen Regen, drinnen gute Laune pur: Der Eichenzeller Mineralbrunnen F\u00f6rstina Sprudel \u00f6ffnete wie jedes Jahr Ende August seine T\u00fcren zum Brunnenfest \u2013 und das lockte auch am heutigen Sonntag wieder tausende Besucher an den Firmenstammsitz nach L\u00fctter. Ob die Sonne strahlt, ob es regnet, st\u00fcrmt oder schneit \u2013 in der riesigen Logistikhalle, die das &hellip;<\/p>\n<\/div>","protected":false},"author":1,"featured_media":0,"comment_status":"closed","ping_status":"closed","sticky":false,"template":"","format":"standard","meta":{"footnotes":""},"categories":[1,37,44,29,78],"tags":[],"class_list":["post-113082","post","type-post","status-publish","format-standard","hentry","category-startseite","category-essen-und-trinken","category-kultur","category-politik","category-topthema"],"_links":{"self":[{"href":"https:\/\/www.fuldaernachrichten.de\/index.php?rest_route=\/wp\/v2\/posts\/113082","targetHints":{"allow":["GET"]}}],"collection":[{"href":"https:\/\/www.fuldaernachrichten.de\/index.php?rest_route=\/wp\/v2\/posts"}],"about":[{"href":"https:\/\/www.fuldaernachrichten.de\/index.php?rest_route=\/wp\/v2\/types\/post"}],"author":[{"embeddable":true,"href":"https:\/\/www.fuldaernachrichten.de\/index.php?rest_route=\/wp\/v2\/users\/1"}],"replies":[{"embeddable":true,"href":"https:\/\/www.fuldaernachrichten.de\/index.php?rest_route=%2Fwp%2Fv2%2Fcomments&post=113082"}],"version-history":[{"count":2,"href":"https:\/\/www.fuldaernachrichten.de\/index.php?rest_route=\/wp\/v2\/posts\/113082\/revisions"}],"predecessor-version":[{"id":113141,"href":"https:\/\/www.fuldaernachrichten.de\/index.php?rest_route=\/wp\/v2\/posts\/113082\/revisions\/113141"}],"wp:attachment":[{"href":"https:\/\/www.fuldaernachrichten.de\/index.php?rest_route=%2Fwp%2Fv2%2Fmedia&parent=113082"}],"wp:term":[{"taxonomy":"category","embeddable":true,"href":"https:\/\/www.fuldaernachrichten.de\/index.php?rest_route=%2Fwp%2Fv2%2Fcategories&post=113082"},{"taxonomy":"post_tag","embeddable":true,"href":"https:\/\/www.fuldaernachrichten.de\/index.php?rest_route=%2Fwp%2Fv2%2Ftags&post=113082"}],"curies":[{"name":"wp","href":"https:\/\/api.w.org\/{rel}","templated":true}]}}