{"id":112967,"date":"2013-08-23T00:09:00","date_gmt":"2013-08-23T00:09:00","guid":{"rendered":"http:\/\/www.fuldaer-nachrichten.de\/?p=112967"},"modified":"2013-08-22T14:04:13","modified_gmt":"2013-08-22T14:04:13","slug":"endlich-maenner-live-starke-stimmen-zum-90-geburtstag-des-maennerchors-1923-loreley-engelhelms-e-v","status":"publish","type":"post","link":"https:\/\/www.fuldaernachrichten.de\/?p=112967","title":{"rendered":"\u201eEndlich M\u00e4nner live\u201c &#8211; Starke Stimmen zum 90. Geburtstag des M\u00e4nnerchors 1923 Loreley Engelhelms e.V."},"content":{"rendered":"<p><img fetchpriority=\"high\" decoding=\"async\" class=\"alignnone size-full wp-image-112968\" alt=\"130821_chorflorenberg\" src=\"http:\/\/www.fuldaer-nachrichten.de\/wp-content\/uploads\/2013\/08\/130821_chorflorenberg.jpg\" width=\"560\" height=\"360\" \/><\/p>\n<p>Eichenzell.\u00c2\u00a0Vor 90 Jahren legten 23 M\u00e4nner in Engelhelms den Grundstein f\u00fcr den Chorgesang. Die Loreley wurde gegr\u00fcndet. Dies ist Anlass, eine vor 10 Jahren begonnene Konzertreihe fortzusetzen. War es vor 10 Jahren ein Mitternachtskonzert auf dem Florenberg mit allen Ch\u00f6ren des Florenberger\u00c2\u00a0 Kirchspieles, welches seine Fortsetzung vor 5 Jahren mit einem M\u00e4nnerchorkonzert mit heimischen M\u00e4nnerch\u00f6ren auf Schloss Fasanerie fand, so ist es in diesem Jahr ein M\u00e4nnerchorkonzert mit dem Motto <strong>\u201eEndlich M\u00e4nner live\u201c<\/strong> mit starken Ch\u00f6re aus dem S\u00e4ngerkeis Fulda, aus Hessen und dar\u00fcber hinaus.<!--more--><\/p>\n<p>Im Rahmen seines 90igsten Geburtstages veranstaltet der <a href=\"http:\/\/www.mgv-loreley.de\" target=\"_blank\">M\u00e4nnerchor 1923 Loreley Engelhelms e.V. <\/a>am 31. August 2013 im Barockgarten auf Schloss Fasanerie eine Open-Air-Konzert mit namhaften und erfolgreichen M\u00e4nnerch\u00f6ren aus Rheinland-Pfalz, Hessen und Nordrhein-Westfalen. Einlass ist ab 19.00 Uhr. Der Eintritt ist frei.<\/p>\n<p>Auch stimmgewaltige Ch\u00f6re der Region Fulda werben f\u00fcr den M\u00e4nnerchorgesang und bieten ein musikalisches Repertoire, das Generationen verbindet. Mitwirken werden der MGV Liederkranz Cleeberg (Meisterchor), der Polizeichor Fulda, der MGV 1891 Landenhausen, der SC Harmonie Steinbach, der MGV Liederkranz Gedern, der MGV Germania Saulheim (Meisterchor), der Knabenchor Marianum Fulda, der MC \u201eMozart\u201c Niederdresselndorf (Meisterchor), und nat\u00fcrlich der gastgebende Verein, der MGV Loreley Engelhelms. In einem tollen Ambiente, dem illuminierten Barockgarten von Schloss Fasanerie wird den Zuh\u00f6rern mit Sicherheit ein toller musikalischer Abend geboten. Beim letzten Konzert vor f\u00fcnf Jahren konnten sich \u00fcber 700 Zuh\u00f6rer am Chorgesang erfreuen.<\/p>\n<p>&nbsp;<\/p>\n","protected":false},"excerpt":{"rendered":"<div class=\"tmnf_excerpt\"><p>Eichenzell.\u00c2\u00a0Vor 90 Jahren legten 23 M\u00e4nner in Engelhelms den Grundstein f\u00fcr den Chorgesang. Die Loreley wurde gegr\u00fcndet. Dies ist Anlass, eine vor 10 Jahren begonnene Konzertreihe fortzusetzen. War es vor 10 Jahren ein Mitternachtskonzert auf dem Florenberg mit allen Ch\u00f6ren des Florenberger\u00c2\u00a0 Kirchspieles, welches seine Fortsetzung vor 5 Jahren mit einem M\u00e4nnerchorkonzert mit heimischen M\u00e4nnerch\u00f6ren &hellip;<\/p>\n<\/div>","protected":false},"author":1,"featured_media":0,"comment_status":"closed","ping_status":"closed","sticky":false,"template":"","format":"standard","meta":{"footnotes":""},"categories":[1,44,78],"tags":[],"class_list":["post-112967","post","type-post","status-publish","format-standard","hentry","category-startseite","category-kultur","category-topthema"],"_links":{"self":[{"href":"https:\/\/www.fuldaernachrichten.de\/index.php?rest_route=\/wp\/v2\/posts\/112967","targetHints":{"allow":["GET"]}}],"collection":[{"href":"https:\/\/www.fuldaernachrichten.de\/index.php?rest_route=\/wp\/v2\/posts"}],"about":[{"href":"https:\/\/www.fuldaernachrichten.de\/index.php?rest_route=\/wp\/v2\/types\/post"}],"author":[{"embeddable":true,"href":"https:\/\/www.fuldaernachrichten.de\/index.php?rest_route=\/wp\/v2\/users\/1"}],"replies":[{"embeddable":true,"href":"https:\/\/www.fuldaernachrichten.de\/index.php?rest_route=%2Fwp%2Fv2%2Fcomments&post=112967"}],"version-history":[{"count":1,"href":"https:\/\/www.fuldaernachrichten.de\/index.php?rest_route=\/wp\/v2\/posts\/112967\/revisions"}],"predecessor-version":[{"id":112970,"href":"https:\/\/www.fuldaernachrichten.de\/index.php?rest_route=\/wp\/v2\/posts\/112967\/revisions\/112970"}],"wp:attachment":[{"href":"https:\/\/www.fuldaernachrichten.de\/index.php?rest_route=%2Fwp%2Fv2%2Fmedia&parent=112967"}],"wp:term":[{"taxonomy":"category","embeddable":true,"href":"https:\/\/www.fuldaernachrichten.de\/index.php?rest_route=%2Fwp%2Fv2%2Fcategories&post=112967"},{"taxonomy":"post_tag","embeddable":true,"href":"https:\/\/www.fuldaernachrichten.de\/index.php?rest_route=%2Fwp%2Fv2%2Ftags&post=112967"}],"curies":[{"name":"wp","href":"https:\/\/api.w.org\/{rel}","templated":true}]}}