{"id":112913,"date":"2013-08-22T00:09:30","date_gmt":"2013-08-22T00:09:30","guid":{"rendered":"http:\/\/www.fuldaer-nachrichten.de\/?p=112913"},"modified":"2013-08-21T12:10:55","modified_gmt":"2013-08-21T12:10:55","slug":"rhoener-gaerten-zeigen-ihre-vielfalt-tag-der-offenen-gaerten-am-kommenden-sonntag-25-august-von-12-00-uhr-bis-18-00-uhr","status":"publish","type":"post","link":"https:\/\/www.fuldaernachrichten.de\/?p=112913","title":{"rendered":"Rh\u00f6ner G\u00e4rten zeigen ihre Vielfalt &#8211; Tag der offenen G\u00e4rten am kommenden Sonntag, 25. August, von 12.00 Uhr bis 18.00 Uhr"},"content":{"rendered":"<p><img fetchpriority=\"high\" decoding=\"async\" class=\"alignnone size-full wp-image-112915\" alt=\"372-Rh\u00f6ner Gartenverein1\" src=\"http:\/\/www.fuldaer-nachrichten.de\/wp-content\/uploads\/2013\/08\/372-Rh\u00f6ner-Gartenverein11.jpg\" width=\"560\" height=\"427\" \/><\/p>\n<p>Rh\u00f6n. Bevor der Rh\u00f6ner-Garten-Sommer in den n\u00e4chsten Wochen allm\u00e4hlich sein Schauspiel beendet, zeigt sich am n\u00e4chsten Sonntag so mancher Garten im Landkreis Fulda nochmals von seiner sch\u00f6nsten Seite. Der Verein Rh\u00f6ner G\u00e4rten l\u00e4dt alle Gartenliebhaber, Naturfreunde und Interessierte am Sonntag, 25. August, von 12.00 Uhr bis 18.00 Uhr zum Tag der offenen G\u00e4rten ein. Insgesamt werden 15 private Nutz- und Zierg\u00e4rten der Region ihre Besonderheiten und Einzigartigkeiten pr\u00e4sentieren. Umrahmt wird der Aktionstag von Fachvortr\u00e4gen und F\u00fchrungen.<!--more--><\/p>\n<p>Ob frei der Natur \u00fcberlassen oder selbst angelegt &#8211; jeder Garten ist auf seine Art ein Schmuckst\u00fcck und bietet allerhand Vielfalt f\u00fcr Mensch und Tier. Er ist etwas Besonderes, was Sch\u00f6nes und N\u00fctzliches zugleich \u2013 der alte Rh\u00f6ner Bauerngarten mit seinen typischen Merkmalen wie prachtvollen Vorg\u00e4rten, Stauden und Blumen, Obstb\u00e4umen und Beerenstr\u00e4uchern, alten Gem\u00fcsesorten und aromatischen Kr\u00e4utern. Angeordnet in einem Wegkreuz und umrahmt von einem Holzzaun bereichern sie die D\u00f6rfer unserer Heimat.<\/p>\n<p><img decoding=\"async\" class=\"alignleft size-thumbnail wp-image-112916\" alt=\"372-Rh\u00f6ner Gartenverein\" src=\"http:\/\/www.fuldaer-nachrichten.de\/wp-content\/uploads\/2013\/08\/372-Rh\u00f6ner-Gartenverein-265x148.jpg\" width=\"265\" height=\"148\" \/>Erfreulicherweise hat in den vergangenen Jahren die Gartenkultur wieder verst\u00e4rkt zugenommen, was sicherlich auch auf die H\u00e4ufung von Lebensmittelskandalen und die Diskussion um Bio-Produkte zur\u00fcckzuf\u00fchren ist. \u201eDiesen Wandel wollen wir mit der Initiative \u00e2\u20ac\u02dcTag der offenen G\u00e4rten\u00e2\u20ac\u02dc unterst\u00fctzen und den Garten als wertvollen und unersetzbaren Lebensraum in seiner Vielfalt und Urspr\u00fcnglichkeit wieder ins Bewusstsein r\u00fccken\u201c, erkl\u00e4rt Eva-Maria N\u00fcdling-M\u00fcller, die Erste Vorsitzende des Vereins Rh\u00f6ner G\u00e4rten.<\/p>\n<p>Sabine Schneider vom Vereinsvorstand erg\u00e4nzt: \u201eGleichzeitig wollen wir aber auch Anreize schaffen f\u00fcr Menschen, die bereits in den Genuss eines Gartens gekommen sind.\u201c Die Besucher sollen mit ihren unterschiedlichen Gestaltungsideen und ihren pers\u00f6nlichen Schwerpunkten und Erfahrungen zusammengebracht werden, um sich im Gespr\u00e4ch auszutauschen und Anregungen zu erhalten. \u201eDenn ein Garten lebt. Er entwickelt sich \u00fcber Jahre und steht im st\u00e4ndigen Prozess mit der Natur, die letztendlich den Weg weist und eines sensiblen Umgangs bedarf\u201c, f\u00fchren die beiden Gartenliebhaberinnen aus.<\/p>\n<p>Ein besonderes Augenmerk wird in diesem Jahr den Bienen und Imkern gewidmet. Beispielsweise haben sich der Garten der Familie Marth in Tann sowie der Garten von Hannelore Koch in Armenhof bei der Pflanzenwahl ganz auf die Bed\u00fcrfnisse der Bienen und der Imkerei ausgerichtet. Hier werden F\u00fchrungen und Vortr\u00e4ge zum Thema angeboten. Ebenso wie im Naturlehrpfad in Kalbach, der durch das Ehepaar Leinweber von der gleichnamigen Baumschule vorgestellt wird.<\/p>\n<p>Der neu angelegte Poppenhausener Fr\u00fcchtepfad in der N\u00e4he der Kneipp-Anlage stellt ein breites Sortiment von genie\u00df- und verwertbaren Fr\u00fcchten der Rh\u00f6n vor. Fruchtiges Fingerfood sowie ein Fr\u00fcchtequiz tragen zur Unterhaltung bei. Im Schulgarten in Thalau, der \u00fcbrigens vom Verein Rh\u00f6ner Garten urspr\u00fcnglich initiiert wurde, dreht sich alles um die Kr\u00e4uter. F\u00fcr die Kinder gibt es R\u00e4tsel zum Mitmachen.<\/p>\n<p>Auch wenn sich die Gestaltung der G\u00e4rten im Laufe der Zeit gewandelt hat, ihren Zweck und Nutzen haben sie behalten. Egal ob Bauerngarten oder Modegarten, Nutz- oder Ziergarten, ein Garten l\u00e4dt zum Entspannen und Verweilen ein. In ihm kann man Ruhe finden \u2013 Kraft tanken. Freunde treffen, Spielen und Toben, Entdecken und Lernen. Ein Garten bringt reichlich Ernte und allerhand K\u00f6stlichkeiten. Ein Garten macht Arbeit, aber auf eine angenehme Weise. Und wer ihn f\u00fcr sich entdeckt, kann dankbar sein.<\/p>\n<p>Das ausf\u00fchrliche Programm mit allen G\u00e4rten und Informationen ist im Internet zu finden. <a href=\"http:\/\/www.rhoenergaerten.de\" target=\"_blank\"><b>www.rhoenergaerten.de<\/b><\/a><\/p>\n<p>Foto: Die beiden Vorstandsmitglieder des Vereins Rh\u00f6ner G\u00e4rten, Sabine Schneider und Eva-Maria N\u00fcdling-M\u00fcller im Garten in R\u00f6nshausen\u00c2\u00a0 \/ Foto: Sch\u00f6neich<\/p>\n<p><b>Info<\/b><\/p>\n<p>Die nachfolgenden G\u00e4rten beteiligen sich am Aktionstag:<\/p>\n<p><b>Garten Andrea Vogel<\/b><\/p>\n<p>Bachstra\u00dfe 12, 36167 N\u00fcsttal-Mittelaschenbach<\/p>\n<p><b>Garten Inge und Bernhard Marth<\/b><\/p>\n<p>Rh\u00f6nstr.29a, 36142 Tann<\/p>\n<p><b>Garten Hans-Ludwig Orf<\/b><\/p>\n<p>Am See(b) 22, 36142 Tann<\/p>\n<p><b>Garten Michael Brestowsky<\/b><\/p>\n<p>M\u00fcllrain 5, 36129 Gersfeld<\/p>\n<p><b>Garten Christoph und Britta F\u00fcller<\/b><\/p>\n<p>Maiersbach 35a, 36129 Gersfeld-Maiersbach<\/p>\n<p><b>Poppenhauser Fr\u00fcchtepfad\u00c2\u00a0 <\/b><\/p>\n<p>Sebastian-Kneipp-Weg, 36163 Poppenhausen<\/p>\n<p><b>Garten Karin Baier<\/b><\/p>\n<p>Raiffeisenstr.17, 36157 Ebersburg-Schmalnau<\/p>\n<p><b>Schulgarten Grundschule Thalau<\/b><\/p>\n<p>Jakobusstr.1, 36157 Ebersburg-Thalau<\/p>\n<p><b>Garten Sabine Schneider<\/b><\/p>\n<p>Rosenweg 2, 36124 Eichenzell-R\u00f6nshausen<\/p>\n<p><b>Garten Elfriede und Bodo Chrostek\u00c2\u00a0 <\/b><\/p>\n<p>Melters 2, 36124 Eichenzell \u2013Melters<\/p>\n<p><b>Naturlehrpfad Kalbach<\/b><\/p>\n<p>Am Gemeindezentrum<\/p>\n<p>(\u00fcber Fritz-Allard-Str.) 36148 Kalbach<\/p>\n<p><b>Garten Julia Kre\u00df<\/b>\u00c2\u00a0 (rotes Haus)<\/p>\n<p>Wasserkuppenstr. 12, 36124 Eichenzell-Rothemann<\/p>\n<p><b>Garten Brigitte und Oswin R\u00f6\u00dfner <\/b><\/p>\n<p>Wasserkuppenstr.4, 36124 Eichenzell-Rothemann<\/p>\n<p><b>Garten Hannelore Koch<\/b><\/p>\n<p>Am Haunstrauch 21, 36160 Dipperz-Armenhof<\/p>\n<p><b>Garten Else und Alfred Metz<\/b><\/p>\n<p>An der Eller 26,\u00c2\u00a0 36145 Hofbieber<\/p>\n","protected":false},"excerpt":{"rendered":"<div class=\"tmnf_excerpt\"><p>Rh\u00f6n. Bevor der Rh\u00f6ner-Garten-Sommer in den n\u00e4chsten Wochen allm\u00e4hlich sein Schauspiel beendet, zeigt sich am n\u00e4chsten Sonntag so mancher Garten im Landkreis Fulda nochmals von seiner sch\u00f6nsten Seite. Der Verein Rh\u00f6ner G\u00e4rten l\u00e4dt alle Gartenliebhaber, Naturfreunde und Interessierte am Sonntag, 25. August, von 12.00 Uhr bis 18.00 Uhr zum Tag der offenen G\u00e4rten ein. Insgesamt &hellip;<\/p>\n<\/div>","protected":false},"author":1,"featured_media":0,"comment_status":"closed","ping_status":"closed","sticky":false,"template":"","format":"standard","meta":{"footnotes":""},"categories":[1,78,52],"tags":[],"class_list":["post-112913","post","type-post","status-publish","format-standard","hentry","category-startseite","category-topthema","category-umwelt"],"_links":{"self":[{"href":"https:\/\/www.fuldaernachrichten.de\/index.php?rest_route=\/wp\/v2\/posts\/112913","targetHints":{"allow":["GET"]}}],"collection":[{"href":"https:\/\/www.fuldaernachrichten.de\/index.php?rest_route=\/wp\/v2\/posts"}],"about":[{"href":"https:\/\/www.fuldaernachrichten.de\/index.php?rest_route=\/wp\/v2\/types\/post"}],"author":[{"embeddable":true,"href":"https:\/\/www.fuldaernachrichten.de\/index.php?rest_route=\/wp\/v2\/users\/1"}],"replies":[{"embeddable":true,"href":"https:\/\/www.fuldaernachrichten.de\/index.php?rest_route=%2Fwp%2Fv2%2Fcomments&post=112913"}],"version-history":[{"count":1,"href":"https:\/\/www.fuldaernachrichten.de\/index.php?rest_route=\/wp\/v2\/posts\/112913\/revisions"}],"predecessor-version":[{"id":112917,"href":"https:\/\/www.fuldaernachrichten.de\/index.php?rest_route=\/wp\/v2\/posts\/112913\/revisions\/112917"}],"wp:attachment":[{"href":"https:\/\/www.fuldaernachrichten.de\/index.php?rest_route=%2Fwp%2Fv2%2Fmedia&parent=112913"}],"wp:term":[{"taxonomy":"category","embeddable":true,"href":"https:\/\/www.fuldaernachrichten.de\/index.php?rest_route=%2Fwp%2Fv2%2Fcategories&post=112913"},{"taxonomy":"post_tag","embeddable":true,"href":"https:\/\/www.fuldaernachrichten.de\/index.php?rest_route=%2Fwp%2Fv2%2Ftags&post=112913"}],"curies":[{"name":"wp","href":"https:\/\/api.w.org\/{rel}","templated":true}]}}