{"id":112907,"date":"2013-08-21T00:09:36","date_gmt":"2013-08-21T00:09:36","guid":{"rendered":"http:\/\/www.fuldaer-nachrichten.de\/?p=112907"},"modified":"2013-08-21T07:29:02","modified_gmt":"2013-08-21T07:29:02","slug":"rhoenklub-eroeffnet-39-kilometer-langen-wasserkuppenrundweg","status":"publish","type":"post","link":"https:\/\/www.fuldaernachrichten.de\/?p=112907","title":{"rendered":"Rh\u00f6nklub er\u00f6ffnet 39 km langen Wasserkuppenrundweg"},"content":{"rendered":"<p><img fetchpriority=\"high\" decoding=\"async\" class=\"alignnone size-full wp-image-112908\" alt=\"Er\u00f6ffnung_Wasserkuppenrundweg_0813_4\" src=\"http:\/\/www.fuldaer-nachrichten.de\/wp-content\/uploads\/2013\/08\/Er\u00f6ffnung_Wasserkuppenrundweg_0813_4.jpg\" width=\"560\" height=\"341\" \/><\/p>\n<p>Poppenhausen. Die Er\u00f6ffnung des neuen Rundwanderweges, der auf 39 km L\u00e4nge die landschaftlichen H\u00f6hepunkte im Umfeld des h\u00f6chsten Berges der Rh\u00f6ne erschlie\u00dft, fand im Rahmen des K\u00fchlk\u00fcppelfestes\u00c2\u00a0 statt, welches vom Rh\u00f6nklub \u2013 Zweigverein Poppenhausen ausgerichtet wurde.<\/p>\n<p>Der Vorsitzende des Zweigvereins, Manfred Woditschka, konnte bei bestem Wetter unter den zahlreichen G\u00e4sten auch Poppenhausens B\u00fcrgermeister Manfred Helfrich, den Leiter der Hessischen Verwaltungsstelle des Biosph\u00e4renreservats Rh\u00f6n Torsten Raab und den Gesch\u00e4ftsf\u00fchrer der Rh\u00f6n Tourismus &amp; Service GmbH Roland Frormann begr\u00fc\u00dfen.<\/p>\n<p>Nach guter Rh\u00f6nklub-Tradition wurde zuvor bereits ein Teilst\u00fcck des Wasserkuppenrundweges durch Hauptwanderwart Uwe Schleicher und Hauptwegewart Thomas Lemke sowie weitere 20 Wanderer unter die F\u00fc\u00dfe genommen.<\/p>\n<p><img decoding=\"async\" class=\"alignleft size-thumbnail wp-image-112909\" alt=\"Er\u00f6ffnung_Wasserkuppenrundweg_0813_5\" src=\"http:\/\/www.fuldaer-nachrichten.de\/wp-content\/uploads\/2013\/08\/Er\u00f6ffnung_Wasserkuppenrundweg_0813_5-265x171.jpg\" width=\"265\" height=\"171\" \/>Seit dem Jahr 2009 \u00fcberarbeitet der Rh\u00f6nklub schrittweise sein ehemals \u00fcber 6.000km umfassendes Wanderwegenetz. \u201eWir m\u00f6chten das Rh\u00f6nklubwegenetz nachhaltig in seiner Qualit\u00e4t aufwerten und von der Struktur vereinfachen\u201c erkl\u00e4rte Hauptwegewart Thomas Lemke. Nachdem bereits im letzten Jahr der Milseburgweg zwischen Fulda und Meiningen \u00fcberarbeitet und als \u201eQualit\u00e4tsweg Wanderbares Deutschland\u201c ausgezeichnet wurde, gibt es nun mit dem Wasserkuppenrundweg ein weiteres attraktives Angebot f\u00fcr Wanderer.<\/p>\n<p>Die Route des Wasserkuppenrundweges ist dabei allerdings nicht ganz neu. Aus drei bereits existierenden Streckenwanderwegen wurde der Wasserkuppenrundweg gebildet und somit 3 Markierungszeichen durch ein neues ersetzt. \u201eDer Rh\u00f6nklub vermeidet die Neuanlage von Wanderwegen. Stattdessen versuchen wir aus den bestehenden Wanderwegen zeitgem\u00e4\u00dfe Angebote zu schaffen\u201c, betonte Thomas Lemke. \u201eRundwanderwege werden deutlich st\u00e4rker nachgefragt als Streckenwege von A nach B. Dies zeigt sich zum Beispiel eindrucksvoll am Erfolg der Rh\u00f6ner Extratouren\u201c.<\/p>\n<p>F\u00fcr Kurzurlaube von 2 bis 3 Tagen gab es aber bislang keine eigenst\u00e4ndigen Rundwanderwege. Der Wasserkuppenrundweg verbindet mit dem Pferdskopf, dem Guckaisee, der Ruine Ebersburg, dem Wachtk\u00fcppel, dem Himmeldunkberg, dem Roten Moor, der Fuldaquelle und nat\u00fcrlich dem Gipfel der Wasserkuppe viele landschaftliche H\u00f6hepunkte. Zusammen mit den zahlreichen Einkehr- und \u00dcbernachtungsm\u00f6glichkeiten entlang der Strecke und dem wanderfreundlichen Wegeformat ist ein hochattraktiver Wanderweg f\u00fcr alle entstanden, welche die Rh\u00f6n in einer kleinen Auszeit zu Fu\u00df entdecken m\u00f6chten. Das Markierungszeichen ist ein schwarzes \u201eW\u201c.<\/p>\n<p>Neben dem Wasserkuppenrundweg entstehen derzeit noch zwei weitere Rundwanderwege dieser Art \u2013 in der Th\u00fcringer Rh\u00f6n der Feldatalrundweg zwischen Dermbach und Kaltennordheim und der Buchoniarundweg im Bereich der Langen Rh\u00f6n und des oberen Ulstertals. Informationen zum Wasserkuppenrundweg gibt es unter <a href=\"http:\/\/www.rhoenklub.de\">www.rhoenklub.de<\/a> .<\/p>\n","protected":false},"excerpt":{"rendered":"<div class=\"tmnf_excerpt\"><p>Poppenhausen. Die Er\u00f6ffnung des neuen Rundwanderweges, der auf 39 km L\u00e4nge die landschaftlichen H\u00f6hepunkte im Umfeld des h\u00f6chsten Berges der Rh\u00f6ne erschlie\u00dft, fand im Rahmen des K\u00fchlk\u00fcppelfestes\u00c2\u00a0 statt, welches vom Rh\u00f6nklub \u2013 Zweigverein Poppenhausen ausgerichtet wurde. Der Vorsitzende des Zweigvereins, Manfred Woditschka, konnte bei bestem Wetter unter den zahlreichen G\u00e4sten auch Poppenhausens B\u00fcrgermeister Manfred Helfrich, &hellip;<\/p>\n<\/div>","protected":false},"author":1,"featured_media":0,"comment_status":"closed","ping_status":"closed","sticky":false,"template":"","format":"standard","meta":{"footnotes":""},"categories":[1,78,52],"tags":[],"class_list":["post-112907","post","type-post","status-publish","format-standard","hentry","category-startseite","category-topthema","category-umwelt"],"_links":{"self":[{"href":"https:\/\/www.fuldaernachrichten.de\/index.php?rest_route=\/wp\/v2\/posts\/112907","targetHints":{"allow":["GET"]}}],"collection":[{"href":"https:\/\/www.fuldaernachrichten.de\/index.php?rest_route=\/wp\/v2\/posts"}],"about":[{"href":"https:\/\/www.fuldaernachrichten.de\/index.php?rest_route=\/wp\/v2\/types\/post"}],"author":[{"embeddable":true,"href":"https:\/\/www.fuldaernachrichten.de\/index.php?rest_route=\/wp\/v2\/users\/1"}],"replies":[{"embeddable":true,"href":"https:\/\/www.fuldaernachrichten.de\/index.php?rest_route=%2Fwp%2Fv2%2Fcomments&post=112907"}],"version-history":[{"count":3,"href":"https:\/\/www.fuldaernachrichten.de\/index.php?rest_route=\/wp\/v2\/posts\/112907\/revisions"}],"predecessor-version":[{"id":112912,"href":"https:\/\/www.fuldaernachrichten.de\/index.php?rest_route=\/wp\/v2\/posts\/112907\/revisions\/112912"}],"wp:attachment":[{"href":"https:\/\/www.fuldaernachrichten.de\/index.php?rest_route=%2Fwp%2Fv2%2Fmedia&parent=112907"}],"wp:term":[{"taxonomy":"category","embeddable":true,"href":"https:\/\/www.fuldaernachrichten.de\/index.php?rest_route=%2Fwp%2Fv2%2Fcategories&post=112907"},{"taxonomy":"post_tag","embeddable":true,"href":"https:\/\/www.fuldaernachrichten.de\/index.php?rest_route=%2Fwp%2Fv2%2Ftags&post=112907"}],"curies":[{"name":"wp","href":"https:\/\/api.w.org\/{rel}","templated":true}]}}