{"id":1125,"date":"2007-01-26T00:00:23","date_gmt":"2007-01-25T23:00:23","guid":{"rendered":"http:\/\/www.schoene-nachrichten.de\/?p=1125"},"modified":"2007-01-25T22:28:58","modified_gmt":"2007-01-25T21:28:58","slug":"stadt-gibt-tipps-zum-umgang-mit-werbetransparenten","status":"publish","type":"post","link":"https:\/\/www.fuldaernachrichten.de\/?p=1125","title":{"rendered":"Stadt gibt Tipps zum Umgang mit Werbetransparenten"},"content":{"rendered":"<p><strong>Sch\u00f6nes aus Fulda.<\/strong> Nicht immer gr\u00f6\u00dfere, buntere, schrillere Werbung. Die Innenstadt von Fulda ist nicht nur ein Anziehungspunkt f\u00fcr Menschen aus der Region. Die mittelalterlichen Gassen mit ihrer kleinteiligen Bebauung in Kontrast zu den herrschaftlichen Barockgeb\u00e4uden \u00fcbt auf viele Menschen eine faszinierende Wirkung aus. \u201eEin Gut, das es nachhaltig zu sch\u00fctzen und zu entwickeln gilt\u201c, betont Stadtbaur\u00e4tin Cornelia Zuschke Daher hat die Stadt in enger Zusammenarbeit mit den B\u00fcrgern eine Gestaltungssatzung aufgestellt, die diese Werte noch einmal\u00c2\u00a0 benennt und die zum gemeinsamen Schutz aufruft. Diese Satzung hilft der Bauherrschaft bei allen Gestaltungsfragen, so zum Beispiel auch bei der Gestaltung und Anbringung von Werbeanlagen.<\/p>\n<p>\u00c2\u00a0<\/p>\n<p><!--more-->Diese Satzung hat sich bew\u00e4hrt, denn sie l\u00e4sst dem Einzelhandel und den Gewerbetreibenden ausreichende Freiheit um auf sich aufmerksam zu machen und hat gleichzeitig zu einer Harmonisierung der Werbelandschaft und damit zu einer positiven Ver\u00e4nderung im Bewusstsein der Handelnden und Ortsbild gef\u00fchrt.<\/p>\n<p>\u00c2\u00a0<\/p>\n<p>\u201eLeider mussten wir in letzter Zeit feststellen, dass das Stra\u00dfenbild unserer Stadt immer mehr von s.g. Werbetransparenten beherrscht wird\u201c, beklagt Zuschke. Diese Werbeanlagen widersprechen nicht nur der Gestaltungssatzung der Stadt, sonder sie f\u00fchren auch zu einer objektiven, nachhaltigen und nicht akzeptablen Beeintr\u00e4chtigung der Platz- und Stra\u00dfenr\u00e4ume. Nach dem Motto immer gr\u00f6\u00dfer, bunter und schriller versuchen diese Transparente die Aufmerksamkeit auf sich zu ziehen. Dies geschieht auf Kosten der Architektur des Hauses an dem sie angebracht sind, des Denkmalschutzes und der st\u00e4dtebaulichen R\u00e4ume. Wie sollen die Menschen einen individuellen und so ausdrucksstarken Standort wie Fulda erkennen und erleben, wertsch\u00e4tzen und sich wohlf\u00fchlen, wenn gleichmacherische Werbebanner ganze H\u00e4userfronten verdecken und mit einer bunten Scheinwelt \u00fcberdecken. \u201eSch\u00f6ne Geb\u00e4ude und gute Werbung\u201c, so m\u00fcsste der Slogan lauten f\u00fcr eine lebendige Stadt, in der Leben, Tourismus, Kaufen f\u00fcr urbane Werte und lebendige Vielfalt stehen, meint Zuschke.\u00c2\u00a0Deswegen stellt dies insgesamt eine Entwicklung dar, die weder aus Verantwortung f\u00fcr die Stadt noch aus rechtlichen Aspekten toleriert werden kann.<\/p>\n<p>\u00c2\u00a0<\/p>\n<p>Die Stadt bittet daher bis Ende M\u00e4rz die Werbetransparente freiwillig wieder zu entfernen und sich neu am Kontext der Umgebung auszurichten. Soweit hier Beratungsbedarf besteht, hilft das Bauaufsichtsamt der Stadt oder das Stadtplanungsamt mit Unterer Denkmalschutzbeh\u00f6rde gerne weiter.<\/p>\n","protected":false},"excerpt":{"rendered":"<div class=\"tmnf_excerpt\"><p>Sch\u00f6nes aus Fulda. Nicht immer gr\u00f6\u00dfere, buntere, schrillere Werbung. Die Innenstadt von Fulda ist nicht nur ein Anziehungspunkt f\u00fcr Menschen aus der Region. Die mittelalterlichen Gassen mit ihrer kleinteiligen Bebauung in Kontrast zu den herrschaftlichen Barockgeb\u00e4uden \u00fcbt auf viele Menschen eine faszinierende Wirkung aus. \u201eEin Gut, das es nachhaltig zu sch\u00fctzen und zu entwickeln gilt\u201c, &hellip;<\/p>\n<\/div>","protected":false},"author":1,"featured_media":0,"comment_status":"closed","ping_status":"closed","sticky":false,"template":"","format":"standard","meta":{"footnotes":""},"categories":[1],"tags":[],"class_list":["post-1125","post","type-post","status-publish","format-standard","hentry","category-startseite"],"_links":{"self":[{"href":"https:\/\/www.fuldaernachrichten.de\/index.php?rest_route=\/wp\/v2\/posts\/1125","targetHints":{"allow":["GET"]}}],"collection":[{"href":"https:\/\/www.fuldaernachrichten.de\/index.php?rest_route=\/wp\/v2\/posts"}],"about":[{"href":"https:\/\/www.fuldaernachrichten.de\/index.php?rest_route=\/wp\/v2\/types\/post"}],"author":[{"embeddable":true,"href":"https:\/\/www.fuldaernachrichten.de\/index.php?rest_route=\/wp\/v2\/users\/1"}],"replies":[{"embeddable":true,"href":"https:\/\/www.fuldaernachrichten.de\/index.php?rest_route=%2Fwp%2Fv2%2Fcomments&post=1125"}],"version-history":[{"count":0,"href":"https:\/\/www.fuldaernachrichten.de\/index.php?rest_route=\/wp\/v2\/posts\/1125\/revisions"}],"wp:attachment":[{"href":"https:\/\/www.fuldaernachrichten.de\/index.php?rest_route=%2Fwp%2Fv2%2Fmedia&parent=1125"}],"wp:term":[{"taxonomy":"category","embeddable":true,"href":"https:\/\/www.fuldaernachrichten.de\/index.php?rest_route=%2Fwp%2Fv2%2Fcategories&post=1125"},{"taxonomy":"post_tag","embeddable":true,"href":"https:\/\/www.fuldaernachrichten.de\/index.php?rest_route=%2Fwp%2Fv2%2Ftags&post=1125"}],"curies":[{"name":"wp","href":"https:\/\/api.w.org\/{rel}","templated":true}]}}